{"id":48395,"date":"2025-04-11T14:38:10","date_gmt":"2025-04-11T17:38:10","guid":{"rendered":"https:\/\/atecordoba.org\/?p=48395"},"modified":"2025-04-11T19:08:21","modified_gmt":"2025-04-11T22:08:21","slug":"la-paz-ate-mantuvo-una-audiencia-con-la-municipalidad","status":"publish","type":"post","link":"https:\/\/atecordoba.org\/?p=48395","title":{"rendered":"La Paz: ATE mantuvo una audiencia con la Municipalidad"},"content":{"rendered":"<p><img loading=\"lazy\" decoding=\"async\" class=\"aligncenter wp-image-48396 \" src=\"https:\/\/atecordoba.org\/wp-content\/uploads\/2025\/04\/muni-la-paz-1024x576.webp\" alt=\"\" width=\"615\" height=\"346\" \/>Hoy ATE mantuvo una audiencia con el intendente de la Comuna de La Paz, en el Valle de Traslasierra, para abordar la problem\u00e1tica gremial de las y los trabajadores del sector.<\/p>\n<p>En la oportunidad particip\u00f3 el intendente Ram\u00f3n Funes, en tanto por ATE estuvieron presentes las delegadas Noelia Sola, Claudia Ortega y Zulma Pereyra.<\/p>\n<figure id=\"attachment_48397\" aria-describedby=\"caption-attachment-48397\" style=\"width: 456px\" class=\"wp-caption aligncenter\"><img loading=\"lazy\" decoding=\"async\" class=\"wp-image-48397 \" src=\"https:\/\/atecordoba.org\/wp-content\/uploads\/2025\/04\/WhatsApp-Image-2025-04-11-at-13.30.15-576x1024.jpeg\" alt=\"\" width=\"456\" height=\"811\" srcset=\"https:\/\/atecordoba.org\/wp-content\/uploads\/2025\/04\/WhatsApp-Image-2025-04-11-at-13.30.15-576x1024.jpeg 576w, https:\/\/atecordoba.org\/wp-content\/uploads\/2025\/04\/WhatsApp-Image-2025-04-11-at-13.30.15-169x300.jpeg 169w, https:\/\/atecordoba.org\/wp-content\/uploads\/2025\/04\/WhatsApp-Image-2025-04-11-at-13.30.15-768x1365.jpeg 768w, https:\/\/atecordoba.org\/wp-content\/uploads\/2025\/04\/WhatsApp-Image-2025-04-11-at-13.30.15-864x1536.jpeg 864w, https:\/\/atecordoba.org\/wp-content\/uploads\/2025\/04\/WhatsApp-Image-2025-04-11-at-13.30.15-750x1333.jpeg 750w, https:\/\/atecordoba.org\/wp-content\/uploads\/2025\/04\/WhatsApp-Image-2025-04-11-at-13.30.15.jpeg 900w\" sizes=\"auto, (max-width: 456px) 100vw, 456px\" \/><figcaption id=\"caption-attachment-48397\" class=\"wp-caption-text\">Delegadas de ATE con un funcionario municipal, durante al audiencia.<\/figcaption><\/figure>\n<p>El temario que se abord\u00f3 estuvo dirigido a tratar la situaci\u00f3n salarial, la devoluci\u00f3n del descuento compulsivo de la cuota sindical del gremio municipal local a las y los trabajadores que no son afiliados de dicha organizaci\u00f3n, la entrega de mudas de ropa de trabajo, el tratamiento en el Concejo Deliberante del Proyecto de Licencia por Violencia de G\u00e9nero para las trabajadoras municipales, la devoluci\u00f3n del. 33% de recupero de obras sociales a las y los empleados del hospital y la revisi\u00f3n del Estatuto Municipal.<\/p>\n<p>Adem\u00e1s, las partes pactaron una reuni\u00f3n con el director de Salud Municipal para tratar temas puntuales del \u00e1rea.<\/p>\n","protected":false},"excerpt":{"rendered":"<p>Hoy ATE mantuvo una audiencia con el intendente de la Comuna de La Paz, en el Valle de Traslasierra, para abordar la problem\u00e1tica gremial de las y los trabajadores del sector. En la oportunidad particip\u00f3 el intendente Ram\u00f3n Funes, en tanto por ATE estuvieron presentes las delegadas Noelia Sola, Claudia Ortega y Zulma Pereyra. El [&hellip;]<\/p>\n","protected":false},"author":7,"featured_media":48396,"comment_status":"open","ping_status":"open","sticky":false,"template":"","format":"standard","meta":{"_exactmetrics_skip_tracking":false,"_exactmetrics_sitenote_active":false,"_exactmetrics_sitenote_note":"","_exactmetrics_sitenote_category":0,"jnews-multi-image_gallery":[],"jnews_single_post":{"format":"standard","override":[{"template":"1","parallax":"1","fullscreen":"1","layout":"no-sidebar-narrow","sidebar":"default-sidebar","second_sidebar":"default-sidebar","sticky_sidebar":"1","share_position":"bottom","share_float_style":"share-monocrhome","show_share_counter":"1","show_view_counter":"1","show_post_meta":"1","show_post_author_image":"1","show_post_date":"1","post_date_format":"default","post_date_format_custom":"Y\/m\/d","show_post_category":"1","show_post_reading_time":"0","post_reading_time_wpm":"300","post_calculate_word_method":"str_word_count","show_zoom_button":"0","zoom_button_out_step":"2","zoom_button_in_step":"3","show_post_tag":"1","number_popup_post":"1","show_post_related":"1","show_inline_post_related":"0"}],"image_override":[{"single_post_thumbnail_size":"crop-500","single_post_gallery_size":"crop-500"}],"trending_post_position":"meta","trending_post_label":"Trending","sponsored_post_label":"Sponsored by","disable_ad":"0"},"jnews_primary_category":[],"jnews_social_meta":[],"jnews_review":[],"enable_review":"","type":"percentage","name":"","summary":"","brand":"","sku":"","good":[],"bad":[],"score_override":"","override_value":"","rating":[],"price":[],"jnews_override_counter":{"view_counter_number":"0","share_counter_number":"0","like_counter_number":"0","dislike_counter_number":"0"},"jnews_post_split":{"post_split":[{"template":"1","tag":"h2","numbering":"asc","mode":"normal","first":"0","enable_toc":"0","toc_type":"normal"}]},"footnotes":""},"categories":[20],"tags":[1506],"class_list":["post-48395","post","type-post","status-publish","format-standard","has-post-thumbnail","hentry","category-municipales","tag-comuna-de-la-paz"],"jetpack_featured_media_url":"https:\/\/atecordoba.org\/wp-content\/uploads\/2025\/04\/muni-la-paz-e1744393073704.webp","_links":{"self":[{"href":"https:\/\/atecordoba.org\/index.php?rest_route=\/wp\/v2\/posts\/48395","targetHints":{"allow":["GET"]}}],"collection":[{"href":"https:\/\/atecordoba.org\/index.php?rest_route=\/wp\/v2\/posts"}],"about":[{"href":"https:\/\/atecordoba.org\/index.php?rest_route=\/wp\/v2\/types\/post"}],"author":[{"embeddable":true,"href":"https:\/\/atecordoba.org\/index.php?rest_route=\/wp\/v2\/users\/7"}],"replies":[{"embeddable":true,"href":"https:\/\/atecordoba.org\/index.php?rest_route=%2Fwp%2Fv2%2Fcomments&post=48395"}],"version-history":[{"count":2,"href":"https:\/\/atecordoba.org\/index.php?rest_route=\/wp\/v2\/posts\/48395\/revisions"}],"predecessor-version":[{"id":48399,"href":"https:\/\/atecordoba.org\/index.php?rest_route=\/wp\/v2\/posts\/48395\/revisions\/48399"}],"wp:featuredmedia":[{"embeddable":true,"href":"https:\/\/atecordoba.org\/index.php?rest_route=\/wp\/v2\/media\/48396"}],"wp:attachment":[{"href":"https:\/\/atecordoba.org\/index.php?rest_route=%2Fwp%2Fv2%2Fmedia&parent=48395"}],"wp:term":[{"taxonomy":"category","embeddable":true,"href":"https:\/\/atecordoba.org\/index.php?rest_route=%2Fwp%2Fv2%2Fcategories&post=48395"},{"taxonomy":"post_tag","embeddable":true,"href":"https:\/\/atecordoba.org\/index.php?rest_route=%2Fwp%2Fv2%2Ftags&post=48395"}],"curies":[{"name":"wp","href":"https:\/\/api.w.org\/{rel}","templated":true}]}}