{"id":48387,"date":"2025-04-11T14:10:12","date_gmt":"2025-04-11T17:10:12","guid":{"rendered":"https:\/\/atecordoba.org\/?p=48387"},"modified":"2025-04-11T14:14:28","modified_gmt":"2025-04-11T17:14:28","slug":"ate-rechaza-la-paritaria-nacional-no-somos-complices-de-la-miseria-planificada","status":"publish","type":"post","link":"https:\/\/atecordoba.org\/?p=48387","title":{"rendered":"ATE rechaza la paritaria nacional: &#8220;No somos c\u00f3mplices de la miseria planificada&#8221;"},"content":{"rendered":"<p><img loading=\"lazy\" decoding=\"async\" class=\"aligncenter wp-image-48389 \" src=\"https:\/\/atecordoba.org\/wp-content\/uploads\/2025\/04\/WhatsApp-Image-2025-04-11-at-13.07.49-819x1024.jpeg\" alt=\"\" width=\"628\" height=\"785\" srcset=\"https:\/\/atecordoba.org\/wp-content\/uploads\/2025\/04\/WhatsApp-Image-2025-04-11-at-13.07.49-819x1024.jpeg 819w, https:\/\/atecordoba.org\/wp-content\/uploads\/2025\/04\/WhatsApp-Image-2025-04-11-at-13.07.49-240x300.jpeg 240w, https:\/\/atecordoba.org\/wp-content\/uploads\/2025\/04\/WhatsApp-Image-2025-04-11-at-13.07.49-768x960.jpeg 768w, https:\/\/atecordoba.org\/wp-content\/uploads\/2025\/04\/WhatsApp-Image-2025-04-11-at-13.07.49-750x938.jpeg 750w, https:\/\/atecordoba.org\/wp-content\/uploads\/2025\/04\/WhatsApp-Image-2025-04-11-at-13.07.49.jpeg 1080w\" sizes=\"auto, (max-width: 628px) 100vw, 628px\" \/><\/p>\n<p>ATE rechaz\u00f3 un nuevo ofrecimiento del Gobierno por debajo de la inflaci\u00f3n: se trata de tres aumentos consecutivos de 1,3% acumulativos para los meses de marzo, abril y mayo. Adem\u00e1s, un bono de $45.000 por \u00fanica vez a liquidar con los haberes de mayo. \u201cEs una verg\u00fcenza, hoy no alcanza ni para un tanque de nafta ni media factura de luz, y que reci\u00e9n se va a cobrar en junio\u201d, asever\u00f3 Rodolfo Aguiar, Secretario General del sindicato.<\/p>\n<p>\u201cEn el Estado le prestan un ratito la motosierra a un gremialista para poder arruinarnos. Debiera estar prohibido por ley firmar aumentos que se ubiquen por debajo de la inflaci\u00f3n. No puede ser que sigan firmando el 1% mensual. Es indigno\u201d, sentenci\u00f3 el dirigente en referencia a la aceptaci\u00f3n del ofrecimiento por parte del otro gremio participante de la paritaria (UPCN).<\/p>\n<p>\u201cEste Gobierno ha destrozado los ingresos en el sector p\u00fablico. Con el ajuste de salarios y jubilaciones ha decidido compensar el costo fiscal que implica bajarle los impuestos a los ricos\u201d, indic\u00f3 Rodolfo Aguiar.<\/p>\n<p>En esta l\u00ednea, el Secretario General de ATE concluy\u00f3: \u201cTerminan de aniquilar el derecho a una retribuci\u00f3n justa. Desde la paritaria estatal se ejerce violencia. El recorte es tan grande que los ingresos ya no alcanzan ni siquiera para garantizar una vivienda digna, alimentaci\u00f3n y vestimenta. La conflictividad seguir\u00e1 creciendo en el Estado y est\u00e1 claro que no es por nuestra responsabilidad\u201d.<\/p>\n<p>Por su parte, la Secretaria Adjunta de ATE Nacional, Mercedes Cabezas, apunt\u00f3: \u00abLa paritaria es una provocaci\u00f3n m\u00e1s de este Gobierno a avanzar en contra de los canales democr\u00e1ticos, deliberativos y fundamentalmente de debate que los trabajadores y trabajadoras del Estado hemos construido durante un mont\u00f3n de tiempo, que nos permiten mejorar y recomponer nuestro salario\u00bb.<img loading=\"lazy\" decoding=\"async\" class=\"aligncenter wp-image-48388 \" src=\"https:\/\/atecordoba.org\/wp-content\/uploads\/2025\/04\/paritaria-nacional-2025-1024x768.webp\" alt=\"\" width=\"623\" height=\"468\" srcset=\"https:\/\/atecordoba.org\/wp-content\/uploads\/2025\/04\/paritaria-nacional-2025-1024x768.webp 1024w, https:\/\/atecordoba.org\/wp-content\/uploads\/2025\/04\/paritaria-nacional-2025-300x225.webp 300w, https:\/\/atecordoba.org\/wp-content\/uploads\/2025\/04\/paritaria-nacional-2025-768x576.webp 768w, https:\/\/atecordoba.org\/wp-content\/uploads\/2025\/04\/paritaria-nacional-2025-750x563.webp 750w, https:\/\/atecordoba.org\/wp-content\/uploads\/2025\/04\/paritaria-nacional-2025-1140x855.webp 1140w, https:\/\/atecordoba.org\/wp-content\/uploads\/2025\/04\/paritaria-nacional-2025.webp 1536w\" sizes=\"auto, (max-width: 623px) 100vw, 623px\" \/><\/p>\n<p>\u00abHemos rechazado esta paritaria entendiendo que no llega ni siquiera al piso inflacionario que vamos a tener en los pr\u00f3ximos meses y que venimos teniendo, pero que adem\u00e1s en breve va a haber una aceleraci\u00f3n de la inflaci\u00f3n que probablemente nos deje en peores condiciones de las que estamos. Los trabajadores y trabajadoras del Estado venimos depreciando nuestro salario en base a lo que es la inflaci\u00f3n de diciembre del a\u00f1o del a\u00f1o pasado y los primeros meses de este a\u00f1o. Es probable que este plan econ\u00f3mico llegue a niveles inflacionarios m\u00e1s altos y nos parece una burla que intenten llevar adelante una negociaci\u00f3n paritaria con una propuesta de semejantes caracter\u00edsticas\u00bb, concluy\u00f3 la dirigente.<\/p>\n<p>Cabe recordar que la paritaria de la Administraci\u00f3n P\u00fablica Nacional (CCT 214\/06) abarca el periodo desde junio 2024 a mayo 2025. En ese periodo, el aumento alcanz\u00f3 apenas un 20,8%, mientras que la inflaci\u00f3n (a\u00fan sin conocer los \u00faltimos tres meses de ese lapso) ya super\u00f3 el 32,6%.<\/p>\n<p>Ante este nuevo \u201chachazo\u201d al salario estatal, como definieron desde ATE, el sindicato reunir\u00e1 a su Secretariado Ampliado la pr\u00f3xima semana para analizar el plan de acci\u00f3n.<\/p>\n","protected":false},"excerpt":{"rendered":"<p>ATE rechaz\u00f3 un nuevo ofrecimiento del Gobierno por debajo de la inflaci\u00f3n: se trata de tres aumentos consecutivos de 1,3% acumulativos para los meses de marzo, abril y mayo. Adem\u00e1s, un bono de $45.000 por \u00fanica vez a liquidar con los haberes de mayo. \u201cEs una verg\u00fcenza, hoy no alcanza ni para un tanque de [&hellip;]<\/p>\n","protected":false},"author":7,"featured_media":48393,"comment_status":"open","ping_status":"open","sticky":false,"template":"","format":"standard","meta":{"_exactmetrics_skip_tracking":false,"_exactmetrics_sitenote_active":false,"_exactmetrics_sitenote_note":"","_exactmetrics_sitenote_category":0,"jnews-multi-image_gallery":[],"jnews_single_post":{"format":"standard","override":[{"template":"1","parallax":"1","fullscreen":"1","layout":"no-sidebar-narrow","sidebar":"default-sidebar","second_sidebar":"default-sidebar","sticky_sidebar":"1","share_position":"bottom","share_float_style":"share-monocrhome","show_share_counter":"1","show_view_counter":"1","show_post_meta":"1","show_post_author_image":"1","show_post_date":"1","post_date_format":"default","post_date_format_custom":"Y\/m\/d","show_post_category":"1","show_post_reading_time":"0","post_reading_time_wpm":"300","post_calculate_word_method":"str_word_count","show_zoom_button":"0","zoom_button_out_step":"2","zoom_button_in_step":"3","show_post_tag":"1","number_popup_post":"1","show_post_related":"1","show_inline_post_related":"0"}],"image_override":[{"single_post_thumbnail_size":"crop-500","single_post_gallery_size":"crop-500"}],"trending_post_position":"meta","trending_post_label":"Trending","sponsored_post_label":"Sponsored by","disable_ad":"0"},"jnews_primary_category":[],"jnews_social_meta":[],"jnews_review":[],"enable_review":"","type":"percentage","name":"","summary":"","brand":"","sku":"","good":[],"bad":[],"score_override":"","override_value":"","rating":[],"price":[],"jnews_override_counter":{"view_counter_number":"0","share_counter_number":"0","like_counter_number":"0","dislike_counter_number":"0"},"jnews_post_split":{"post_split":[{"template":"1","tag":"h2","numbering":"asc","mode":"normal","first":"0","enable_toc":"0","toc_type":"normal"}]},"footnotes":""},"categories":[18],"tags":[339],"class_list":["post-48387","post","type-post","status-publish","format-standard","has-post-thumbnail","hentry","category-nacionales","tag-paritaria-nacional"],"jetpack_featured_media_url":"https:\/\/atecordoba.org\/wp-content\/uploads\/2025\/04\/WhatsApp-Image-2025-04-11-at-13.07.49-2.jpeg","_links":{"self":[{"href":"https:\/\/atecordoba.org\/index.php?rest_route=\/wp\/v2\/posts\/48387","targetHints":{"allow":["GET"]}}],"collection":[{"href":"https:\/\/atecordoba.org\/index.php?rest_route=\/wp\/v2\/posts"}],"about":[{"href":"https:\/\/atecordoba.org\/index.php?rest_route=\/wp\/v2\/types\/post"}],"author":[{"embeddable":true,"href":"https:\/\/atecordoba.org\/index.php?rest_route=\/wp\/v2\/users\/7"}],"replies":[{"embeddable":true,"href":"https:\/\/atecordoba.org\/index.php?rest_route=%2Fwp%2Fv2%2Fcomments&post=48387"}],"version-history":[{"count":1,"href":"https:\/\/atecordoba.org\/index.php?rest_route=\/wp\/v2\/posts\/48387\/revisions"}],"predecessor-version":[{"id":48391,"href":"https:\/\/atecordoba.org\/index.php?rest_route=\/wp\/v2\/posts\/48387\/revisions\/48391"}],"wp:featuredmedia":[{"embeddable":true,"href":"https:\/\/atecordoba.org\/index.php?rest_route=\/wp\/v2\/media\/48393"}],"wp:attachment":[{"href":"https:\/\/atecordoba.org\/index.php?rest_route=%2Fwp%2Fv2%2Fmedia&parent=48387"}],"wp:term":[{"taxonomy":"category","embeddable":true,"href":"https:\/\/atecordoba.org\/index.php?rest_route=%2Fwp%2Fv2%2Fcategories&post=48387"},{"taxonomy":"post_tag","embeddable":true,"href":"https:\/\/atecordoba.org\/index.php?rest_route=%2Fwp%2Fv2%2Ftags&post=48387"}],"curies":[{"name":"wp","href":"https:\/\/api.w.org\/{rel}","templated":true}]}}