{"id":48381,"date":"2025-04-11T13:56:06","date_gmt":"2025-04-11T16:56:06","guid":{"rendered":"https:\/\/atecordoba.org\/?p=48381"},"modified":"2025-04-11T13:57:11","modified_gmt":"2025-04-11T16:57:11","slug":"conae-conversatorio-sobre-ciencia-y-tecnologia-en-famaf","status":"publish","type":"post","link":"https:\/\/atecordoba.org\/?p=48381","title":{"rendered":"Conversatorio sobre Ciencia y Tecnolog\u00eda en FAMAF"},"content":{"rendered":"<p><img loading=\"lazy\" decoding=\"async\" class=\"aligncenter wp-image-48382 \" src=\"https:\/\/atecordoba.org\/wp-content\/uploads\/2025\/04\/WhatsApp-Image-2025-04-10-at-20.45.19-1024x1024.jpeg\" alt=\"\" width=\"610\" height=\"610\" srcset=\"https:\/\/atecordoba.org\/wp-content\/uploads\/2025\/04\/WhatsApp-Image-2025-04-10-at-20.45.19-1024x1024.jpeg 1024w, https:\/\/atecordoba.org\/wp-content\/uploads\/2025\/04\/WhatsApp-Image-2025-04-10-at-20.45.19-300x300.jpeg 300w, https:\/\/atecordoba.org\/wp-content\/uploads\/2025\/04\/WhatsApp-Image-2025-04-10-at-20.45.19-150x150.jpeg 150w, https:\/\/atecordoba.org\/wp-content\/uploads\/2025\/04\/WhatsApp-Image-2025-04-10-at-20.45.19-768x768.jpeg 768w, https:\/\/atecordoba.org\/wp-content\/uploads\/2025\/04\/WhatsApp-Image-2025-04-10-at-20.45.19-560x560.jpeg 560w, https:\/\/atecordoba.org\/wp-content\/uploads\/2025\/04\/WhatsApp-Image-2025-04-10-at-20.45.19-75x75.jpeg 75w, https:\/\/atecordoba.org\/wp-content\/uploads\/2025\/04\/WhatsApp-Image-2025-04-10-at-20.45.19-350x350.jpeg 350w, https:\/\/atecordoba.org\/wp-content\/uploads\/2025\/04\/WhatsApp-Image-2025-04-10-at-20.45.19-750x750.jpeg 750w, https:\/\/atecordoba.org\/wp-content\/uploads\/2025\/04\/WhatsApp-Image-2025-04-10-at-20.45.19.jpeg 1080w\" sizes=\"auto, (max-width: 610px) 100vw, 610px\" \/>La Mesa Sindical de Ciencia y T\u00e9cnica organiza el conversatorio &#8220;\u00bfY ahora qu\u00e9 hacemos con la Ciencia y la Tecnolog\u00eda?&#8221;, apuntado a construir un diagn\u00f3stico del estado del sector.<\/p>\n<p>La actividad se llevar\u00e1 a cabo el pr\u00f3ximo lunes 14 de abril, a las 10.30 horas, en el Aula Magma de la Facultad de Matem\u00e1tica, Astronom\u00eda y F\u00edsica (FAMAF), de la UNC.<\/p>\n<p>La Mesa de Ciencia Y T\u00e9cnica est\u00e1 compuesta por ATE CONEA, ATE CONICET, ATE VENG, ATE INTI, ATE DIOXITEK, ADIUC Y APINTA (gremio de INTA seccional Manfredi).<\/p>\n<p>En la oportunidad ser\u00e1n panelistas profesionales de dilatada trayectoria como la doctora de CONICET M\u00f3nica Balzarini, el paritario nacional Flavio Vergara, el diputado nacional y reconocido sanitarista Daniel Gollan y el f\u00edsico y especialista en historia de la ciencia y la tecnolog\u00eda argentina Diego Hurtado.<\/p>\n<p>Coordinar\u00e1 la charla abierta Valeria Plaza.<\/p>\n","protected":false},"excerpt":{"rendered":"<p>La Mesa Sindical de Ciencia y T\u00e9cnica organiza el conversatorio &#8220;\u00bfY ahora qu\u00e9 hacemos con la Ciencia y la Tecnolog\u00eda?&#8221;, apuntado a construir un diagn\u00f3stico del estado del sector. La actividad se llevar\u00e1 a cabo el pr\u00f3ximo lunes 14 de abril, a las 10.30 horas, en el Aula Magma de la Facultad de Matem\u00e1tica, Astronom\u00eda [&hellip;]<\/p>\n","protected":false},"author":7,"featured_media":48383,"comment_status":"open","ping_status":"open","sticky":false,"template":"","format":"standard","meta":{"_exactmetrics_skip_tracking":false,"_exactmetrics_sitenote_active":false,"_exactmetrics_sitenote_note":"","_exactmetrics_sitenote_category":0,"jnews-multi-image_gallery":[],"jnews_single_post":{"format":"standard","override":[{"template":"1","parallax":"1","fullscreen":"1","layout":"no-sidebar-narrow","sidebar":"default-sidebar","second_sidebar":"default-sidebar","sticky_sidebar":"1","share_position":"bottom","share_float_style":"share-monocrhome","show_share_counter":"1","show_view_counter":"1","show_post_meta":"1","show_post_author_image":"1","show_post_date":"1","post_date_format":"default","post_date_format_custom":"Y\/m\/d","show_post_category":"1","show_post_reading_time":"0","post_reading_time_wpm":"300","post_calculate_word_method":"str_word_count","show_zoom_button":"0","zoom_button_out_step":"2","zoom_button_in_step":"3","show_post_tag":"1","number_popup_post":"1","show_post_related":"1","show_inline_post_related":"0"}],"image_override":[{"single_post_thumbnail_size":"crop-500","single_post_gallery_size":"crop-500"}],"trending_post_position":"meta","trending_post_label":"Trending","sponsored_post_label":"Sponsored by","disable_ad":"0"},"jnews_primary_category":[],"jnews_social_meta":[],"jnews_review":[],"enable_review":"","type":"percentage","name":"","summary":"","brand":"","sku":"","good":[],"bad":[],"score_override":"","override_value":"","rating":[],"price":[],"jnews_override_counter":{"view_counter_number":"0","share_counter_number":"0","like_counter_number":"0","dislike_counter_number":"0"},"jnews_post_split":{"post_split":[{"template":"1","tag":"h2","numbering":"asc","mode":"normal","first":"0","enable_toc":"0","toc_type":"normal"}]},"footnotes":""},"categories":[10],"tags":[],"class_list":["post-48381","post","type-post","status-publish","format-standard","has-post-thumbnail","hentry","category-accion-politica"],"jetpack_featured_media_url":"https:\/\/atecordoba.org\/wp-content\/uploads\/2025\/04\/mesa-ciencia-y-tecnica.jpeg","_links":{"self":[{"href":"https:\/\/atecordoba.org\/index.php?rest_route=\/wp\/v2\/posts\/48381","targetHints":{"allow":["GET"]}}],"collection":[{"href":"https:\/\/atecordoba.org\/index.php?rest_route=\/wp\/v2\/posts"}],"about":[{"href":"https:\/\/atecordoba.org\/index.php?rest_route=\/wp\/v2\/types\/post"}],"author":[{"embeddable":true,"href":"https:\/\/atecordoba.org\/index.php?rest_route=\/wp\/v2\/users\/7"}],"replies":[{"embeddable":true,"href":"https:\/\/atecordoba.org\/index.php?rest_route=%2Fwp%2Fv2%2Fcomments&post=48381"}],"version-history":[{"count":2,"href":"https:\/\/atecordoba.org\/index.php?rest_route=\/wp\/v2\/posts\/48381\/revisions"}],"predecessor-version":[{"id":48385,"href":"https:\/\/atecordoba.org\/index.php?rest_route=\/wp\/v2\/posts\/48381\/revisions\/48385"}],"wp:featuredmedia":[{"embeddable":true,"href":"https:\/\/atecordoba.org\/index.php?rest_route=\/wp\/v2\/media\/48383"}],"wp:attachment":[{"href":"https:\/\/atecordoba.org\/index.php?rest_route=%2Fwp%2Fv2%2Fmedia&parent=48381"}],"wp:term":[{"taxonomy":"category","embeddable":true,"href":"https:\/\/atecordoba.org\/index.php?rest_route=%2Fwp%2Fv2%2Fcategories&post=48381"},{"taxonomy":"post_tag","embeddable":true,"href":"https:\/\/atecordoba.org\/index.php?rest_route=%2Fwp%2Fv2%2Ftags&post=48381"}],"curies":[{"name":"wp","href":"https:\/\/api.w.org\/{rel}","templated":true}]}}