{"id":48366,"date":"2025-04-11T11:25:01","date_gmt":"2025-04-11T14:25:01","guid":{"rendered":"https:\/\/atecordoba.org\/?p=48366"},"modified":"2025-04-11T11:25:01","modified_gmt":"2025-04-11T14:25:01","slug":"de-recorrida-por-los-municipios-del-este-y-el-oeste-provincial-ate-hace-valer-los-derechos-de-las-y-los-municipales-cordobeses","status":"publish","type":"post","link":"https:\/\/atecordoba.org\/?p=48366","title":{"rendered":"De recorrida por los municipios del este y el oeste provincial, ATE hace valer los derechos de las y los municipales cordobeses"},"content":{"rendered":"<p><img loading=\"lazy\" decoding=\"async\" class=\"aligncenter wp-image-48367 \" src=\"https:\/\/atecordoba.org\/wp-content\/uploads\/2025\/04\/rio-1.jpg\" alt=\"\" width=\"647\" height=\"364\" srcset=\"https:\/\/atecordoba.org\/wp-content\/uploads\/2025\/04\/rio-1.jpg 960w, https:\/\/atecordoba.org\/wp-content\/uploads\/2025\/04\/rio-1-300x169.jpg 300w, https:\/\/atecordoba.org\/wp-content\/uploads\/2025\/04\/rio-1-768x432.jpg 768w, https:\/\/atecordoba.org\/wp-content\/uploads\/2025\/04\/rio-1-750x422.jpg 750w\" sizes=\"auto, (max-width: 647px) 100vw, 647px\" \/>El importante crecimiento de ATE C\u00f3rdoba entre las y los municipales del interior provincial se ve fortificado por la presencia de la conducci\u00f3n en distintas localidades del este y el oeste cordob\u00e9s, as\u00ed como en el Gran C\u00f3rdoba.<\/p>\n<p>As\u00ed fue confirmado ayer con una recorrida del Consejo Directivo Provincial (CDP) donde se destac\u00f3 la presencia de nuestro secretario General, Federico Giuliani, en R\u00edo Primero y Tr\u00e1nsito, donde se alcanzaron acuerdos con los departamentos ejecutivos municipales, que lograron avanzar en la resoluci\u00f3n de conflictos y la firma de paritarias en beneficio de las y los municipales de dichas localidades.<\/p>\n<p>De la misma forma, integrantes del CDP visitaron ayer las localidades de Traslasierra como Mina Clavero, Salsacate, Villa Cura Brochero y Los Hornillos.<\/p>\n<p>En tanto, m\u00e1s dirigentes de conducci\u00f3n provincial estuvieron presentes en la Municipalidad de Sald\u00e1n.<\/p>\n<p>De esta manera, ATE consolida su posici\u00f3n como el gremio de las y los municipales del interior, mejorando salarios y condiciones de trabajo, al tiempo que garantiza las capacidad del contar con una representaci\u00f3n sindical que goza el personal, haciendo valer los derechos del sector.<\/p>\n<p><strong>Audiencia en R\u00edo Primero<\/strong><\/p>\n<p>En la localidad de R\u00edo Primero se llev\u00f3 adelante la audiencia paritaria, con la participaci\u00f3n del secretario General de ATE C\u00f3rdoba, Federico Giuliani, donde se resolvi\u00f3 aceptar la oferta oficial de acompa\u00f1ar la inflaci\u00f3n por IPC\u00a0 para los meses de abril, mayo y junio, m\u00e1s la puesta en marcha de una mesa t\u00e9cnica para los primeros d\u00edas de mayo, donde se abordar\u00e1 la recategorizaci\u00f3n y pase a planta, entre otros temas.<\/p>\n<div id='gallery_1' class='gallery galleryid-48366 gallery-columns-3 gallery-size-thumbnail'><figure class='gallery-item'>\n                <div class='gallery-icon landscape'>\n                    <a href='https:\/\/atecordoba.org\/wp-content\/uploads\/2025\/04\/rio-1-2.jpg'><img loading=\"lazy\" decoding=\"async\" width=\"150\" height=\"150\" src=\"\" class=\"attachment-thumbnail size-thumbnail lazyload\" alt=\"\" data-src=\"https:\/\/atecordoba.org\/wp-content\/uploads\/2025\/04\/rio-1-2-150x150.jpg\" data-sizes=\"auto\" data-srcset=\"https:\/\/atecordoba.org\/wp-content\/uploads\/2025\/04\/rio-1-2-150x150.jpg 150w, https:\/\/atecordoba.org\/wp-content\/uploads\/2025\/04\/rio-1-2-75x75.jpg 75w, https:\/\/atecordoba.org\/wp-content\/uploads\/2025\/04\/rio-1-2-350x350.jpg 350w\" data-expand=\"700\" \/><\/a>\n                <\/div><\/figure><figure class='gallery-item'>\n                <div class='gallery-icon landscape'>\n                    <a href='https:\/\/atecordoba.org\/wp-content\/uploads\/2025\/04\/rio-1-3.jpg'><img loading=\"lazy\" decoding=\"async\" width=\"150\" height=\"150\" src=\"\" class=\"attachment-thumbnail size-thumbnail lazyload\" alt=\"\" data-src=\"https:\/\/atecordoba.org\/wp-content\/uploads\/2025\/04\/rio-1-3-150x150.jpg\" data-sizes=\"auto\" data-srcset=\"https:\/\/atecordoba.org\/wp-content\/uploads\/2025\/04\/rio-1-3-150x150.jpg 150w, https:\/\/atecordoba.org\/wp-content\/uploads\/2025\/04\/rio-1-3-75x75.jpg 75w, https:\/\/atecordoba.org\/wp-content\/uploads\/2025\/04\/rio-1-3-350x350.jpg 350w\" data-expand=\"700\" \/><\/a>\n                <\/div><\/figure><figure class='gallery-item'>\n                <div class='gallery-icon landscape'>\n                    <a href='https:\/\/atecordoba.org\/wp-content\/uploads\/2025\/04\/rio-1-43.jpg'><img loading=\"lazy\" decoding=\"async\" width=\"150\" height=\"150\" src=\"\" class=\"attachment-thumbnail size-thumbnail lazyload\" alt=\"\" data-src=\"https:\/\/atecordoba.org\/wp-content\/uploads\/2025\/04\/rio-1-43-150x150.jpg\" data-sizes=\"auto\" data-srcset=\"https:\/\/atecordoba.org\/wp-content\/uploads\/2025\/04\/rio-1-43-150x150.jpg 150w, https:\/\/atecordoba.org\/wp-content\/uploads\/2025\/04\/rio-1-43-75x75.jpg 75w, https:\/\/atecordoba.org\/wp-content\/uploads\/2025\/04\/rio-1-43-350x350.jpg 350w\" data-expand=\"700\" \/><\/a>\n                <\/div><\/figure><br style=\"clear: both\" \/>\n            <\/div>\n\n<p>Previamente, en asamblea realizada en el Corral\u00f3n Municipal la propuesta fue aprobada por amplia mayor\u00eda., valorando que en el primer trimestre se logro un 20%.<\/p>\n<p>Vale mencionar que a partir del ejercicio de representaci\u00f3n de ATE en 2024 se lograron los siguientes avances:<\/p>\n<ul>\n<li>Paritarias 2024: 170% acumulativo.<\/li>\n<li>Primer trimestre 2025 20% acumulativo.<\/li>\n<li>Insalubridad 15% del b\u00e1sico.<\/li>\n<li>Presentismo 8% del b\u00e1sico.<\/li>\n<li>Puntualidad 8% del b\u00e1sico.<\/li>\n<li>Refrigerio $10.000<\/li>\n<li>Licencias anuales d\u00edas h\u00e1biles.<\/li>\n<li>Presentaci\u00f3n del<\/li>\n<li>Segundo trimestre 2025 acompa\u00f1amiento de inflaci\u00f3n por IPC.<\/li>\n<li>Mesa de relaciones laborales.<\/li>\n<\/ul>\n<p>Esto supone una fuerte mejora respecto a los a\u00f1os anteriores, a saber:<\/p>\n<ul>\n<li>Insalubridad NO.<\/li>\n<li>Presentismo NO.<\/li>\n<li>Puntualidad NO.<\/li>\n<li>Refrigerio $76,83.<\/li>\n<li>Licencias anuales de d\u00edas corridos.<\/li>\n<\/ul>\n<p>Con trabajo, convicci\u00f3n y confianza en la capacidad organizativa de las y los municipales de la localidad, ATE logr\u00f3 importantes mejoras laborales, con una perspectiva de sucesivos avances para el segundo semestre de 2025.<\/p>\n<p><strong>Tr\u00e1nsito<\/strong><\/p>\n<p><img loading=\"lazy\" decoding=\"async\" class=\"aligncenter wp-image-48371 \" src=\"https:\/\/atecordoba.org\/wp-content\/uploads\/2025\/04\/transito.jpg\" alt=\"\" width=\"605\" height=\"456\" \/><\/p>\n<p>Seguidamente ATE llev\u00f3 a cabo la audiencia paritaria en la localidad de Tr\u00e1nsito. Con la presencia de nuestro secretario General, se logr\u00f3 un acuerdo salarial que consiste en un incremento de haberes no remunerativo y acumulativo sobre el b\u00e1sico de cada mes de 5% para abril y mayo, en tanto la mejora de los sueldos ser\u00e1 del 4% en junio. Incorporando el total del trimestre mencionado al salario b\u00e1sico en el mes de julio.<\/p>\n<div id='gallery_2' class='gallery galleryid-48366 gallery-columns-2 gallery-size-thumbnail'><figure class='gallery-item'>\n                <div class='gallery-icon portrait'>\n                    <a href='https:\/\/atecordoba.org\/wp-content\/uploads\/2025\/04\/transito2.jpg'><img loading=\"lazy\" decoding=\"async\" width=\"150\" height=\"150\" src=\"\" class=\"attachment-thumbnail size-thumbnail lazyload\" alt=\"\" data-src=\"https:\/\/atecordoba.org\/wp-content\/uploads\/2025\/04\/transito2-150x150.jpg\" data-sizes=\"auto\" data-srcset=\"https:\/\/atecordoba.org\/wp-content\/uploads\/2025\/04\/transito2-150x150.jpg 150w, https:\/\/atecordoba.org\/wp-content\/uploads\/2025\/04\/transito2-560x560.jpg 560w, https:\/\/atecordoba.org\/wp-content\/uploads\/2025\/04\/transito2-75x75.jpg 75w, https:\/\/atecordoba.org\/wp-content\/uploads\/2025\/04\/transito2-350x350.jpg 350w\" data-expand=\"700\" \/><\/a>\n                <\/div><\/figure><figure class='gallery-item'>\n                <div class='gallery-icon landscape'>\n                    <a href='https:\/\/atecordoba.org\/wp-content\/uploads\/2025\/04\/transito3.jpg'><img loading=\"lazy\" decoding=\"async\" width=\"150\" height=\"150\" src=\"\" class=\"attachment-thumbnail size-thumbnail lazyload\" alt=\"\" data-src=\"https:\/\/atecordoba.org\/wp-content\/uploads\/2025\/04\/transito3-150x150.jpg\" data-sizes=\"auto\" data-srcset=\"https:\/\/atecordoba.org\/wp-content\/uploads\/2025\/04\/transito3-150x150.jpg 150w, https:\/\/atecordoba.org\/wp-content\/uploads\/2025\/04\/transito3-560x560.jpg 560w, https:\/\/atecordoba.org\/wp-content\/uploads\/2025\/04\/transito3-75x75.jpg 75w, https:\/\/atecordoba.org\/wp-content\/uploads\/2025\/04\/transito3-350x350.jpg 350w\" data-expand=\"700\" \/><\/a>\n                <\/div><\/figure><br style=\"clear: both\" \/>\n            <\/div>\n\n<p>Estuvieron presentes el Intendente Ing. Fabi\u00e1n Violo, el Secretario de Gobierno Jonathan Bernardi, el secretario General de ATE Federico Giuliani, el secretario gremial Jorge Chalup y las delegadas Natalia Ag\u00fcero, Fabiana Carrizo y Alejandra Boccardi.<\/p>\n<p>Se acord\u00f3 un aumento no remunerativo acumulativo sobre el b\u00e1sico de cada mes de 5% para abril, 5% mayo, 4%junio, todo lo cual ser\u00e1 incorporando al salario b\u00e1sico en el mes de julio.<\/p>\n<p><strong>Mina Clavero y Comuna Arroyo de Los Patos<\/strong><\/p>\n<p>ATE mantuvo una reuni\u00f3n en el Consejo Deliberante de Mina Clavero el presidente del cuerpo, Hern\u00e1n Esteban, y su vicepresidenta, Agustina C\u00e1ceres Cuellar.<\/p>\n<p>Por nuestra organizaci\u00f3n participaron la secretaria de Prensa, Julia Giuliani, el secretario de Organizaci\u00f3n, Javier Bracamonte y la integrante del CDP, Milagros Sozzi.<img loading=\"lazy\" decoding=\"async\" class=\"aligncenter wp-image-48374 \" src=\"https:\/\/atecordoba.org\/wp-content\/uploads\/2025\/04\/mina-clavero.jpg\" alt=\"\" width=\"609\" height=\"319\" srcset=\"https:\/\/atecordoba.org\/wp-content\/uploads\/2025\/04\/mina-clavero.jpg 960w, https:\/\/atecordoba.org\/wp-content\/uploads\/2025\/04\/mina-clavero-300x157.jpg 300w, https:\/\/atecordoba.org\/wp-content\/uploads\/2025\/04\/mina-clavero-768x402.jpg 768w, https:\/\/atecordoba.org\/wp-content\/uploads\/2025\/04\/mina-clavero-750x393.jpg 750w\" sizes=\"auto, (max-width: 609px) 100vw, 609px\" \/><\/p>\n<p>En esta instancia se intercambiaron miradas referidas a las y los trabajadores municipales, respecto a la necesidad de trabajar en conjunto y comenzar a tratar la solicitud de la licencia por violencia de g\u00e9nero para las trabajadoras.<\/p>\n<p>Seguidamente se visitaron las dependencias de la Comuna de Arroyo de los Patos.<\/p>\n<p><strong>Salsacate y Villa Cura Brochero<img loading=\"lazy\" decoding=\"async\" class=\"aligncenter wp-image-48375 \" src=\"https:\/\/atecordoba.org\/wp-content\/uploads\/2025\/04\/salsacate.jpg\" alt=\"\" width=\"616\" height=\"770\" srcset=\"https:\/\/atecordoba.org\/wp-content\/uploads\/2025\/04\/salsacate.jpg 768w, https:\/\/atecordoba.org\/wp-content\/uploads\/2025\/04\/salsacate-240x300.jpg 240w, https:\/\/atecordoba.org\/wp-content\/uploads\/2025\/04\/salsacate-750x938.jpg 750w\" sizes=\"auto, (max-width: 616px) 100vw, 616px\" \/><\/strong><\/p>\n<p>Tanto en Salsacate y como en Villa Cura Brochero el CDP de ATE C\u00f3rdoba estuvo presente, visitando a las y los delegados y los trabajadores municipales, donde estuvieron el secretario de Organizaci\u00f3n, Javier Bracamonte, la secretaria de Prensa y parte de la coordinaci\u00f3n de municipales de ATE de nivel nacional, Julia Giuliani, junto a J\u00e9sica Rojas, militante de ATE.<\/p>\n<p><img loading=\"lazy\" decoding=\"async\" class=\"aligncenter wp-image-48376 \" src=\"https:\/\/atecordoba.org\/wp-content\/uploads\/2025\/04\/cura-brochero.jpg\" alt=\"\" width=\"623\" height=\"468\" srcset=\"https:\/\/atecordoba.org\/wp-content\/uploads\/2025\/04\/cura-brochero.jpg 960w, https:\/\/atecordoba.org\/wp-content\/uploads\/2025\/04\/cura-brochero-300x225.jpg 300w, https:\/\/atecordoba.org\/wp-content\/uploads\/2025\/04\/cura-brochero-768x577.jpg 768w, https:\/\/atecordoba.org\/wp-content\/uploads\/2025\/04\/cura-brochero-750x563.jpg 750w\" sizes=\"auto, (max-width: 623px) 100vw, 623px\" \/><\/p>\n<p><strong>Los Hornillos<\/strong><\/p>\n<p>En la Comuna de Los Hornillos se llev\u00f3 adelante la primer reuni\u00f3n de la Mesa de Relaciones Laborales, con la participaci\u00f3n de Julia Giuliani, Milagros Sozzi y las y los candidatos a delegados Gabriela Chavez y Ariel Kastli. En tanto, por el Departamento Ejecutivo estuvieron la asesora legal, Lourdes Palacios, y la secretaria por la oposici\u00f3n, Livia Oliva.<img loading=\"lazy\" decoding=\"async\" class=\"aligncenter wp-image-48377 \" src=\"https:\/\/atecordoba.org\/wp-content\/uploads\/2025\/04\/los-hornillos3.jpg\" alt=\"\" width=\"609\" height=\"457\" srcset=\"https:\/\/atecordoba.org\/wp-content\/uploads\/2025\/04\/los-hornillos3.jpg 960w, https:\/\/atecordoba.org\/wp-content\/uploads\/2025\/04\/los-hornillos3-300x225.jpg 300w, https:\/\/atecordoba.org\/wp-content\/uploads\/2025\/04\/los-hornillos3-768x576.jpg 768w, https:\/\/atecordoba.org\/wp-content\/uploads\/2025\/04\/los-hornillos3-750x563.jpg 750w\" sizes=\"auto, (max-width: 609px) 100vw, 609px\" \/><\/p>\n<p>En la oportunidad ATE plante\u00f3:<\/p>\n<ul>\n<li>Recuperaci\u00f3n salarial para discutir en el mes de junio, incluir el an\u00e1lisis de puntos de la conformaci\u00f3n del salario a modificar<\/li>\n<li>Reacondicionamiento del lugar de desayuno de quienes cumplen tareas en el galp\u00f3n municipal, para que el mismo re\u00fana condiciones de salubridad acordes y ba\u00f1o en buen funcionamiento.<\/li>\n<li>Extensi\u00f3n de la vigencia de los contratos a un a\u00f1o, exceptuando quienes realizan tareas temporales<\/li>\n<li>Solicitud de ART para todos los trabajadores, sea cual fuera su situaci\u00f3n contractual<\/li>\n<li>Acondicionamiento del cami\u00f3n recolector de residuos<\/li>\n<li>Recategorizaci\u00f3n de una categor\u00eda de tres trabajadores pronto a jubilarse<\/li>\n<li>Aumento de la asignaci\u00f3n familiar al 10%, presentismo 4%, refrigerio 5%, puntualidad 8%<\/li>\n<\/ul>\n<p>La Comuna deber\u00e1 responder a estas propuestas en la pr\u00f3xima reuni\u00f3n de mesa el 9 de mayo, a las 11 horas.<\/p>\n<p><strong>Sald\u00e1n<img loading=\"lazy\" decoding=\"async\" class=\"aligncenter wp-image-48378 \" src=\"https:\/\/atecordoba.org\/wp-content\/uploads\/2025\/04\/saldan.jpg\" alt=\"\" width=\"606\" height=\"341\" srcset=\"https:\/\/atecordoba.org\/wp-content\/uploads\/2025\/04\/saldan.jpg 960w, https:\/\/atecordoba.org\/wp-content\/uploads\/2025\/04\/saldan-300x169.jpg 300w, https:\/\/atecordoba.org\/wp-content\/uploads\/2025\/04\/saldan-768x432.jpg 768w, https:\/\/atecordoba.org\/wp-content\/uploads\/2025\/04\/saldan-750x422.jpg 750w\" sizes=\"auto, (max-width: 606px) 100vw, 606px\" \/><\/strong><\/p>\n<p>Miembros del CDP mantuvieron una reuni\u00f3n con las y los candidatos a delegados de ATE por el Municipio de Sald\u00e1n.<\/p>\n<p>La agenda gremial apunta al crecimiento en afiliaciones y pedido de audiencia a la Intendenta para discutir condiciones salariales y laborales. En ese marco, est\u00e1 previsto realizar las elecciones de delegados a la brevedad.<\/p>\n<p>Estuvieron presentes las y los secretarios de Organizaci\u00f3n, Javier Bracamonte, Gremial, Jorge Chalup, de Acci\u00f3n Social, Agust\u00edn Bertone, de Acci\u00f3n Pol\u00edtica, Alejandra Agnone, y la integrante del CDP, Irina Silverman.<\/p>\n","protected":false},"excerpt":{"rendered":"<p>El importante crecimiento de ATE C\u00f3rdoba entre las y los municipales del interior provincial se ve fortificado por la presencia de la conducci\u00f3n en distintas localidades del este y el oeste cordob\u00e9s, as\u00ed como en el Gran C\u00f3rdoba. As\u00ed fue confirmado ayer con una recorrida del Consejo Directivo Provincial (CDP) donde se destac\u00f3 la presencia [&hellip;]<\/p>\n","protected":false},"author":7,"featured_media":48371,"comment_status":"open","ping_status":"open","sticky":false,"template":"","format":"standard","meta":{"_exactmetrics_skip_tracking":false,"_exactmetrics_sitenote_active":false,"_exactmetrics_sitenote_note":"","_exactmetrics_sitenote_category":0,"jnews-multi-image_gallery":[],"jnews_single_post":{"format":"standard","override":[{"template":"1","parallax":"1","fullscreen":"1","layout":"no-sidebar-narrow","sidebar":"default-sidebar","second_sidebar":"default-sidebar","sticky_sidebar":"1","share_position":"bottom","share_float_style":"share-monocrhome","show_share_counter":"1","show_view_counter":"1","show_post_meta":"1","show_post_author_image":"1","show_post_date":"1","post_date_format":"default","post_date_format_custom":"Y\/m\/d","show_post_category":"1","show_post_reading_time":"0","post_reading_time_wpm":"300","post_calculate_word_method":"str_word_count","show_zoom_button":"0","zoom_button_out_step":"2","zoom_button_in_step":"3","show_post_tag":"1","number_popup_post":"1","show_post_related":"1","show_inline_post_related":"0"}],"image_override":[{"single_post_thumbnail_size":"crop-500","single_post_gallery_size":"crop-500"}],"trending_post_position":"meta","trending_post_label":"Trending","sponsored_post_label":"Sponsored by","disable_ad":"0"},"jnews_primary_category":[],"jnews_social_meta":[],"jnews_review":[],"enable_review":"","type":"percentage","name":"","summary":"","brand":"","sku":"","good":[],"bad":[],"score_override":"","override_value":"","rating":[],"price":[],"jnews_override_counter":{"view_counter_number":"0","share_counter_number":"0","like_counter_number":"0","dislike_counter_number":"0"},"jnews_post_split":{"post_split":[{"template":"1","tag":"h2","numbering":"asc","mode":"normal","first":"0","enable_toc":"0","toc_type":"normal"}]},"footnotes":""},"categories":[20],"tags":[1354,1482,1132,574,1110,500,781,984],"class_list":["post-48366","post","type-post","status-publish","format-standard","has-post-thumbnail","hentry","category-municipales","tag-arroyo-de-los-patos","tag-los-hornillos","tag-mina-clavero","tag-municipalidad-de-saldan","tag-rio-primero","tag-salsacate","tag-transito","tag-villa-cura-brochero"],"jetpack_featured_media_url":"https:\/\/atecordoba.org\/wp-content\/uploads\/2025\/04\/transito-e1744381492822.jpg","_links":{"self":[{"href":"https:\/\/atecordoba.org\/index.php?rest_route=\/wp\/v2\/posts\/48366","targetHints":{"allow":["GET"]}}],"collection":[{"href":"https:\/\/atecordoba.org\/index.php?rest_route=\/wp\/v2\/posts"}],"about":[{"href":"https:\/\/atecordoba.org\/index.php?rest_route=\/wp\/v2\/types\/post"}],"author":[{"embeddable":true,"href":"https:\/\/atecordoba.org\/index.php?rest_route=\/wp\/v2\/users\/7"}],"replies":[{"embeddable":true,"href":"https:\/\/atecordoba.org\/index.php?rest_route=%2Fwp%2Fv2%2Fcomments&post=48366"}],"version-history":[{"count":1,"href":"https:\/\/atecordoba.org\/index.php?rest_route=\/wp\/v2\/posts\/48366\/revisions"}],"predecessor-version":[{"id":48379,"href":"https:\/\/atecordoba.org\/index.php?rest_route=\/wp\/v2\/posts\/48366\/revisions\/48379"}],"wp:featuredmedia":[{"embeddable":true,"href":"https:\/\/atecordoba.org\/index.php?rest_route=\/wp\/v2\/media\/48371"}],"wp:attachment":[{"href":"https:\/\/atecordoba.org\/index.php?rest_route=%2Fwp%2Fv2%2Fmedia&parent=48366"}],"wp:term":[{"taxonomy":"category","embeddable":true,"href":"https:\/\/atecordoba.org\/index.php?rest_route=%2Fwp%2Fv2%2Fcategories&post=48366"},{"taxonomy":"post_tag","embeddable":true,"href":"https:\/\/atecordoba.org\/index.php?rest_route=%2Fwp%2Fv2%2Ftags&post=48366"}],"curies":[{"name":"wp","href":"https:\/\/api.w.org\/{rel}","templated":true}]}}