{"id":48362,"date":"2025-04-09T14:43:33","date_gmt":"2025-04-09T17:43:33","guid":{"rendered":"https:\/\/atecordoba.org\/?p=48362"},"modified":"2025-04-09T14:43:33","modified_gmt":"2025-04-09T17:43:33","slug":"mendiolaza-nueva-audiencia-en-el-ministerio-de-trabajo","status":"publish","type":"post","link":"https:\/\/atecordoba.org\/?p=48362","title":{"rendered":"Mendiolaza: nueva audiencia en el Ministerio de Trabajo"},"content":{"rendered":"<p><img loading=\"lazy\" decoding=\"async\" class=\"aligncenter wp-image-48363 \" src=\"https:\/\/atecordoba.org\/wp-content\/uploads\/2025\/04\/Imagen-de-WhatsApp-2024-08-20-a-las-12.23.35_90885a17-1024x461.jpg\" alt=\"\" width=\"626\" height=\"282\" srcset=\"https:\/\/atecordoba.org\/wp-content\/uploads\/2025\/04\/Imagen-de-WhatsApp-2024-08-20-a-las-12.23.35_90885a17-1024x461.jpg 1024w, https:\/\/atecordoba.org\/wp-content\/uploads\/2025\/04\/Imagen-de-WhatsApp-2024-08-20-a-las-12.23.35_90885a17-300x135.jpg 300w, https:\/\/atecordoba.org\/wp-content\/uploads\/2025\/04\/Imagen-de-WhatsApp-2024-08-20-a-las-12.23.35_90885a17-768x346.jpg 768w, https:\/\/atecordoba.org\/wp-content\/uploads\/2025\/04\/Imagen-de-WhatsApp-2024-08-20-a-las-12.23.35_90885a17-750x338.jpg 750w, https:\/\/atecordoba.org\/wp-content\/uploads\/2025\/04\/Imagen-de-WhatsApp-2024-08-20-a-las-12.23.35_90885a17-1140x513.jpg 1140w, https:\/\/atecordoba.org\/wp-content\/uploads\/2025\/04\/Imagen-de-WhatsApp-2024-08-20-a-las-12.23.35_90885a17.jpg 1280w\" sizes=\"auto, (max-width: 626px) 100vw, 626px\" \/><\/p>\n<p>Hoy se llev\u00f3 adelante una nueva audiencia en el Ministerio de Trabajo entre ATE y la Municipalidad de Mendiolaza en el marco de la conciliaci\u00f3n obligatoria dispuesta por la cartera laboral, tras un largo plan de lucha de las y los municipales que comenz\u00f3 el 10 de enero, por recomposici\u00f3n salarial y mejoras en las condiciones de trabajo. Tambi\u00e9n particip\u00f3 de la reuni\u00f3n el sindicato municipal local.<\/p>\n<p>En la oportunidad, estuvieron la intendenta de Adela Arning, junto a su secretaria de Hacienda Mar\u00eda Gabriela D\u00edaz, en tanto por nuestra organizaci\u00f3n participaron los\/as delegadas \u00c1ngela G\u00f3mez, Luciana P\u00e9rez \u00c1vila y Cristina Heredia, acompa\u00f1ados por el abogado de ATE, Eugenio Biafore.<\/p>\n<p>Presentadas la partes, ATE realiz\u00f3 una propuesta de mejoras de los haberes, en cumplimiento del mandato de la asamblea del personal municipal, a lo que el Departamento Ejecutivo present\u00f3 una contrapropuesta, que ser\u00e1 evaluada ma\u00f1ana en la asamblea del sector.<\/p>\n<p>La conciliaci\u00f3n obligatoria se implement\u00f3 a partir del 1\u00ba de abril, a pedido de la Municipalidad, despu\u00e9s de tres d\u00edas de paro total de actividades.<\/p>\n<p>La delegada \u00c1ngela G\u00f3mez evalu\u00f3 que esta nueva audiencia \u201ces un avance en la negociaci\u00f3n. Estamos todav\u00eda lejos pero creemos que el Ministerio de Trabajo es un buen \u00e1mbito para continuar negociando\u201d.<\/p>\n<p>El organismo puso fecha para una nueva audiencia para el pr\u00f3ximo 16 de abril, a las 8.30 horas.<\/p>\n<p>&nbsp;<\/p>\n","protected":false},"excerpt":{"rendered":"<p>Hoy se llev\u00f3 adelante una nueva audiencia en el Ministerio de Trabajo entre ATE y la Municipalidad de Mendiolaza en el marco de la conciliaci\u00f3n obligatoria dispuesta por la cartera laboral, tras un largo plan de lucha de las y los municipales que comenz\u00f3 el 10 de enero, por recomposici\u00f3n salarial y mejoras en las [&hellip;]<\/p>\n","protected":false},"author":7,"featured_media":48363,"comment_status":"open","ping_status":"open","sticky":false,"template":"","format":"standard","meta":{"_exactmetrics_skip_tracking":false,"_exactmetrics_sitenote_active":false,"_exactmetrics_sitenote_note":"","_exactmetrics_sitenote_category":0,"jnews-multi-image_gallery":[],"jnews_single_post":{"format":"standard","override":[{"template":"1","parallax":"1","fullscreen":"1","layout":"no-sidebar-narrow","sidebar":"default-sidebar","second_sidebar":"default-sidebar","sticky_sidebar":"1","share_position":"bottom","share_float_style":"share-monocrhome","show_share_counter":"1","show_view_counter":"1","show_post_meta":"1","show_post_author_image":"1","show_post_date":"1","post_date_format":"default","post_date_format_custom":"Y\/m\/d","show_post_category":"1","show_post_reading_time":"0","post_reading_time_wpm":"300","post_calculate_word_method":"str_word_count","show_zoom_button":"0","zoom_button_out_step":"2","zoom_button_in_step":"3","show_post_tag":"1","number_popup_post":"1","show_post_related":"1","show_inline_post_related":"0"}],"image_override":[{"single_post_thumbnail_size":"crop-500","single_post_gallery_size":"crop-500"}],"trending_post_position":"meta","trending_post_label":"Trending","sponsored_post_label":"Sponsored by","disable_ad":"0"},"jnews_primary_category":[],"jnews_social_meta":[],"jnews_review":[],"enable_review":"","type":"percentage","name":"","summary":"","brand":"","sku":"","good":[],"bad":[],"score_override":"","override_value":"","rating":[],"price":[],"jnews_override_counter":{"view_counter_number":"0","share_counter_number":"0","like_counter_number":"0","dislike_counter_number":"0"},"jnews_post_split":{"post_split":[{"template":"1","tag":"h2","numbering":"asc","mode":"normal","first":"0","enable_toc":"0","toc_type":"normal"}]},"footnotes":""},"categories":[20],"tags":[947],"class_list":["post-48362","post","type-post","status-publish","format-standard","has-post-thumbnail","hentry","category-municipales","tag-mendiolaza"],"jetpack_featured_media_url":"https:\/\/atecordoba.org\/wp-content\/uploads\/2025\/04\/Imagen-de-WhatsApp-2024-08-20-a-las-12.23.35_90885a17.jpg","_links":{"self":[{"href":"https:\/\/atecordoba.org\/index.php?rest_route=\/wp\/v2\/posts\/48362","targetHints":{"allow":["GET"]}}],"collection":[{"href":"https:\/\/atecordoba.org\/index.php?rest_route=\/wp\/v2\/posts"}],"about":[{"href":"https:\/\/atecordoba.org\/index.php?rest_route=\/wp\/v2\/types\/post"}],"author":[{"embeddable":true,"href":"https:\/\/atecordoba.org\/index.php?rest_route=\/wp\/v2\/users\/7"}],"replies":[{"embeddable":true,"href":"https:\/\/atecordoba.org\/index.php?rest_route=%2Fwp%2Fv2%2Fcomments&post=48362"}],"version-history":[{"count":1,"href":"https:\/\/atecordoba.org\/index.php?rest_route=\/wp\/v2\/posts\/48362\/revisions"}],"predecessor-version":[{"id":48364,"href":"https:\/\/atecordoba.org\/index.php?rest_route=\/wp\/v2\/posts\/48362\/revisions\/48364"}],"wp:featuredmedia":[{"embeddable":true,"href":"https:\/\/atecordoba.org\/index.php?rest_route=\/wp\/v2\/media\/48363"}],"wp:attachment":[{"href":"https:\/\/atecordoba.org\/index.php?rest_route=%2Fwp%2Fv2%2Fmedia&parent=48362"}],"wp:term":[{"taxonomy":"category","embeddable":true,"href":"https:\/\/atecordoba.org\/index.php?rest_route=%2Fwp%2Fv2%2Fcategories&post=48362"},{"taxonomy":"post_tag","embeddable":true,"href":"https:\/\/atecordoba.org\/index.php?rest_route=%2Fwp%2Fv2%2Ftags&post=48362"}],"curies":[{"name":"wp","href":"https:\/\/api.w.org\/{rel}","templated":true}]}}