{"id":4833,"date":"2014-11-21T16:27:43","date_gmt":"2014-11-21T19:27:43","guid":{"rendered":"http:\/\/www.atecordoba.org\/?p=4833"},"modified":"2014-11-21T16:27:43","modified_gmt":"2014-11-21T19:27:43","slug":"ate-paro-y-se-movilizo-en-todo-el-pais","status":"publish","type":"post","link":"https:\/\/atecordoba.org\/?p=4833","title":{"rendered":"ATE par\u00f3 y se moviliz\u00f3 en todo el pa\u00eds"},"content":{"rendered":"<p><em>Los estatales realizaron ayer\u00a0un paro de 24 horas en todo el pa\u00eds en el marco de la Jornada Nacional de Lucha de la CTA. \u201cQueremos el bono de fin de a\u00f1o, el pase a planta y que se abran las paritarias, que es lo que estamos logrando ya en muchas provincias y municipios\u201d, asegur\u00f3 Julio Fuentes, Secretario General de ATE.<\/em><\/p>\n<p><a href=\"http:\/\/www.atecordoba.org\/wp-content\/uploads\/2014\/11\/plaza-de-mayo.jpg\"><img loading=\"lazy\" decoding=\"async\" class=\"aligncenter  wp-image-4834\" src=\"http:\/\/www.atecordoba.org\/wp-content\/uploads\/2014\/11\/plaza-de-mayo.jpg\" alt=\"plaza de mayo\" width=\"524\" height=\"348\" \/><\/a><\/p>\n<p>Con la participaci\u00f3n de miles de compa\u00f1eros y numerosas organizaciones, la actividad central de la jornada de protesta fue la marcha que arrib\u00f3 a la Plaza de Mayo, en el centro de la Ciudad de Buenos Aires. Durante la movilizaci\u00f3n, el Secretario General de ATE Nacional, Julio Fuentes, manifest\u00f3: \u201cLos estatales queremos el bono de fin de a\u00f1o, queremos que se abran las paritarias, que es lo que estamos logrando ya en muchas provincias y municipios. Tambi\u00e9n, por supuesto, nuestro reclamo central: Pase a planta permanente de todos los trabajadores del Estado. Tenemos mucha confianza en que vamos a lograr la apertura de las paritarias y un bono de fin de a\u00f1o que reconozca que el salario ha perdido terreno frente a la inflaci\u00f3n\u201d.<\/p>\n<p>\u201cATE viene reclamando en provincias y municipios mediante distintas herramientas de lucha, una actualizaci\u00f3n salarial que equipare el poder adquisitivo de la clase trabajadora con el proceso ascendente de la inflaci\u00f3n. En este marco, plantea tambi\u00e9n una reapertura de paritarias, aumento de emergencia para los jubilados y el pase a planta permanente de todos los estatales precarizados, cuya situaci\u00f3n salarial es a\u00fan peor\u201d, agreg\u00f3 Fuentes.<\/p>\n<p><a href=\"http:\/\/www.atecordoba.org\/wp-content\/uploads\/2014\/11\/marcha-a-plaza-de-mayo.jpg\"><img loading=\"lazy\" decoding=\"async\" class=\"aligncenter  wp-image-4835\" src=\"http:\/\/www.atecordoba.org\/wp-content\/uploads\/2014\/11\/marcha-a-plaza-de-mayo.jpg\" alt=\"marcha a plaza de mayo\" width=\"527\" height=\"350\" \/><\/a><\/p>\n<p>El Ministro de Trabajo, Carlos Tomada, alienta a las empresas privadas a pagar un bono extraordinario, pero no predica con el mismo ejemplo puertas adentro del Gobierno Nacional. Aferradas a su ejemplo, las mayor\u00edas de las provincias y municipios desoyen el pedido de los trabajadores estatales.<\/p>\n<p>Ocho gobernadores decretaron el pago extraordinario de un bono, cuyo valor y modalidad de pago no se ajusta a la necesidad de los trabajadores. Santiago del Estero y San Juan ofrecen 3 mil pesos en tres cuotas. La Pampa, 3.500 pesos en dos veces. Salta, 2.250 en tres meses. Santa Fe desdobla en dos veces 1.700 pesos. San Luis decret\u00f3 el pago de 2 mil pesos, C\u00f3rdoba 1.500 y Catamarca mil. Tampoco ninguno de los 24 gobiernos ha reabierto paritarias.<\/p>\n<p><a href=\"http:\/\/www.atecordoba.org\/wp-content\/uploads\/2014\/11\/victor.jpg\"><img loading=\"lazy\" decoding=\"async\" class=\"aligncenter  wp-image-4836\" src=\"http:\/\/www.atecordoba.org\/wp-content\/uploads\/2014\/11\/victor.jpg\" alt=\"victor\" width=\"528\" height=\"351\" \/><\/a><\/p>\n<p>Tambi\u00e9n durante la movilizaci\u00f3n, el Diputado Nacional V\u00edctor De Gennaro, reci\u00e9n llegado de su visita al Papa Francisco I, cont\u00f3: \u201cFue una emoci\u00f3n muy grande ser invitado a participar de la misa en la Capilla de Santa Marta, ofrecida por el Papa, as\u00ed como compartir una charla con \u00e9l. Le pudimos comunicar el orgullo y la esperanza que ha despertado en los argentinos y en los latinoamericanos en general. \u00c9l lo sabe, por eso dijo que hay que defender a la Patria Grande\u201d.<\/p>\n<p><a href=\"http:\/\/www.atecordoba.org\/wp-content\/uploads\/2014\/11\/bombista.jpg\"><img loading=\"lazy\" decoding=\"async\" class=\"aligncenter  wp-image-4837\" src=\"http:\/\/www.atecordoba.org\/wp-content\/uploads\/2014\/11\/bombista.jpg\" alt=\"bombista\" width=\"540\" height=\"372\" \/><\/a><\/p>\n<p>Sobre la jornada de protesta, el compa\u00f1ero De Gennaro dijo: \u201cEst\u00e1 claro que el Gobierno sigue eligiendo a los ricos, a los millonarios, a las trasnacionales que concentran la riqueza y se la llevan. El Gobierno piensa en ayudar a la distribuci\u00f3n de la riqueza para los de arriba. Si no, hoy en la Argentina tendr\u00edan que convocarnos a todos a discutir c\u00f3mo se genera trabajo, c\u00f3mo se termina con el hambre, c\u00f3mo se da un bono para llegar a fin de mes, y para cambiar la ecuaci\u00f3n de este modelo que hace agua por todos lados\u201d.<\/p>\n","protected":false},"excerpt":{"rendered":"<p>Los estatales realizaron ayer\u00a0un paro de 24 horas en todo el pa\u00eds en el marco de la Jornada Nacional de Lucha de la CTA. \u201cQueremos el bono de fin de a\u00f1o, el pase a planta y que se abran las paritarias, que es lo que estamos logrando ya en muchas provincias y municipios\u201d, asegur\u00f3 Julio [&hellip;]<\/p>\n","protected":false},"author":1,"featured_media":19220,"comment_status":"open","ping_status":"open","sticky":false,"template":"","format":"standard","meta":{"_exactmetrics_skip_tracking":false,"_exactmetrics_sitenote_active":false,"_exactmetrics_sitenote_note":"","_exactmetrics_sitenote_category":0,"jnews-multi-image_gallery":[],"jnews_single_post":[],"jnews_primary_category":[],"jnews_social_meta":[],"jnews_review":[],"enable_review":"","type":"","name":"","summary":"","brand":"","sku":"","good":[],"bad":[],"score_override":"","override_value":"","rating":[],"price":[],"jnews_override_counter":[],"jnews_post_split":[],"footnotes":""},"categories":[92,20,18,8],"tags":[],"class_list":["post-4833","post","type-post","status-publish","format-standard","has-post-thumbnail","hentry","category-cta","category-municipales","category-nacionales","category-provinciales"],"jetpack_featured_media_url":"https:\/\/atecordoba.org\/wp-content\/uploads\/2020\/05\/logo-nuevochico-e1561581322808.png","_links":{"self":[{"href":"https:\/\/atecordoba.org\/index.php?rest_route=\/wp\/v2\/posts\/4833","targetHints":{"allow":["GET"]}}],"collection":[{"href":"https:\/\/atecordoba.org\/index.php?rest_route=\/wp\/v2\/posts"}],"about":[{"href":"https:\/\/atecordoba.org\/index.php?rest_route=\/wp\/v2\/types\/post"}],"author":[{"embeddable":true,"href":"https:\/\/atecordoba.org\/index.php?rest_route=\/wp\/v2\/users\/1"}],"replies":[{"embeddable":true,"href":"https:\/\/atecordoba.org\/index.php?rest_route=%2Fwp%2Fv2%2Fcomments&post=4833"}],"version-history":[{"count":0,"href":"https:\/\/atecordoba.org\/index.php?rest_route=\/wp\/v2\/posts\/4833\/revisions"}],"wp:featuredmedia":[{"embeddable":true,"href":"https:\/\/atecordoba.org\/index.php?rest_route=\/wp\/v2\/media\/19220"}],"wp:attachment":[{"href":"https:\/\/atecordoba.org\/index.php?rest_route=%2Fwp%2Fv2%2Fmedia&parent=4833"}],"wp:term":[{"taxonomy":"category","embeddable":true,"href":"https:\/\/atecordoba.org\/index.php?rest_route=%2Fwp%2Fv2%2Fcategories&post=4833"},{"taxonomy":"post_tag","embeddable":true,"href":"https:\/\/atecordoba.org\/index.php?rest_route=%2Fwp%2Fv2%2Ftags&post=4833"}],"curies":[{"name":"wp","href":"https:\/\/api.w.org\/{rel}","templated":true}]}}