{"id":48324,"date":"2025-04-09T13:13:12","date_gmt":"2025-04-09T16:13:12","guid":{"rendered":"https:\/\/atecordoba.org\/?p=48324"},"modified":"2025-04-09T17:16:13","modified_gmt":"2025-04-09T20:16:13","slug":"con-un-corte-por-tres-horas-ate-cordoba-y-ctaa-comenzaron-la-jornada-de-lucha-en-ruta-9-y-camino-a-interfabricas","status":"publish","type":"post","link":"https:\/\/atecordoba.org\/?p=48324","title":{"rendered":"Con un corte por tres horas, ATE C\u00f3rdoba y la CTAA comenzaron la jornada de lucha por el Paro Nacional Activo en Ruta 9 y Camino a Interf\u00e1bricas"},"content":{"rendered":"<p><img loading=\"lazy\" decoding=\"async\" class=\"aligncenter wp-image-48325 \" src=\"https:\/\/atecordoba.org\/wp-content\/uploads\/2025\/04\/WhatsApp-Image-2025-04-09-at-11.00.44-1-1024x769.jpeg\" alt=\"\" width=\"633\" height=\"475\" \/><\/p>\n<p>ATE C\u00f3rdoba se moviliz\u00f3 hoy en el marco del Paro Nacional Activo que las y los estatales, junto a la CTAA y otras organizaciones, llevan adelante en todo el pa\u00eds, en repudio al gobierno de Milei y el nuevo endeudamiento con el FMI, en favor de aumento salarial y por la recuperaci\u00f3n de los puestos de trabajo de los miles de despedidos en todo el pa\u00eds.<\/p>\n<p>El punto de concentraci\u00f3n de la protesta llevada acabo esta ma\u00f1ana por tres horas fue el cruce de la Ruta 9 y Camino a Interf\u00e1bricas, donde delegados y delegadas, dirigentes de las seccionales y el conjunto del Consejo Directivo Provincial (CDP) gritaron \u00a1Basta de hambre! y \u00a1Fuera Milei de la Argentina!<\/p>\n<p>&#8220;Estamos organizando la esperanza frente al hambre, los despidos, los salarios de miseria y la fala de proyecto para nuestros pibes y pibas de las barriadas populares que no tienen proyecto, mientras el poder les ofrece gatillo f\u00e1cil. Este paro nacional activo se ven\u00eda pidiendo a gritos en toda la Argentina&#8221;, dijo el secretario General de ATE C\u00f3rdoba, Federico Giuliani durante la protesta.<\/p>\n<p><img loading=\"lazy\" decoding=\"async\" class=\"aligncenter wp-image-48326 \" src=\"https:\/\/atecordoba.org\/wp-content\/uploads\/2025\/04\/WhatsApp-Image-2025-04-09-at-11.34.42-1-1024x768.jpeg\" alt=\"\" width=\"623\" height=\"468\" srcset=\"https:\/\/atecordoba.org\/wp-content\/uploads\/2025\/04\/WhatsApp-Image-2025-04-09-at-11.34.42-1-1024x768.jpeg 1024w, https:\/\/atecordoba.org\/wp-content\/uploads\/2025\/04\/WhatsApp-Image-2025-04-09-at-11.34.42-1-300x225.jpeg 300w, https:\/\/atecordoba.org\/wp-content\/uploads\/2025\/04\/WhatsApp-Image-2025-04-09-at-11.34.42-1-768x576.jpeg 768w, https:\/\/atecordoba.org\/wp-content\/uploads\/2025\/04\/WhatsApp-Image-2025-04-09-at-11.34.42-1-1536x1152.jpeg 1536w, https:\/\/atecordoba.org\/wp-content\/uploads\/2025\/04\/WhatsApp-Image-2025-04-09-at-11.34.42-1-2048x1536.jpeg 2048w, https:\/\/atecordoba.org\/wp-content\/uploads\/2025\/04\/WhatsApp-Image-2025-04-09-at-11.34.42-1-750x563.jpeg 750w, https:\/\/atecordoba.org\/wp-content\/uploads\/2025\/04\/WhatsApp-Image-2025-04-09-at-11.34.42-1-1140x855.jpeg 1140w\" sizes=\"auto, (max-width: 623px) 100vw, 623px\" \/><\/p>\n<p>La presencia policial no logr\u00f3 impedir el corte de media calzada, ni la solidaridad de los ferroviarios cuya formaci\u00f3n atravesaba la zona, mientras los autos mostraban su apoyo a la protesta a puro bocinazo.<\/p>\n<p>Compa\u00f1eras y compa\u00f1eros de distintos sectores nacionales, provinciales y municipales mesclaron sus consignas con grupos de militantes y activistas de la Fenat CTAA, arribados de barrios como Arg\u00fcello, Ampliaci\u00f3n Cabildo y otros territorios de la ciudad donde nuestra central da cuenta del alcance organizativo y popular.<\/p>\n<p>&#8220;Esta jornada de lucha se construy\u00f3 de abajo hacia arriba, recorriendo casi todas nuestras barriadas y dando la discusi\u00f3n para que entendamos que la clase trabajadora es una sola, no nos importa si son desocupados u ocupados las y los compa\u00f1eros, si trabajan en blanco o en negro., si son j\u00f3venes o est\u00e1n jubilados. Como dec\u00eda Evita hay una sola clase de trabajadores y somos quienes generamos la riqueza, trabajando todos los d\u00edas. Vaya mi cari\u00f1o para las compa\u00f1eras de las barriadas, mujeres y mam\u00e1s que est\u00e1n bancando esta jornada de lucha y que todos los d\u00edas sostienen las copas de leche y los merenderos, no solo con un plato de comida sino d\u00e1ndole amor a nuestros pibes y nuestras pibas&#8221;, remarc\u00f3 Giuliani.<\/p>\n<div id='gallery_1' class='gallery galleryid-48324 gallery-columns-3 gallery-size-thumbnail'><figure class='gallery-item'>\n                <div class='gallery-icon landscape'>\n                    <a href='https:\/\/atecordoba.org\/wp-content\/uploads\/2025\/04\/WhatsApp-Image-2025-04-09-at-11.00.30-scaled.jpeg'><img loading=\"lazy\" decoding=\"async\" width=\"150\" height=\"150\" src=\"\" class=\"attachment-thumbnail size-thumbnail lazyload\" alt=\"\" data-src=\"https:\/\/atecordoba.org\/wp-content\/uploads\/2025\/04\/WhatsApp-Image-2025-04-09-at-11.00.30-150x150.jpeg\" data-sizes=\"auto\" data-srcset=\"https:\/\/atecordoba.org\/wp-content\/uploads\/2025\/04\/WhatsApp-Image-2025-04-09-at-11.00.30-150x150.jpeg 150w, https:\/\/atecordoba.org\/wp-content\/uploads\/2025\/04\/WhatsApp-Image-2025-04-09-at-11.00.30-560x560.jpeg 560w, https:\/\/atecordoba.org\/wp-content\/uploads\/2025\/04\/WhatsApp-Image-2025-04-09-at-11.00.30-75x75.jpeg 75w, https:\/\/atecordoba.org\/wp-content\/uploads\/2025\/04\/WhatsApp-Image-2025-04-09-at-11.00.30-350x350.jpeg 350w\" data-expand=\"700\" \/><\/a>\n                <\/div><\/figure><figure class='gallery-item'>\n                <div class='gallery-icon landscape'>\n                    <a href='https:\/\/atecordoba.org\/wp-content\/uploads\/2025\/04\/WhatsApp-Image-2025-04-09-at-11.00.36-scaled.jpeg'><img loading=\"lazy\" decoding=\"async\" width=\"150\" height=\"150\" src=\"\" class=\"attachment-thumbnail size-thumbnail lazyload\" alt=\"\" data-src=\"https:\/\/atecordoba.org\/wp-content\/uploads\/2025\/04\/WhatsApp-Image-2025-04-09-at-11.00.36-150x150.jpeg\" data-sizes=\"auto\" data-srcset=\"https:\/\/atecordoba.org\/wp-content\/uploads\/2025\/04\/WhatsApp-Image-2025-04-09-at-11.00.36-150x150.jpeg 150w, https:\/\/atecordoba.org\/wp-content\/uploads\/2025\/04\/WhatsApp-Image-2025-04-09-at-11.00.36-560x560.jpeg 560w, https:\/\/atecordoba.org\/wp-content\/uploads\/2025\/04\/WhatsApp-Image-2025-04-09-at-11.00.36-75x75.jpeg 75w, https:\/\/atecordoba.org\/wp-content\/uploads\/2025\/04\/WhatsApp-Image-2025-04-09-at-11.00.36-350x350.jpeg 350w\" data-expand=\"700\" \/><\/a>\n                <\/div><\/figure><figure class='gallery-item'>\n                <div class='gallery-icon landscape'>\n                    <a href='https:\/\/atecordoba.org\/wp-content\/uploads\/2025\/04\/WhatsApp-Image-2025-04-09-at-11.00.46.jpeg'><img loading=\"lazy\" decoding=\"async\" width=\"150\" height=\"150\" src=\"\" class=\"attachment-thumbnail size-thumbnail lazyload\" alt=\"\" data-src=\"https:\/\/atecordoba.org\/wp-content\/uploads\/2025\/04\/WhatsApp-Image-2025-04-09-at-11.00.46-150x150.jpeg\" data-sizes=\"auto\" data-srcset=\"https:\/\/atecordoba.org\/wp-content\/uploads\/2025\/04\/WhatsApp-Image-2025-04-09-at-11.00.46-150x150.jpeg 150w, https:\/\/atecordoba.org\/wp-content\/uploads\/2025\/04\/WhatsApp-Image-2025-04-09-at-11.00.46-560x560.jpeg 560w, https:\/\/atecordoba.org\/wp-content\/uploads\/2025\/04\/WhatsApp-Image-2025-04-09-at-11.00.46-75x75.jpeg 75w, https:\/\/atecordoba.org\/wp-content\/uploads\/2025\/04\/WhatsApp-Image-2025-04-09-at-11.00.46-350x350.jpeg 350w\" data-expand=\"700\" \/><\/a>\n                <\/div><\/figure><br style=\"clear: both\" \/>\n            <\/div>\n\n<p>Para el principal dirigente estatal en la provincia &#8220;las organizaciones libres del pueblo debemos recuperar los m\u00e9todos combativos de lucha. No podemos pedir que Milei se vaya haciendo las mismas marchas en el centro de C\u00f3rdoba, mientras se nos caen los pibes.\u00a0Estamos empezando a construir la relaci\u00f3n de fuerzas para voltear a este gobierno. Y lo digo abiertamente porque el 11 de diciembre de 2023, un d\u00eda despu\u00e9s que asumi\u00f3 Milei, ATE y la CTAA est\u00e1bamos cortando la calle en el Ministerio de Trabajo. La mayor\u00eda nos puteaba dici\u00e9ndonos vagos, planeros y choros. Un a\u00f1o y medio despu\u00e9s demostramos que las pol\u00edticas de ajuste del gobierno ya no tienen consenso social. No creo en las encuestas, porque la \u00fanica encuesta que vale est\u00e1 en la calle, donde los autos que pasaban se solidarizaron y apoyaron&#8221;, celebr\u00f3.<\/p>\n<p>Y asegur\u00f3 que &#8220;esta realidad no va a cambiar presentando notas en Mesa de Entrada. Para dar vuelta la tortilla hay que hablar con cada compa\u00f1era y compa\u00f1ero, en los barrios, en las f\u00e1bricas y los lugares de laburo, prendiendo fuego y cortando ruta como hicimos hoy. Javier Milei debe saber que no queremos este gobierno fascista en Argentina&#8221;.<\/p>\n<div id='gallery_2' class='gallery galleryid-48324 gallery-columns-3 gallery-size-thumbnail'><figure class='gallery-item'>\n                <div class='gallery-icon portrait'>\n                    <a href='https:\/\/atecordoba.org\/wp-content\/uploads\/2025\/04\/WhatsApp-Image-2025-04-09-at-11.00.33-scaled.jpeg'><img loading=\"lazy\" decoding=\"async\" width=\"150\" height=\"150\" src=\"\" class=\"attachment-thumbnail size-thumbnail lazyload\" alt=\"\" data-src=\"https:\/\/atecordoba.org\/wp-content\/uploads\/2025\/04\/WhatsApp-Image-2025-04-09-at-11.00.33-150x150.jpeg\" data-sizes=\"auto\" data-srcset=\"https:\/\/atecordoba.org\/wp-content\/uploads\/2025\/04\/WhatsApp-Image-2025-04-09-at-11.00.33-150x150.jpeg 150w, https:\/\/atecordoba.org\/wp-content\/uploads\/2025\/04\/WhatsApp-Image-2025-04-09-at-11.00.33-560x560.jpeg 560w, https:\/\/atecordoba.org\/wp-content\/uploads\/2025\/04\/WhatsApp-Image-2025-04-09-at-11.00.33-75x75.jpeg 75w, https:\/\/atecordoba.org\/wp-content\/uploads\/2025\/04\/WhatsApp-Image-2025-04-09-at-11.00.33-350x350.jpeg 350w\" data-expand=\"700\" \/><\/a>\n                <\/div><\/figure><figure class='gallery-item'>\n                <div class='gallery-icon portrait'>\n                    <a href='https:\/\/atecordoba.org\/wp-content\/uploads\/2025\/04\/WhatsApp-Image-2025-04-09-at-11.00.32-1-scaled.jpeg'><img loading=\"lazy\" decoding=\"async\" width=\"150\" height=\"150\" src=\"\" class=\"attachment-thumbnail size-thumbnail lazyload\" alt=\"\" data-src=\"https:\/\/atecordoba.org\/wp-content\/uploads\/2025\/04\/WhatsApp-Image-2025-04-09-at-11.00.32-1-150x150.jpeg\" data-sizes=\"auto\" data-srcset=\"https:\/\/atecordoba.org\/wp-content\/uploads\/2025\/04\/WhatsApp-Image-2025-04-09-at-11.00.32-1-150x150.jpeg 150w, https:\/\/atecordoba.org\/wp-content\/uploads\/2025\/04\/WhatsApp-Image-2025-04-09-at-11.00.32-1-560x560.jpeg 560w, https:\/\/atecordoba.org\/wp-content\/uploads\/2025\/04\/WhatsApp-Image-2025-04-09-at-11.00.32-1-75x75.jpeg 75w, https:\/\/atecordoba.org\/wp-content\/uploads\/2025\/04\/WhatsApp-Image-2025-04-09-at-11.00.32-1-350x350.jpeg 350w\" data-expand=\"700\" \/><\/a>\n                <\/div><\/figure><figure class='gallery-item'>\n                <div class='gallery-icon portrait'>\n                    <a href='https:\/\/atecordoba.org\/wp-content\/uploads\/2025\/04\/WhatsApp-Image-2025-04-09-at-11.34.39-scaled.jpeg'><img loading=\"lazy\" decoding=\"async\" width=\"150\" height=\"150\" src=\"\" class=\"attachment-thumbnail size-thumbnail lazyload\" alt=\"\" data-src=\"https:\/\/atecordoba.org\/wp-content\/uploads\/2025\/04\/WhatsApp-Image-2025-04-09-at-11.34.39-150x150.jpeg\" data-sizes=\"auto\" data-srcset=\"https:\/\/atecordoba.org\/wp-content\/uploads\/2025\/04\/WhatsApp-Image-2025-04-09-at-11.34.39-150x150.jpeg 150w, https:\/\/atecordoba.org\/wp-content\/uploads\/2025\/04\/WhatsApp-Image-2025-04-09-at-11.34.39-560x560.jpeg 560w, https:\/\/atecordoba.org\/wp-content\/uploads\/2025\/04\/WhatsApp-Image-2025-04-09-at-11.34.39-75x75.jpeg 75w, https:\/\/atecordoba.org\/wp-content\/uploads\/2025\/04\/WhatsApp-Image-2025-04-09-at-11.34.39-350x350.jpeg 350w\" data-expand=\"700\" \/><\/a>\n                <\/div><\/figure><br style=\"clear: both\" \/>\n            <\/div>\n\n<p>&nbsp;<\/p>\n<p>Finalmente, Giuliani concluy\u00f3 se\u00f1alando que &#8220;no queremos negociar ni arreglar ning\u00fan acuerdo electoral. Estamos organizando la esperanza y le decimos a quienes gobiernan que es preferible estar de pie que morir de rodillas. No nos sometemos al poder de los ricos, vamos por una nueva Argentina con un proyecto de liberaci\u00f3n nacional que plante a la clase trabajadora como protagonista de nuestro tiempo. El invierno no es eterno. Tenemos que construir la primavera porque es posible y es necesario para que nuestros sue\u00f1os sean la pesadilla de los que mandan&#8221;.<\/p>\n<p><strong>Testimonios<\/strong><\/p>\n<p><strong>Marcos Montagno (CTAA)<\/strong>: &#8220;Soy de Arg\u00fcello, venimos a este corte de calle a apoyar a los compa\u00f1eros en este plan de lucha contra el ajuste de Milei&#8221;.<img loading=\"lazy\" decoding=\"async\" class=\"alignright wp-image-48333 \" src=\"https:\/\/atecordoba.org\/wp-content\/uploads\/2025\/04\/WhatsApp-Image-2025-04-09-at-11.00.54-1024x768.jpeg\" alt=\"\" width=\"390\" height=\"293\" srcset=\"https:\/\/atecordoba.org\/wp-content\/uploads\/2025\/04\/WhatsApp-Image-2025-04-09-at-11.00.54-1024x768.jpeg 1024w, https:\/\/atecordoba.org\/wp-content\/uploads\/2025\/04\/WhatsApp-Image-2025-04-09-at-11.00.54-300x225.jpeg 300w, https:\/\/atecordoba.org\/wp-content\/uploads\/2025\/04\/WhatsApp-Image-2025-04-09-at-11.00.54-768x576.jpeg 768w, https:\/\/atecordoba.org\/wp-content\/uploads\/2025\/04\/WhatsApp-Image-2025-04-09-at-11.00.54-1536x1152.jpeg 1536w, https:\/\/atecordoba.org\/wp-content\/uploads\/2025\/04\/WhatsApp-Image-2025-04-09-at-11.00.54-2048x1536.jpeg 2048w, https:\/\/atecordoba.org\/wp-content\/uploads\/2025\/04\/WhatsApp-Image-2025-04-09-at-11.00.54-750x563.jpeg 750w, https:\/\/atecordoba.org\/wp-content\/uploads\/2025\/04\/WhatsApp-Image-2025-04-09-at-11.00.54-1140x855.jpeg 1140w\" sizes=\"auto, (max-width: 390px) 100vw, 390px\" \/><\/p>\n<p><strong>Silvia Alcoba, secretaria Adjunta de la CTAA C\u00f3rdoba<\/strong>: &#8220;Estamos en la calle dici\u00e9ndole \u00a1Basta! a las pol\u00edticas de ajuste de este gobierno cipayo, le decimos fuera al FMI, basta de hambrear a nuestro pueblo. Hay que dar vuelta a la relaci\u00f3n de poder que tiene actualmente la derecha que avasalla los derechos de los y las trabajadoras. El pueblo sale hoy para gritar \u00a1fuera! Las pol\u00edticas deben ser consensuadas, no se puede pagar la deuda con el hambre del pueblo&#8221;.<\/p>\n<p><strong>Cintia, CTAA Ampliaci\u00f3n Cabildo<\/strong>: &#8220;Estamos haciendo el aguante para que la gente deje de pasar hambre, queremos trabajos dignos y un plan de lucha, por eso se hizo este corte. Espero que tengamos una respuesta. Basta de hambre y miseria&#8221;.<\/p>\n<p><strong>Diego Villegas, secretario General de ATE Adelia Mar\u00eda<\/strong>. &#8220;Venimos a sostener la lucha de los trabajadores a este corte de ruta, tambi\u00e9n acompa\u00f1ando a los municipales reclamando incremento salarial y por la estabilidad laboral. Por eso nos plegamos al reclamo por la reincorporaci\u00f3n de los trabajadores despedidos del Estado nacional, provincial y municipal&#8221;.<img loading=\"lazy\" decoding=\"async\" class=\"alignleft wp-image-48334 \" src=\"https:\/\/atecordoba.org\/wp-content\/uploads\/2025\/04\/WhatsApp-Image-2025-04-09-at-11.00.36-1-1024x768.jpeg\" alt=\"\" width=\"424\" height=\"318\" srcset=\"https:\/\/atecordoba.org\/wp-content\/uploads\/2025\/04\/WhatsApp-Image-2025-04-09-at-11.00.36-1-1024x768.jpeg 1024w, https:\/\/atecordoba.org\/wp-content\/uploads\/2025\/04\/WhatsApp-Image-2025-04-09-at-11.00.36-1-300x225.jpeg 300w, https:\/\/atecordoba.org\/wp-content\/uploads\/2025\/04\/WhatsApp-Image-2025-04-09-at-11.00.36-1-768x576.jpeg 768w, https:\/\/atecordoba.org\/wp-content\/uploads\/2025\/04\/WhatsApp-Image-2025-04-09-at-11.00.36-1-1536x1152.jpeg 1536w, https:\/\/atecordoba.org\/wp-content\/uploads\/2025\/04\/WhatsApp-Image-2025-04-09-at-11.00.36-1-2048x1536.jpeg 2048w, https:\/\/atecordoba.org\/wp-content\/uploads\/2025\/04\/WhatsApp-Image-2025-04-09-at-11.00.36-1-750x563.jpeg 750w, https:\/\/atecordoba.org\/wp-content\/uploads\/2025\/04\/WhatsApp-Image-2025-04-09-at-11.00.36-1-1140x855.jpeg 1140w\" sizes=\"auto, (max-width: 424px) 100vw, 424px\" \/><\/p>\n<p><strong>Joni Cruse\u00f1o, secretario General de la Junta Interna de ATE F\u00e1brica Militar Villa Mar\u00eda<\/strong>. &#8220;Venimos a sumarnos a la jornada de lucha que convoca el CDP y la CTAA, junto a organizaciones como la Fenat. Le decimos no al ajuste de Milei y defender los derechos de los trabajadores&#8221;.<\/p>\n<p><strong>Ivana Mart\u00ednez, delegada de ATE SRT<\/strong>. &#8220;Nos movilizamos en el marco del paro general para hacer sentir nuestro reclamo por aumento salarial. Nuestros ingresos est\u00e1n por debajo de la l\u00ednea de la pobreza, es una realidad que no se puede sostener m\u00e1s&#8221;.<\/p>\n<p><strong>Gabriela Alcoba, secretaria Adjunta del CDP<\/strong>. &#8220;Hoy estamos cumpliendo el paro de 36 horas, en contra de las medidas de ajuste de este gobierno que viene a atacar a las y los trabajadores, sobre todo los estatales. Seguimos defendiendo los puestos de trabajo y repudiamos el nuevo acuerdo con el FMI. Es necesario que salgamos a la calle el pueblo unido y con solidaridad de clase&#8221;.<\/p>\n<p><strong>Federico Mina, secretario Administrativo de la Junta Interna ATE CONICET C\u00f3rdoba<\/strong>. &#8220;El gobierno nacional nos sigue recortando los sueldos, despidiendo empleados p\u00fablicos que est\u00e1n para servir a la sociedad. Los aumentos de sueldos no nos alcanzan y la comida sube todos los d\u00edas&#8221;.<img loading=\"lazy\" decoding=\"async\" class=\"aligncenter wp-image-48358 \" src=\"https:\/\/atecordoba.org\/wp-content\/uploads\/2025\/04\/WhatsApp-Image-2025-04-09-at-11.00.52-1-1024x768.jpeg\" alt=\"\" width=\"611\" height=\"459\" srcset=\"https:\/\/atecordoba.org\/wp-content\/uploads\/2025\/04\/WhatsApp-Image-2025-04-09-at-11.00.52-1-1024x768.jpeg 1024w, https:\/\/atecordoba.org\/wp-content\/uploads\/2025\/04\/WhatsApp-Image-2025-04-09-at-11.00.52-1-300x225.jpeg 300w, https:\/\/atecordoba.org\/wp-content\/uploads\/2025\/04\/WhatsApp-Image-2025-04-09-at-11.00.52-1-768x576.jpeg 768w, https:\/\/atecordoba.org\/wp-content\/uploads\/2025\/04\/WhatsApp-Image-2025-04-09-at-11.00.52-1-1536x1152.jpeg 1536w, https:\/\/atecordoba.org\/wp-content\/uploads\/2025\/04\/WhatsApp-Image-2025-04-09-at-11.00.52-1-2048x1536.jpeg 2048w, https:\/\/atecordoba.org\/wp-content\/uploads\/2025\/04\/WhatsApp-Image-2025-04-09-at-11.00.52-1-750x563.jpeg 750w, https:\/\/atecordoba.org\/wp-content\/uploads\/2025\/04\/WhatsApp-Image-2025-04-09-at-11.00.52-1-1140x855.jpeg 1140w\" sizes=\"auto, (max-width: 611px) 100vw, 611px\" \/><\/p>\n<p><strong>Andrea Ferreira, delegada de ATE en el Hospital R\u00edo Cuarto<\/strong>. &#8220;Estamos en representaci\u00f3n de la Salud Provincial entendiendo la lucha es una y la misma para todos. El gobierno de C\u00f3rdoba despide trabajadores, en una pol\u00edtica totalmente alineada con el gobierno nacional. Por lo que vamos a seguir dando la pelea en la calle, que es la \u00fanica v\u00eda que tenemos los trabajadores&#8221;.<\/p>\n<p><strong>Carlos Rang delegado de ATE en Agricultura Familiar<\/strong>. &#8220;Estamos hoy en la jornada de lucha dispuesto por los compa\u00f1eros de ATE y la CTAA, como en todo el pa\u00eds. Peleamos por la recuperaci\u00f3n de los puestos de trabajo, la reapertura de paritarias y salarios dignos. Repudiamos el acuerdo del FMI con que el gobierno nos quiere endeudar de nuevo porque es un nuevo saqueo al pueblo argentino&#8221;.<\/p>\n<div id='gallery_3' class='gallery galleryid-48324 gallery-columns-3 gallery-size-thumbnail'><figure class='gallery-item'>\n                <div class='gallery-icon landscape'>\n                    <a href='https:\/\/atecordoba.org\/wp-content\/uploads\/2025\/04\/WhatsApp-Image-2025-04-09-at-11.00.35-1-scaled.jpeg'><img loading=\"lazy\" decoding=\"async\" width=\"150\" height=\"150\" src=\"\" class=\"attachment-thumbnail size-thumbnail lazyload\" alt=\"\" data-src=\"https:\/\/atecordoba.org\/wp-content\/uploads\/2025\/04\/WhatsApp-Image-2025-04-09-at-11.00.35-1-150x150.jpeg\" data-sizes=\"auto\" data-srcset=\"https:\/\/atecordoba.org\/wp-content\/uploads\/2025\/04\/WhatsApp-Image-2025-04-09-at-11.00.35-1-150x150.jpeg 150w, https:\/\/atecordoba.org\/wp-content\/uploads\/2025\/04\/WhatsApp-Image-2025-04-09-at-11.00.35-1-560x560.jpeg 560w, https:\/\/atecordoba.org\/wp-content\/uploads\/2025\/04\/WhatsApp-Image-2025-04-09-at-11.00.35-1-75x75.jpeg 75w, https:\/\/atecordoba.org\/wp-content\/uploads\/2025\/04\/WhatsApp-Image-2025-04-09-at-11.00.35-1-350x350.jpeg 350w\" data-expand=\"700\" \/><\/a>\n                <\/div><\/figure><figure class='gallery-item'>\n                <div class='gallery-icon landscape'>\n                    <a href='https:\/\/atecordoba.org\/wp-content\/uploads\/2025\/04\/WhatsApp-Image-2025-04-09-at-11.00.35-scaled.jpeg'><img loading=\"lazy\" decoding=\"async\" width=\"150\" height=\"150\" src=\"\" class=\"attachment-thumbnail size-thumbnail lazyload\" alt=\"\" data-src=\"https:\/\/atecordoba.org\/wp-content\/uploads\/2025\/04\/WhatsApp-Image-2025-04-09-at-11.00.35-150x150.jpeg\" data-sizes=\"auto\" data-srcset=\"https:\/\/atecordoba.org\/wp-content\/uploads\/2025\/04\/WhatsApp-Image-2025-04-09-at-11.00.35-150x150.jpeg 150w, https:\/\/atecordoba.org\/wp-content\/uploads\/2025\/04\/WhatsApp-Image-2025-04-09-at-11.00.35-560x560.jpeg 560w, https:\/\/atecordoba.org\/wp-content\/uploads\/2025\/04\/WhatsApp-Image-2025-04-09-at-11.00.35-75x75.jpeg 75w, https:\/\/atecordoba.org\/wp-content\/uploads\/2025\/04\/WhatsApp-Image-2025-04-09-at-11.00.35-350x350.jpeg 350w\" data-expand=\"700\" \/><\/a>\n                <\/div><\/figure><figure class='gallery-item'>\n                <div class='gallery-icon landscape'>\n                    <a href='https:\/\/atecordoba.org\/wp-content\/uploads\/2025\/04\/WhatsApp-Image-2025-04-09-at-11.00.48-1.jpeg'><img loading=\"lazy\" decoding=\"async\" width=\"150\" height=\"150\" src=\"\" class=\"attachment-thumbnail size-thumbnail lazyload\" alt=\"\" data-src=\"https:\/\/atecordoba.org\/wp-content\/uploads\/2025\/04\/WhatsApp-Image-2025-04-09-at-11.00.48-1-150x150.jpeg\" data-sizes=\"auto\" data-srcset=\"https:\/\/atecordoba.org\/wp-content\/uploads\/2025\/04\/WhatsApp-Image-2025-04-09-at-11.00.48-1-150x150.jpeg 150w, https:\/\/atecordoba.org\/wp-content\/uploads\/2025\/04\/WhatsApp-Image-2025-04-09-at-11.00.48-1-560x560.jpeg 560w, https:\/\/atecordoba.org\/wp-content\/uploads\/2025\/04\/WhatsApp-Image-2025-04-09-at-11.00.48-1-75x75.jpeg 75w, https:\/\/atecordoba.org\/wp-content\/uploads\/2025\/04\/WhatsApp-Image-2025-04-09-at-11.00.48-1-350x350.jpeg 350w\" data-expand=\"700\" \/><\/a>\n                <\/div><\/figure><br style=\"clear: both\" \/><figure class='gallery-item'>\n                <div class='gallery-icon landscape'>\n                    <a href='https:\/\/atecordoba.org\/wp-content\/uploads\/2025\/04\/WhatsApp-Image-2025-04-09-at-11.00.49-2.jpeg'><img loading=\"lazy\" decoding=\"async\" width=\"150\" height=\"150\" src=\"\" class=\"attachment-thumbnail size-thumbnail lazyload\" alt=\"\" data-src=\"https:\/\/atecordoba.org\/wp-content\/uploads\/2025\/04\/WhatsApp-Image-2025-04-09-at-11.00.49-2-150x150.jpeg\" data-sizes=\"auto\" data-srcset=\"https:\/\/atecordoba.org\/wp-content\/uploads\/2025\/04\/WhatsApp-Image-2025-04-09-at-11.00.49-2-150x150.jpeg 150w, https:\/\/atecordoba.org\/wp-content\/uploads\/2025\/04\/WhatsApp-Image-2025-04-09-at-11.00.49-2-560x560.jpeg 560w, https:\/\/atecordoba.org\/wp-content\/uploads\/2025\/04\/WhatsApp-Image-2025-04-09-at-11.00.49-2-75x75.jpeg 75w, https:\/\/atecordoba.org\/wp-content\/uploads\/2025\/04\/WhatsApp-Image-2025-04-09-at-11.00.49-2-350x350.jpeg 350w\" data-expand=\"700\" \/><\/a>\n                <\/div><\/figure><figure class='gallery-item'>\n                <div class='gallery-icon landscape'>\n                    <a href='https:\/\/atecordoba.org\/wp-content\/uploads\/2025\/04\/WhatsApp-Image-2025-04-09-at-11.00.51-1-scaled.jpeg'><img loading=\"lazy\" decoding=\"async\" width=\"150\" height=\"150\" src=\"\" class=\"attachment-thumbnail size-thumbnail lazyload\" alt=\"\" data-src=\"https:\/\/atecordoba.org\/wp-content\/uploads\/2025\/04\/WhatsApp-Image-2025-04-09-at-11.00.51-1-150x150.jpeg\" data-sizes=\"auto\" data-srcset=\"https:\/\/atecordoba.org\/wp-content\/uploads\/2025\/04\/WhatsApp-Image-2025-04-09-at-11.00.51-1-150x150.jpeg 150w, https:\/\/atecordoba.org\/wp-content\/uploads\/2025\/04\/WhatsApp-Image-2025-04-09-at-11.00.51-1-560x560.jpeg 560w, https:\/\/atecordoba.org\/wp-content\/uploads\/2025\/04\/WhatsApp-Image-2025-04-09-at-11.00.51-1-75x75.jpeg 75w, https:\/\/atecordoba.org\/wp-content\/uploads\/2025\/04\/WhatsApp-Image-2025-04-09-at-11.00.51-1-350x350.jpeg 350w\" data-expand=\"700\" \/><\/a>\n                <\/div><\/figure><figure class='gallery-item'>\n                <div class='gallery-icon landscape'>\n                    <a href='https:\/\/atecordoba.org\/wp-content\/uploads\/2025\/04\/WhatsApp-Image-2025-04-09-at-11.00.51-scaled.jpeg'><img loading=\"lazy\" decoding=\"async\" width=\"150\" height=\"150\" src=\"\" class=\"attachment-thumbnail size-thumbnail lazyload\" alt=\"\" data-src=\"https:\/\/atecordoba.org\/wp-content\/uploads\/2025\/04\/WhatsApp-Image-2025-04-09-at-11.00.51-150x150.jpeg\" data-sizes=\"auto\" data-srcset=\"https:\/\/atecordoba.org\/wp-content\/uploads\/2025\/04\/WhatsApp-Image-2025-04-09-at-11.00.51-150x150.jpeg 150w, https:\/\/atecordoba.org\/wp-content\/uploads\/2025\/04\/WhatsApp-Image-2025-04-09-at-11.00.51-560x560.jpeg 560w, https:\/\/atecordoba.org\/wp-content\/uploads\/2025\/04\/WhatsApp-Image-2025-04-09-at-11.00.51-75x75.jpeg 75w, https:\/\/atecordoba.org\/wp-content\/uploads\/2025\/04\/WhatsApp-Image-2025-04-09-at-11.00.51-350x350.jpeg 350w\" data-expand=\"700\" \/><\/a>\n                <\/div><\/figure><br style=\"clear: both\" \/><figure class='gallery-item'>\n                <div class='gallery-icon portrait'>\n                    <a href='https:\/\/atecordoba.org\/wp-content\/uploads\/2025\/04\/WhatsApp-Image-2025-04-09-at-11.34.38-scaled.jpeg'><img loading=\"lazy\" decoding=\"async\" width=\"150\" height=\"150\" src=\"\" class=\"attachment-thumbnail size-thumbnail lazyload\" alt=\"\" data-src=\"https:\/\/atecordoba.org\/wp-content\/uploads\/2025\/04\/WhatsApp-Image-2025-04-09-at-11.34.38-150x150.jpeg\" data-sizes=\"auto\" data-srcset=\"https:\/\/atecordoba.org\/wp-content\/uploads\/2025\/04\/WhatsApp-Image-2025-04-09-at-11.34.38-150x150.jpeg 150w, https:\/\/atecordoba.org\/wp-content\/uploads\/2025\/04\/WhatsApp-Image-2025-04-09-at-11.34.38-560x560.jpeg 560w, https:\/\/atecordoba.org\/wp-content\/uploads\/2025\/04\/WhatsApp-Image-2025-04-09-at-11.34.38-75x75.jpeg 75w, https:\/\/atecordoba.org\/wp-content\/uploads\/2025\/04\/WhatsApp-Image-2025-04-09-at-11.34.38-350x350.jpeg 350w\" data-expand=\"700\" \/><\/a>\n                <\/div><\/figure><figure class='gallery-item'>\n                <div class='gallery-icon landscape'>\n                    <a href='https:\/\/atecordoba.org\/wp-content\/uploads\/2025\/04\/WhatsApp-Image-2025-04-09-at-11.34.41-1-scaled.jpeg'><img loading=\"lazy\" decoding=\"async\" width=\"150\" height=\"150\" src=\"\" class=\"attachment-thumbnail size-thumbnail lazyload\" alt=\"\" data-src=\"https:\/\/atecordoba.org\/wp-content\/uploads\/2025\/04\/WhatsApp-Image-2025-04-09-at-11.34.41-1-150x150.jpeg\" data-sizes=\"auto\" data-srcset=\"https:\/\/atecordoba.org\/wp-content\/uploads\/2025\/04\/WhatsApp-Image-2025-04-09-at-11.34.41-1-150x150.jpeg 150w, https:\/\/atecordoba.org\/wp-content\/uploads\/2025\/04\/WhatsApp-Image-2025-04-09-at-11.34.41-1-560x560.jpeg 560w, https:\/\/atecordoba.org\/wp-content\/uploads\/2025\/04\/WhatsApp-Image-2025-04-09-at-11.34.41-1-75x75.jpeg 75w, https:\/\/atecordoba.org\/wp-content\/uploads\/2025\/04\/WhatsApp-Image-2025-04-09-at-11.34.41-1-350x350.jpeg 350w\" data-expand=\"700\" \/><\/a>\n                <\/div><\/figure><figure class='gallery-item'>\n                <div class='gallery-icon landscape'>\n                    <a href='https:\/\/atecordoba.org\/wp-content\/uploads\/2025\/04\/WhatsApp-Image-2025-04-09-at-11.34.41-scaled.jpeg'><img loading=\"lazy\" decoding=\"async\" width=\"150\" height=\"150\" src=\"\" class=\"attachment-thumbnail size-thumbnail lazyload\" alt=\"\" data-src=\"https:\/\/atecordoba.org\/wp-content\/uploads\/2025\/04\/WhatsApp-Image-2025-04-09-at-11.34.41-150x150.jpeg\" data-sizes=\"auto\" data-srcset=\"https:\/\/atecordoba.org\/wp-content\/uploads\/2025\/04\/WhatsApp-Image-2025-04-09-at-11.34.41-150x150.jpeg 150w, https:\/\/atecordoba.org\/wp-content\/uploads\/2025\/04\/WhatsApp-Image-2025-04-09-at-11.34.41-560x560.jpeg 560w, https:\/\/atecordoba.org\/wp-content\/uploads\/2025\/04\/WhatsApp-Image-2025-04-09-at-11.34.41-75x75.jpeg 75w, https:\/\/atecordoba.org\/wp-content\/uploads\/2025\/04\/WhatsApp-Image-2025-04-09-at-11.34.41-350x350.jpeg 350w\" data-expand=\"700\" \/><\/a>\n                <\/div><\/figure><br style=\"clear: both\" \/><figure class='gallery-item'>\n                <div class='gallery-icon landscape'>\n                    <a href='https:\/\/atecordoba.org\/wp-content\/uploads\/2025\/04\/WhatsApp-Image-2025-04-09-at-11.00.24-scaled.jpeg'><img loading=\"lazy\" decoding=\"async\" width=\"150\" height=\"150\" src=\"\" class=\"attachment-thumbnail size-thumbnail lazyload\" alt=\"\" data-src=\"https:\/\/atecordoba.org\/wp-content\/uploads\/2025\/04\/WhatsApp-Image-2025-04-09-at-11.00.24-150x150.jpeg\" data-sizes=\"auto\" data-srcset=\"https:\/\/atecordoba.org\/wp-content\/uploads\/2025\/04\/WhatsApp-Image-2025-04-09-at-11.00.24-150x150.jpeg 150w, https:\/\/atecordoba.org\/wp-content\/uploads\/2025\/04\/WhatsApp-Image-2025-04-09-at-11.00.24-560x560.jpeg 560w, https:\/\/atecordoba.org\/wp-content\/uploads\/2025\/04\/WhatsApp-Image-2025-04-09-at-11.00.24-75x75.jpeg 75w, https:\/\/atecordoba.org\/wp-content\/uploads\/2025\/04\/WhatsApp-Image-2025-04-09-at-11.00.24-350x350.jpeg 350w\" data-expand=\"700\" \/><\/a>\n                <\/div><\/figure><figure class='gallery-item'>\n                <div class='gallery-icon landscape'>\n                    <a href='https:\/\/atecordoba.org\/wp-content\/uploads\/2025\/04\/WhatsApp-Image-2025-04-09-at-11.00.25-1-scaled.jpeg'><img loading=\"lazy\" decoding=\"async\" width=\"150\" height=\"150\" src=\"\" class=\"attachment-thumbnail size-thumbnail lazyload\" alt=\"\" data-src=\"https:\/\/atecordoba.org\/wp-content\/uploads\/2025\/04\/WhatsApp-Image-2025-04-09-at-11.00.25-1-150x150.jpeg\" data-sizes=\"auto\" data-srcset=\"https:\/\/atecordoba.org\/wp-content\/uploads\/2025\/04\/WhatsApp-Image-2025-04-09-at-11.00.25-1-150x150.jpeg 150w, https:\/\/atecordoba.org\/wp-content\/uploads\/2025\/04\/WhatsApp-Image-2025-04-09-at-11.00.25-1-560x560.jpeg 560w, https:\/\/atecordoba.org\/wp-content\/uploads\/2025\/04\/WhatsApp-Image-2025-04-09-at-11.00.25-1-75x75.jpeg 75w, https:\/\/atecordoba.org\/wp-content\/uploads\/2025\/04\/WhatsApp-Image-2025-04-09-at-11.00.25-1-350x350.jpeg 350w\" data-expand=\"700\" \/><\/a>\n                <\/div><\/figure><figure class='gallery-item'>\n                <div class='gallery-icon portrait'>\n                    <a href='https:\/\/atecordoba.org\/wp-content\/uploads\/2025\/04\/WhatsApp-Image-2025-04-09-at-11.00.25-scaled.jpeg'><img loading=\"lazy\" decoding=\"async\" width=\"150\" height=\"150\" src=\"\" class=\"attachment-thumbnail size-thumbnail lazyload\" alt=\"\" data-src=\"https:\/\/atecordoba.org\/wp-content\/uploads\/2025\/04\/WhatsApp-Image-2025-04-09-at-11.00.25-150x150.jpeg\" data-sizes=\"auto\" data-srcset=\"https:\/\/atecordoba.org\/wp-content\/uploads\/2025\/04\/WhatsApp-Image-2025-04-09-at-11.00.25-150x150.jpeg 150w, https:\/\/atecordoba.org\/wp-content\/uploads\/2025\/04\/WhatsApp-Image-2025-04-09-at-11.00.25-560x560.jpeg 560w, https:\/\/atecordoba.org\/wp-content\/uploads\/2025\/04\/WhatsApp-Image-2025-04-09-at-11.00.25-75x75.jpeg 75w, https:\/\/atecordoba.org\/wp-content\/uploads\/2025\/04\/WhatsApp-Image-2025-04-09-at-11.00.25-350x350.jpeg 350w\" data-expand=\"700\" \/><\/a>\n                <\/div><\/figure><br style=\"clear: both\" \/><figure class='gallery-item'>\n                <div class='gallery-icon landscape'>\n                    <a href='https:\/\/atecordoba.org\/wp-content\/uploads\/2025\/04\/WhatsApp-Image-2025-04-09-at-11.00.34-scaled.jpeg'><img loading=\"lazy\" decoding=\"async\" width=\"150\" height=\"150\" src=\"\" class=\"attachment-thumbnail size-thumbnail lazyload\" alt=\"\" data-src=\"https:\/\/atecordoba.org\/wp-content\/uploads\/2025\/04\/WhatsApp-Image-2025-04-09-at-11.00.34-150x150.jpeg\" data-sizes=\"auto\" data-srcset=\"https:\/\/atecordoba.org\/wp-content\/uploads\/2025\/04\/WhatsApp-Image-2025-04-09-at-11.00.34-150x150.jpeg 150w, https:\/\/atecordoba.org\/wp-content\/uploads\/2025\/04\/WhatsApp-Image-2025-04-09-at-11.00.34-560x560.jpeg 560w, https:\/\/atecordoba.org\/wp-content\/uploads\/2025\/04\/WhatsApp-Image-2025-04-09-at-11.00.34-75x75.jpeg 75w, https:\/\/atecordoba.org\/wp-content\/uploads\/2025\/04\/WhatsApp-Image-2025-04-09-at-11.00.34-350x350.jpeg 350w\" data-expand=\"700\" \/><\/a>\n                <\/div><\/figure><figure class='gallery-item'>\n                <div class='gallery-icon portrait'>\n                    <a href='https:\/\/atecordoba.org\/wp-content\/uploads\/2025\/04\/WhatsApp-Image-2025-04-09-at-11.34.40-scaled.jpeg'><img loading=\"lazy\" decoding=\"async\" width=\"150\" height=\"150\" src=\"\" class=\"attachment-thumbnail size-thumbnail lazyload\" alt=\"\" data-src=\"https:\/\/atecordoba.org\/wp-content\/uploads\/2025\/04\/WhatsApp-Image-2025-04-09-at-11.34.40-150x150.jpeg\" data-sizes=\"auto\" data-srcset=\"https:\/\/atecordoba.org\/wp-content\/uploads\/2025\/04\/WhatsApp-Image-2025-04-09-at-11.34.40-150x150.jpeg 150w, https:\/\/atecordoba.org\/wp-content\/uploads\/2025\/04\/WhatsApp-Image-2025-04-09-at-11.34.40-560x560.jpeg 560w, https:\/\/atecordoba.org\/wp-content\/uploads\/2025\/04\/WhatsApp-Image-2025-04-09-at-11.34.40-75x75.jpeg 75w, https:\/\/atecordoba.org\/wp-content\/uploads\/2025\/04\/WhatsApp-Image-2025-04-09-at-11.34.40-350x350.jpeg 350w\" data-expand=\"700\" \/><\/a>\n                <\/div><\/figure><figure class='gallery-item'>\n                <div class='gallery-icon landscape'>\n                    <a href='https:\/\/atecordoba.org\/wp-content\/uploads\/2025\/04\/WhatsApp-Image-2025-04-09-at-11.34.43-1-scaled-e1744214306522.jpeg'><img loading=\"lazy\" decoding=\"async\" width=\"150\" height=\"150\" src=\"\" class=\"attachment-thumbnail size-thumbnail lazyload\" alt=\"\" data-src=\"https:\/\/atecordoba.org\/wp-content\/uploads\/2025\/04\/WhatsApp-Image-2025-04-09-at-11.34.43-1-scaled-e1744214306522-150x150.jpeg\" data-sizes=\"auto\" data-srcset=\"https:\/\/atecordoba.org\/wp-content\/uploads\/2025\/04\/WhatsApp-Image-2025-04-09-at-11.34.43-1-scaled-e1744214306522-150x150.jpeg 150w, https:\/\/atecordoba.org\/wp-content\/uploads\/2025\/04\/WhatsApp-Image-2025-04-09-at-11.34.43-1-scaled-e1744214306522-300x298.jpeg 300w, https:\/\/atecordoba.org\/wp-content\/uploads\/2025\/04\/WhatsApp-Image-2025-04-09-at-11.34.43-1-scaled-e1744214306522-1024x1019.jpeg 1024w, https:\/\/atecordoba.org\/wp-content\/uploads\/2025\/04\/WhatsApp-Image-2025-04-09-at-11.34.43-1-scaled-e1744214306522-768x764.jpeg 768w, https:\/\/atecordoba.org\/wp-content\/uploads\/2025\/04\/WhatsApp-Image-2025-04-09-at-11.34.43-1-scaled-e1744214306522-1536x1528.jpeg 1536w, https:\/\/atecordoba.org\/wp-content\/uploads\/2025\/04\/WhatsApp-Image-2025-04-09-at-11.34.43-1-scaled-e1744214306522-560x560.jpeg 560w, https:\/\/atecordoba.org\/wp-content\/uploads\/2025\/04\/WhatsApp-Image-2025-04-09-at-11.34.43-1-scaled-e1744214306522-75x75.jpeg 75w, https:\/\/atecordoba.org\/wp-content\/uploads\/2025\/04\/WhatsApp-Image-2025-04-09-at-11.34.43-1-scaled-e1744214306522-350x350.jpeg 350w, https:\/\/atecordoba.org\/wp-content\/uploads\/2025\/04\/WhatsApp-Image-2025-04-09-at-11.34.43-1-scaled-e1744214306522-750x746.jpeg 750w, https:\/\/atecordoba.org\/wp-content\/uploads\/2025\/04\/WhatsApp-Image-2025-04-09-at-11.34.43-1-scaled-e1744214306522-1140x1134.jpeg 1140w, https:\/\/atecordoba.org\/wp-content\/uploads\/2025\/04\/WhatsApp-Image-2025-04-09-at-11.34.43-1-scaled-e1744214306522.jpeg 1920w\" data-expand=\"700\" \/><\/a>\n                <\/div><\/figure><br style=\"clear: both\" \/>\n            <\/div>\n\n","protected":false},"excerpt":{"rendered":"<p>ATE C\u00f3rdoba se moviliz\u00f3 hoy en el marco del Paro Nacional Activo que las y los estatales, junto a la CTAA y otras organizaciones, llevan adelante en todo el pa\u00eds, en repudio al gobierno de Milei y el nuevo endeudamiento con el FMI, en favor de aumento salarial y por la recuperaci\u00f3n de los puestos [&hellip;]<\/p>\n","protected":false},"author":7,"featured_media":48325,"comment_status":"open","ping_status":"open","sticky":false,"template":"","format":"standard","meta":{"_exactmetrics_skip_tracking":false,"_exactmetrics_sitenote_active":false,"_exactmetrics_sitenote_note":"","_exactmetrics_sitenote_category":0,"jnews-multi-image_gallery":[],"jnews_single_post":{"format":"standard","override":[{"template":"1","parallax":"1","fullscreen":"1","layout":"no-sidebar-narrow","sidebar":"default-sidebar","second_sidebar":"default-sidebar","sticky_sidebar":"1","share_position":"bottom","share_float_style":"share-monocrhome","show_share_counter":"1","show_view_counter":"1","show_post_meta":"1","show_post_author_image":"1","show_post_date":"1","post_date_format":"default","post_date_format_custom":"Y\/m\/d","show_post_category":"1","show_post_reading_time":"0","post_reading_time_wpm":"300","post_calculate_word_method":"str_word_count","show_zoom_button":"0","zoom_button_out_step":"2","zoom_button_in_step":"3","show_post_tag":"1","number_popup_post":"1","show_post_related":"1","show_inline_post_related":"0"}],"image_override":[{"single_post_thumbnail_size":"crop-500","single_post_gallery_size":"crop-500"}],"trending_post_position":"meta","trending_post_label":"Trending","sponsored_post_label":"Sponsored by","disable_ad":"0"},"jnews_primary_category":[],"jnews_social_meta":[],"jnews_review":[],"enable_review":"","type":"percentage","name":"","summary":"","brand":"","sku":"","good":[],"bad":[],"score_override":"","override_value":"","rating":[],"price":[],"jnews_override_counter":{"view_counter_number":"0","share_counter_number":"0","like_counter_number":"0","dislike_counter_number":"0"},"jnews_post_split":{"post_split":[{"template":"1","tag":"h2","numbering":"asc","mode":"normal","first":"0","enable_toc":"0","toc_type":"normal"}]},"footnotes":""},"categories":[341],"tags":[595],"class_list":["post-48324","post","type-post","status-publish","format-standard","has-post-thumbnail","hentry","category-cdp","tag-paro-nacional"],"jetpack_featured_media_url":"https:\/\/atecordoba.org\/wp-content\/uploads\/2025\/04\/WhatsApp-Image-2025-04-09-at-11.00.44-1-scaled-e1744214019823.jpeg","_links":{"self":[{"href":"https:\/\/atecordoba.org\/index.php?rest_route=\/wp\/v2\/posts\/48324","targetHints":{"allow":["GET"]}}],"collection":[{"href":"https:\/\/atecordoba.org\/index.php?rest_route=\/wp\/v2\/posts"}],"about":[{"href":"https:\/\/atecordoba.org\/index.php?rest_route=\/wp\/v2\/types\/post"}],"author":[{"embeddable":true,"href":"https:\/\/atecordoba.org\/index.php?rest_route=\/wp\/v2\/users\/7"}],"replies":[{"embeddable":true,"href":"https:\/\/atecordoba.org\/index.php?rest_route=%2Fwp%2Fv2%2Fcomments&post=48324"}],"version-history":[{"count":9,"href":"https:\/\/atecordoba.org\/index.php?rest_route=\/wp\/v2\/posts\/48324\/revisions"}],"predecessor-version":[{"id":48365,"href":"https:\/\/atecordoba.org\/index.php?rest_route=\/wp\/v2\/posts\/48324\/revisions\/48365"}],"wp:featuredmedia":[{"embeddable":true,"href":"https:\/\/atecordoba.org\/index.php?rest_route=\/wp\/v2\/media\/48325"}],"wp:attachment":[{"href":"https:\/\/atecordoba.org\/index.php?rest_route=%2Fwp%2Fv2%2Fmedia&parent=48324"}],"wp:term":[{"taxonomy":"category","embeddable":true,"href":"https:\/\/atecordoba.org\/index.php?rest_route=%2Fwp%2Fv2%2Fcategories&post=48324"},{"taxonomy":"post_tag","embeddable":true,"href":"https:\/\/atecordoba.org\/index.php?rest_route=%2Fwp%2Fv2%2Ftags&post=48324"}],"curies":[{"name":"wp","href":"https:\/\/api.w.org\/{rel}","templated":true}]}}