{"id":48307,"date":"2025-04-08T14:16:45","date_gmt":"2025-04-08T17:16:45","guid":{"rendered":"https:\/\/atecordoba.org\/?p=48307"},"modified":"2025-04-08T20:34:25","modified_gmt":"2025-04-08T23:34:25","slug":"profesionales-de-la-ex-saf-con-el-ministerio-de-cooperativas-y-mutuales-de-cordoba","status":"publish","type":"post","link":"https:\/\/atecordoba.org\/?p=48307","title":{"rendered":"ATE presenta al Ministerio de Cooperativas y Mutuales de C\u00f3rdoba una propuesta de acompa\u00f1amiento financiero para cooperativas de despedidos del Estado nacional"},"content":{"rendered":"<p><img loading=\"lazy\" decoding=\"async\" class=\"aligncenter wp-image-48308 size-full\" src=\"https:\/\/atecordoba.org\/wp-content\/uploads\/2025\/04\/WhatsApp-Image-2025-04-08-at-13.16.50.jpeg\" alt=\"\" width=\"743\" height=\"900\" srcset=\"https:\/\/atecordoba.org\/wp-content\/uploads\/2025\/04\/WhatsApp-Image-2025-04-08-at-13.16.50.jpeg 743w, https:\/\/atecordoba.org\/wp-content\/uploads\/2025\/04\/WhatsApp-Image-2025-04-08-at-13.16.50-248x300.jpeg 248w\" sizes=\"auto, (max-width: 743px) 100vw, 743px\" \/><\/p>\n<p>Esta ma\u00f1ana se realiz\u00f3 una reuni\u00f3n en el Ministerio de Cooperativas y Mutuales de C\u00f3rdoba donde ATE acerc\u00f3 a funcionarios del organismo un programa de fomento y articulaci\u00f3n con cooperativas de trabajadores estatales, que surge como respuesta a la cr\u00edtica situaci\u00f3n de desempleo generada por el desmantelamiento de pol\u00edticas p\u00fablicas y el despido masivo de profesionales con trayectoria, formaci\u00f3n y compromiso con el bienestar colectivo. agricultura familiar en la provincia.<\/p>\n<p>La delegada de ATE en Instituto Nacional de Agricultura Familiar Campesina e Ind\u00edgena (INAFCI) de la Naci\u00f3n, Natalia Arrieta, present\u00f3 la propuesta en la cartera provincial, junto con la secretaria de Acci\u00f3n Pol\u00edtica del Consejo Directivo Provincial (CDP), Alejandra Agnone, y su par de Prensa y Comunicaci\u00f3n, Julia Giuliani.<\/p>\n<p>Esta iniciativa se realiza mientras ATE contin\u00faa reclamando la reincorporaci\u00f3n de todas y todos los despedidos, as\u00ed como la reapertura de las oficinas de organismos nacionales en C\u00f3rdoba, atento a la necesidad de encontrar una soluci\u00f3n de las decenas de trabajadoras\/es profesionales y administrativos que est\u00e1n en condiciones de garantizar que las pol\u00edticas p\u00fablicas provinciales en la materia puedan atender la demanda de toda una poblaci\u00f3n que ya no cuenta con la presencia del Estado nacional.<\/p>\n<p><img loading=\"lazy\" decoding=\"async\" class=\"aligncenter wp-image-48309\" src=\"https:\/\/atecordoba.org\/wp-content\/uploads\/2025\/04\/WhatsApp-Image-2025-04-08-at-13.17.03-1024x576.jpeg\" alt=\"\" width=\"626\" height=\"352\" srcset=\"https:\/\/atecordoba.org\/wp-content\/uploads\/2025\/04\/WhatsApp-Image-2025-04-08-at-13.17.03-1024x576.jpeg 1024w, https:\/\/atecordoba.org\/wp-content\/uploads\/2025\/04\/WhatsApp-Image-2025-04-08-at-13.17.03-300x169.jpeg 300w, https:\/\/atecordoba.org\/wp-content\/uploads\/2025\/04\/WhatsApp-Image-2025-04-08-at-13.17.03-768x432.jpeg 768w, https:\/\/atecordoba.org\/wp-content\/uploads\/2025\/04\/WhatsApp-Image-2025-04-08-at-13.17.03-1536x864.jpeg 1536w, https:\/\/atecordoba.org\/wp-content\/uploads\/2025\/04\/WhatsApp-Image-2025-04-08-at-13.17.03-750x422.jpeg 750w, https:\/\/atecordoba.org\/wp-content\/uploads\/2025\/04\/WhatsApp-Image-2025-04-08-at-13.17.03-1140x641.jpeg 1140w, https:\/\/atecordoba.org\/wp-content\/uploads\/2025\/04\/WhatsApp-Image-2025-04-08-at-13.17.03.jpeg 1600w\" sizes=\"auto, (max-width: 626px) 100vw, 626px\" \/><\/p>\n<p>&#8220;Nuestra situaci\u00f3n como despedidos es de total vulnerabilidad. Entre muchos profesionales que integramos la SAF armamos un programa para fomentar la organizaci\u00f3n de cooperativas, donde trabajadores con muchos a\u00f1os de experiencia en la implementaci\u00f3n de pol\u00edticas sociales, productivas y de desarrollo puedan seguir realizando su actividad para focalizar pol\u00edticas en la poblaci\u00f3n que qued\u00f3 sin atenci\u00f3n a partir del cierre de organismos nacionales&#8221;, explic\u00f3 Arrieta, licenciada en econom\u00eda con 12 a\u00f1os de antig\u00fcedad en la dependencia.<\/p>\n<p>La propuesta es &#8220;una alternativa de trabajo digno y autogestionado, una salida organizada ante la crisis que viven las y los trabajadores estatales nacionales, aprovechando el conocimiento y la experiencia administrativa en el Estado&#8221;, concluy\u00f3 Arrieta.<\/p>\n<p>Si bien el programa buscar canalizar la demanda de agricultura familiar, se trata de una iniciativa de ATE orientada a contener a todas y todos los trabajadores estatales en la provincia.<\/p>\n<a href=\"https:\/\/atecordoba.org\/wp-content\/uploads\/2025\/04\/Programa-ATE-Trabajo-Cooperativo.pdf\" class=\"pdfemb-viewer\" style=\"\" data-width=\"max\" data-height=\"max\" data-toolbar=\"bottom\" data-toolbar-fixed=\"off\">Programa ATE Trabajo Cooperativo<\/a>\n","protected":false},"excerpt":{"rendered":"<p>Esta ma\u00f1ana se realiz\u00f3 una reuni\u00f3n en el Ministerio de Cooperativas y Mutuales de C\u00f3rdoba donde ATE acerc\u00f3 a funcionarios del organismo un programa de fomento y articulaci\u00f3n con cooperativas de trabajadores estatales, que surge como respuesta a la cr\u00edtica situaci\u00f3n de desempleo generada por el desmantelamiento de pol\u00edticas p\u00fablicas y el despido masivo de [&hellip;]<\/p>\n","protected":false},"author":7,"featured_media":48315,"comment_status":"open","ping_status":"open","sticky":false,"template":"","format":"standard","meta":{"_exactmetrics_skip_tracking":false,"_exactmetrics_sitenote_active":false,"_exactmetrics_sitenote_note":"","_exactmetrics_sitenote_category":0,"jnews-multi-image_gallery":[],"jnews_single_post":{"format":"standard","override":[{"template":"1","parallax":"1","fullscreen":"1","layout":"no-sidebar-narrow","sidebar":"default-sidebar","second_sidebar":"default-sidebar","sticky_sidebar":"1","share_position":"bottom","share_float_style":"share-monocrhome","show_share_counter":"1","show_view_counter":"1","show_post_meta":"1","show_post_author_image":"1","show_post_date":"1","post_date_format":"default","post_date_format_custom":"Y\/m\/d","show_post_category":"1","show_post_reading_time":"0","post_reading_time_wpm":"300","post_calculate_word_method":"str_word_count","show_zoom_button":"0","zoom_button_out_step":"2","zoom_button_in_step":"3","show_post_tag":"1","number_popup_post":"1","show_post_related":"1","show_inline_post_related":"0"}],"image_override":[{"single_post_thumbnail_size":"crop-500","single_post_gallery_size":"crop-500"}],"trending_post_position":"meta","trending_post_label":"Trending","sponsored_post_label":"Sponsored by","disable_ad":"0"},"jnews_primary_category":[],"jnews_social_meta":[],"jnews_review":[],"enable_review":"","type":"percentage","name":"","summary":"","brand":"","sku":"","good":[],"bad":[],"score_override":"","override_value":"","rating":[],"price":[],"jnews_override_counter":{"view_counter_number":"0","share_counter_number":"0","like_counter_number":"0","dislike_counter_number":"0"},"jnews_post_split":{"post_split":[{"template":"1","tag":"h2","numbering":"asc","mode":"normal","first":"0","enable_toc":"0","toc_type":"normal"}]},"footnotes":""},"categories":[18],"tags":[],"class_list":["post-48307","post","type-post","status-publish","format-standard","has-post-thumbnail","hentry","category-nacionales"],"jetpack_featured_media_url":"https:\/\/atecordoba.org\/wp-content\/uploads\/2025\/04\/WhatsApp-Image-2025-04-08-at-13.16.50-2.jpeg","_links":{"self":[{"href":"https:\/\/atecordoba.org\/index.php?rest_route=\/wp\/v2\/posts\/48307","targetHints":{"allow":["GET"]}}],"collection":[{"href":"https:\/\/atecordoba.org\/index.php?rest_route=\/wp\/v2\/posts"}],"about":[{"href":"https:\/\/atecordoba.org\/index.php?rest_route=\/wp\/v2\/types\/post"}],"author":[{"embeddable":true,"href":"https:\/\/atecordoba.org\/index.php?rest_route=\/wp\/v2\/users\/7"}],"replies":[{"embeddable":true,"href":"https:\/\/atecordoba.org\/index.php?rest_route=%2Fwp%2Fv2%2Fcomments&post=48307"}],"version-history":[{"count":10,"href":"https:\/\/atecordoba.org\/index.php?rest_route=\/wp\/v2\/posts\/48307\/revisions"}],"predecessor-version":[{"id":48322,"href":"https:\/\/atecordoba.org\/index.php?rest_route=\/wp\/v2\/posts\/48307\/revisions\/48322"}],"wp:featuredmedia":[{"embeddable":true,"href":"https:\/\/atecordoba.org\/index.php?rest_route=\/wp\/v2\/media\/48315"}],"wp:attachment":[{"href":"https:\/\/atecordoba.org\/index.php?rest_route=%2Fwp%2Fv2%2Fmedia&parent=48307"}],"wp:term":[{"taxonomy":"category","embeddable":true,"href":"https:\/\/atecordoba.org\/index.php?rest_route=%2Fwp%2Fv2%2Fcategories&post=48307"},{"taxonomy":"post_tag","embeddable":true,"href":"https:\/\/atecordoba.org\/index.php?rest_route=%2Fwp%2Fv2%2Ftags&post=48307"}],"curies":[{"name":"wp","href":"https:\/\/api.w.org\/{rel}","templated":true}]}}