{"id":48300,"date":"2025-04-08T11:14:28","date_gmt":"2025-04-08T14:14:28","guid":{"rendered":"https:\/\/atecordoba.org\/?p=48300"},"modified":"2025-04-08T11:17:28","modified_gmt":"2025-04-08T14:17:28","slug":"basta-de-atacar-a-las-os-trabajadores-paro-nacional-por-36-horas","status":"publish","type":"post","link":"https:\/\/atecordoba.org\/?p=48300","title":{"rendered":"Basta de atacar a las\/os trabajadores: Paro Nacional por 36 horas"},"content":{"rendered":"<p><img loading=\"lazy\" decoding=\"async\" class=\"aligncenter wp-image-48301 \" src=\"https:\/\/atecordoba.org\/wp-content\/uploads\/2025\/04\/WhatsApp-Image-2025-04-07-at-18.32.28-819x1024.jpeg\" alt=\"\" width=\"605\" height=\"757\" srcset=\"https:\/\/atecordoba.org\/wp-content\/uploads\/2025\/04\/WhatsApp-Image-2025-04-07-at-18.32.28-819x1024.jpeg 819w, https:\/\/atecordoba.org\/wp-content\/uploads\/2025\/04\/WhatsApp-Image-2025-04-07-at-18.32.28-240x300.jpeg 240w, https:\/\/atecordoba.org\/wp-content\/uploads\/2025\/04\/WhatsApp-Image-2025-04-07-at-18.32.28-768x960.jpeg 768w, https:\/\/atecordoba.org\/wp-content\/uploads\/2025\/04\/WhatsApp-Image-2025-04-07-at-18.32.28-750x938.jpeg 750w, https:\/\/atecordoba.org\/wp-content\/uploads\/2025\/04\/WhatsApp-Image-2025-04-07-at-18.32.28.jpeg 1080w\" sizes=\"auto, (max-width: 605px) 100vw, 605px\" \/><\/p>\n<p>En el marco de la huelga general dispuesta por la CTAA y las centrales obreras ATE C\u00f3rdoba realizar\u00e1 a partir de ma\u00f1ana 9 de abril un Paro Nacional por 36 horas, desde las 12 horas y hasta las 24 horas del jueves 10 de abril.<\/p>\n<p>ATE repudia la pol\u00edtica de destrucci\u00f3n del Estado, el endeudamiento nacional, el ataque oficial al aparato productivo y la represi\u00f3n feroz, \u00fanico camino que tiene el gobierno de Milei para imponer su plan de ajuste sobre el conjunto de la poblaci\u00f3n, mientras la inflaci\u00f3n sigue golpeando nuestros ingresos, m\u00e1s all\u00e1 de las propaganda oficial.<\/p>\n<p>Frente a este ataque sistem\u00e1tico al Movimiento Obrero es necesario realizar una respuesta unificada y contundente que revierta esta pol\u00edtica antipopular.<\/p>\n<p>Seg\u00fan lo resuelto por la conducci\u00f3n nacional, las y los estatales reclamamos:<\/p>\n<ul>\n<li>Reapertura de las paritarias e inmediato inicio de un proceso de recuperaci\u00f3n de los salarios.<\/li>\n<li>Reincorporaci\u00f3n de trabajadoras y trabajadores despedidos de manera ilegal.<\/li>\n<li>Rechazo a la privatizaci\u00f3n de empresas p\u00fablicas.<\/li>\n<\/ul>\n<p>La medida de fuerza incluye una agenda de reivindicaciones est\u00e1 compuesta por:<\/p>\n<ul>\n<li>Rechazo a la fusi\u00f3n y cierre de organismos.<\/li>\n<li>Repudio a la escandalosa decisi\u00f3n de aumentar el sueldo a los funcionarios que cesantean trabajadores (Decisi\u00f3n Administrativa 7\/2025-JGM).<\/li>\n<li>Aumento de emergencia para todas las y los jubilados.<\/li>\n<li>Restituci\u00f3n del Fondo de Garant\u00eda de Sustentabilidad (FGS) de la ANSES.<\/li>\n<li>Restituci\u00f3n de la moratoria previsional y normalizaci\u00f3n del INSSJyP.<\/li>\n<\/ul>\n<p>Las y los estatales sufrimos el m\u00e1s cruel de los ajustes de nuestros salarios, despidos y cierres de organismos p\u00fablicos, por lo que nuestra organizaci\u00f3n profundiza un plan de lucha con protestas p\u00fablicas, radios abiertas, cortes de calle y paralizaci\u00f3n total de todos los sectores de trabajo.<\/p>\n<p>Para ma\u00f1ana, ATE C\u00f3rdoba realizar\u00e1 una movilizaci\u00f3n con las organizaciones de jubilados a las 10 horas en Plaza San Mart\u00edn para luego movilizarnos por la ciudad.<\/p>\n<p>A los fines de lograr el m\u00e1ximo efecto organizativo, cada sector de trabajo deber\u00e1 coordinar con sus delegados y delegadas los lugares de concentraci\u00f3n.<\/p>\n<p>Con unidad y organizaci\u00f3n vamos a dar ma\u00f1ana un mensaje claro al poder: \u00a1Basta de atacar a las y los trabajadores!<\/p>\n","protected":false},"excerpt":{"rendered":"<p>En el marco de la huelga general dispuesta por la CTAA y las centrales obreras ATE C\u00f3rdoba realizar\u00e1 a partir de ma\u00f1ana 9 de abril un Paro Nacional por 36 horas, desde las 12 horas y hasta las 24 horas del jueves 10 de abril. ATE repudia la pol\u00edtica de destrucci\u00f3n del Estado, el endeudamiento [&hellip;]<\/p>\n","protected":false},"author":7,"featured_media":48302,"comment_status":"open","ping_status":"open","sticky":false,"template":"","format":"standard","meta":{"_exactmetrics_skip_tracking":false,"_exactmetrics_sitenote_active":false,"_exactmetrics_sitenote_note":"","_exactmetrics_sitenote_category":0,"jnews-multi-image_gallery":[],"jnews_single_post":{"format":"standard","override":[{"template":"1","parallax":"1","fullscreen":"1","layout":"no-sidebar-narrow","sidebar":"default-sidebar","second_sidebar":"default-sidebar","sticky_sidebar":"1","share_position":"bottom","share_float_style":"share-monocrhome","show_share_counter":"1","show_view_counter":"1","show_post_meta":"1","show_post_author_image":"1","show_post_date":"1","post_date_format":"default","post_date_format_custom":"Y\/m\/d","show_post_category":"1","show_post_reading_time":"0","post_reading_time_wpm":"300","post_calculate_word_method":"str_word_count","show_zoom_button":"0","zoom_button_out_step":"2","zoom_button_in_step":"3","show_post_tag":"1","number_popup_post":"1","show_post_related":"1","show_inline_post_related":"0"}],"image_override":[{"single_post_thumbnail_size":"crop-500","single_post_gallery_size":"crop-500"}],"trending_post_position":"meta","trending_post_label":"Trending","sponsored_post_label":"Sponsored by","disable_ad":"0"},"jnews_primary_category":[],"jnews_social_meta":[],"jnews_review":[],"enable_review":"","type":"percentage","name":"","summary":"","brand":"","sku":"","good":[],"bad":[],"score_override":"","override_value":"","rating":[],"price":[],"jnews_override_counter":{"view_counter_number":"0","share_counter_number":"0","like_counter_number":"0","dislike_counter_number":"0"},"jnews_post_split":{"post_split":[{"template":"1","tag":"h2","numbering":"asc","mode":"normal","first":"0","enable_toc":"0","toc_type":"normal"}]},"footnotes":""},"categories":[341],"tags":[1475,1413,595],"class_list":["post-48300","post","type-post","status-publish","format-standard","has-post-thumbnail","hentry","category-cdp","tag-huelga-general","tag-paro-general","tag-paro-nacional"],"jetpack_featured_media_url":"https:\/\/atecordoba.org\/wp-content\/uploads\/2025\/04\/WhatsApp-Image-2025-04-07-at-18.32.28-1.jpeg","_links":{"self":[{"href":"https:\/\/atecordoba.org\/index.php?rest_route=\/wp\/v2\/posts\/48300","targetHints":{"allow":["GET"]}}],"collection":[{"href":"https:\/\/atecordoba.org\/index.php?rest_route=\/wp\/v2\/posts"}],"about":[{"href":"https:\/\/atecordoba.org\/index.php?rest_route=\/wp\/v2\/types\/post"}],"author":[{"embeddable":true,"href":"https:\/\/atecordoba.org\/index.php?rest_route=\/wp\/v2\/users\/7"}],"replies":[{"embeddable":true,"href":"https:\/\/atecordoba.org\/index.php?rest_route=%2Fwp%2Fv2%2Fcomments&post=48300"}],"version-history":[{"count":3,"href":"https:\/\/atecordoba.org\/index.php?rest_route=\/wp\/v2\/posts\/48300\/revisions"}],"predecessor-version":[{"id":48305,"href":"https:\/\/atecordoba.org\/index.php?rest_route=\/wp\/v2\/posts\/48300\/revisions\/48305"}],"wp:featuredmedia":[{"embeddable":true,"href":"https:\/\/atecordoba.org\/index.php?rest_route=\/wp\/v2\/media\/48302"}],"wp:attachment":[{"href":"https:\/\/atecordoba.org\/index.php?rest_route=%2Fwp%2Fv2%2Fmedia&parent=48300"}],"wp:term":[{"taxonomy":"category","embeddable":true,"href":"https:\/\/atecordoba.org\/index.php?rest_route=%2Fwp%2Fv2%2Fcategories&post=48300"},{"taxonomy":"post_tag","embeddable":true,"href":"https:\/\/atecordoba.org\/index.php?rest_route=%2Fwp%2Fv2%2Ftags&post=48300"}],"curies":[{"name":"wp","href":"https:\/\/api.w.org\/{rel}","templated":true}]}}