{"id":48295,"date":"2025-04-07T14:01:42","date_gmt":"2025-04-07T17:01:42","guid":{"rendered":"https:\/\/atecordoba.org\/?p=48295"},"modified":"2025-04-07T14:05:23","modified_gmt":"2025-04-07T17:05:23","slug":"ate-cordoba-se-alista-para-cumplir-el-paro-general-por-36-horas","status":"publish","type":"post","link":"https:\/\/atecordoba.org\/?p=48295","title":{"rendered":"ATE C\u00f3rdoba se alista para cumplir el paro nacional por 36 horas"},"content":{"rendered":"<p><img loading=\"lazy\" decoding=\"async\" class=\"aligncenter wp-image-48296 \" src=\"https:\/\/atecordoba.org\/wp-content\/uploads\/2025\/04\/WhatsApp-Image-2025-04-07-at-13.38.16-724x1024.jpeg\" alt=\"\" width=\"636\" height=\"900\" srcset=\"https:\/\/atecordoba.org\/wp-content\/uploads\/2025\/04\/WhatsApp-Image-2025-04-07-at-13.38.16-724x1024.jpeg 724w, https:\/\/atecordoba.org\/wp-content\/uploads\/2025\/04\/WhatsApp-Image-2025-04-07-at-13.38.16-212x300.jpeg 212w, https:\/\/atecordoba.org\/wp-content\/uploads\/2025\/04\/WhatsApp-Image-2025-04-07-at-13.38.16-768x1086.jpeg 768w, https:\/\/atecordoba.org\/wp-content\/uploads\/2025\/04\/WhatsApp-Image-2025-04-07-at-13.38.16-1086x1536.jpeg 1086w, https:\/\/atecordoba.org\/wp-content\/uploads\/2025\/04\/WhatsApp-Image-2025-04-07-at-13.38.16-750x1061.jpeg 750w, https:\/\/atecordoba.org\/wp-content\/uploads\/2025\/04\/WhatsApp-Image-2025-04-07-at-13.38.16.jpeg 1131w\" sizes=\"auto, (max-width: 636px) 100vw, 636px\" \/><\/p>\n<p>Las y los estatales de C\u00f3rdoba se aprestan a llevar adelante el paro general dispuesto por la CTAA y las centrales sindicales, en el marco del plan de lucha que ATE viene realizando desde la asunci\u00f3n de Javier Milei, mandatario que se propuso destruir el Estado y cuyos efectos se sintieron de forma notable en la provincia, con despidos y cierre de dependencias y programas de asistencia social en todo el territorio cordob\u00e9s.<\/p>\n<p>Estas medidas impactan directamente en las pol\u00edticas p\u00fablicas que garantizan el acceso a derechos b\u00e1sicos de la poblaci\u00f3n m\u00e1s vulnerable, como es el caso de las y los jubilados nacionales que vieron imponer un cruel ajuste sobre las ayudas que brindaba PAMI, retirando los remedios gratuitos mientras el salario cae por debajo de la l\u00ednea de la indigencia.<\/p>\n<p>Adem\u00e1s, se trata de resoluciones que decantan sobre las administraciones provinciales y municipales, sobre todo en C\u00f3rdoba donde el Gobernador Mart\u00edn Llaryora se ha jactado de aplicar un ajuste presupuestario a\u00fan m\u00e1s profundo que el realizado por Milei.<\/p>\n<p>Frente a este panorama, ATE C\u00f3rdoba dio un paso al frente el 11 de diciembre de 2023 al realizar el primer piquetazo contra el gobierno libertario, el primero del pa\u00eds.<\/p>\n<p>La decisi\u00f3n tuvo continuidad en las numerosas protestas, paros y acciones gremiales que llevaron a nuestra organizaci\u00f3n a ganar la calle y ubicarse en el lote de sindicatos combativos, a la vanguardia de la conflictividad social en rechazo al brutal ajuste libertario.<\/p>\n<p>En ese marco, el secretario General de ATE C\u00f3rdoba, Federico Giuliani, dijo durante el acto realizado el pasado 27 de marzo, durante el paro nacional de ATE, que \u201cestamos frente a un contexto muy dif\u00edcil, lo decimos hace rato. Algunos no quisieron escuchar. Desde marzo del a\u00f1o pasado cuando tuvimos los primeros despidos que lo venimos planteando: van a venir a cerrar los organismos p\u00fablicos. Esta pelea no es sectorial, hay que construir solidaridad en la calle para tener relaci\u00f3n de fuerza que lo eche a Javier Milei y su banda de forajidos de la Rosada. Porque la solidaridad de clase es la \u00fanica que va a salvar al pueblo\u201d.<\/p>\n<p>En la ocasi\u00f3n, Giuliani fustig\u00f3 a la clase pol\u00edtica al preguntarse \u201c\u00bfc\u00f3mo puede ser que estos marcianos gobiernen la Argentina con los pocos legisladores que tienen?\u201d. \u201cDebemos advertir a la clase pol\u00edtica rentada, los del palo y los del no palo: d\u00e9jense de romper las pelotas, p\u00f3nganse a la altura de las circunstancias y s\u00famense al paro para construir una sociedad distinta. El mensaje es tambi\u00e9n para Llaryora y su grupo de bandidos que tienen el mote de diputados y senadores nacionales. Ellos son quienes con su complicidad, su silencio y su mano de yeso han convertido al Congreso en una escriban\u00eda de Milei\u201d, denunci\u00f3.<\/p>\n<p><strong>La calle despierta<\/strong><\/p>\n<p>En 2025, el aparente consenso que mostraba Milei para imponer su \u201cplan motosierra\u201d ha perdido fuerza: las movilizaciones de las y los jubilados al Congreso \u2013y su brutal represi\u00f3n-, la persistente resistencia de nuestro pueblo en distintos puntos del pa\u00eds, el desbarranque evidente de su plan econ\u00f3mico y su alineaci\u00f3n autom\u00e1tica con EEUU en momentos que Donald Trump desata unas guerra comercial mundial con el consecuente impacto en la producci\u00f3n nacional y el empleo est\u00e1n despertando el repudio a su gobierno.<\/p>\n<p>En ese marco, el secretario General de ATE, Rodolfo Aguiar, afirm\u00f3 que \u201cel topo que vino a destruirnos est\u00e1 tambaleando. Tenemos que seguir golpe\u00e1ndolo. En este momento cae el apoyo popular al Gobierno. Empieza a perder la guerra que nos declar\u00f3 a los estatales apenas asumi\u00f3. La huelga de un d\u00eda y medio tiene fuerte consenso y servir\u00e1 para seguir poni\u00e9ndole freno a quienes gobiernan a decretazo y represi\u00f3n\u201d, apunt\u00f3.<\/p>\n<p>\u201cEsta medida de fuerza tambi\u00e9n se debe transformar en un mensaje para los diputados que tienen que dejar de venderse, reaccionar y empezar a defender toda la institucionalidad mancillada. De la Corte no podemos esperar nada porque est\u00e1 usurpada. Por estas horas se extingue el Estado de Derecho en la Argentina\u201d, sentenci\u00f3 Aguiar luego del rechazo en el Senado a los pliegos de Manuel Garc\u00eda Mansilla y Ariel Lijo.<\/p>\n<p>Y denunci\u00f3 que \u201cla mejora econ\u00f3mica que festeja el Gobierno no se siente en los hogares. No hay menos pobres, est\u00e1n disimulados. Reclamamos un aumento de emergencia que nos permita reparar el deterioro grave que han sufrido los salarios en el sector p\u00fablico\u201d, apunt\u00f3 Rodolfo Aguiar.<\/p>\n<p>\u201cUn nuevo acuerdo con el FMI no traer\u00e1 nada bueno para el pa\u00eds, solo m\u00e1s deuda y m\u00e1s ajuste. Tenemos que aprovecharlo y darle continuidad al plan de acci\u00f3n. No podemos quedarnos solo en el Paro General, debemos pensar c\u00f3mo seguimos profundizando la lucha\u201d, concluy\u00f3 el Secretario General de ATE Nacional.<\/p>\n<p>Mientras est\u00e9 vigente la huelga que comenzar\u00e1 el mi\u00e9rcoles a las 12 del mediod\u00eda y finalizar\u00e1 el jueves a la medianoche, ATE garantizar\u00e1 guardias m\u00ednimas en hospitales y s\u00f3lo atenci\u00f3n de urgencia en centros asistenciales de ni\u00f1os, adolescentes y adultos mayores. Toda la Administraci\u00f3n P\u00fablica se mantendr\u00e1 paralizada y todos los tr\u00e1mites deber\u00e1n realizarse una vez finalizada la medida de fuerza.<\/p>\n<p>Otros servicios que se ver\u00e1n afectados son la recolecci\u00f3n de residuos, auxiliares de educaci\u00f3n, guardia urbana, migraciones, los controles sanitarios en puertos y aduanas del el Senasa, s\u00f3lo se garantizar\u00e1n vuelos sanitarios y de Estado por parte de la Administraci\u00f3n Nacional de Aviaci\u00f3n Civil (ANAC), PAMI y ANSES atender\u00e1n \u00fanicamente emergencias, radiooperadores de medios p\u00fablicos, personal de manejo de incendios forestales, agentes de tr\u00e1nsito, controladores a\u00e9reos, la Comisi\u00f3n Nacional de Regulaci\u00f3n de Transporte (CNRT), migraciones y mantenimiento de plantas nucleares, como as\u00ed tambi\u00e9n los servicios p\u00fablicos en provincias y municipios, entre otros.<\/p>\n<p><strong>Salarios y reclamos<\/strong><\/p>\n<p>ATE exige al Gobierno un aumento de emergencia en una sola cuota para compensar la p\u00e9rdida del poder adquisitivo sufrida desde el a\u00f1o pasado, y un bono mensual de 150 mil pesos.<\/p>\n<p>Cabe recordar que hasta el momento la Administraci\u00f3n P\u00fablica Nacional s\u00f3lo tuvo aumentos de 1,5% y 1,2% en enero y febrero, mientras que la inflaci\u00f3n en esos meses fue de 2,2% y 2,4% respectivamente. Adem\u00e1s, el Gobierno mantuvo la negociaci\u00f3n salarial en cuarto intermedio sin posibilidad de di\u00e1logo en marzo.<\/p>\n<p>Adem\u00e1s, el sindicato reclama por:<\/p>\n<p>* Reapertura de las paritarias e inmediato inicio de un proceso de recuperaci\u00f3n de los salarios.<\/p>\n<p>* Reincorporaci\u00f3n de trabajadoras y trabajadores despedidos de manera ilegal.<\/p>\n<p>* Rechazo a la privatizaci\u00f3n de empresas p\u00fablicas.<\/p>\n<p>* Rechazo a la fusi\u00f3n y cierre de organismos.<\/p>\n<p>* Repudio a la escandalosa decisi\u00f3n de aumentar el sueldo a los funcionarios que cesantean trabajadores (Decisi\u00f3n Administrativa 7\/2025-JGM).<\/p>\n<p>* Aumento de emergencia para todas las y los jubilados.<\/p>\n<p>* Restituci\u00f3n del Fondo de Garant\u00eda de Sustentabilidad (FGS) de la ANSES.<\/p>\n<p>* Restituci\u00f3n de la moratoria previsional y normalizaci\u00f3n del INSSJyP.<\/p>\n","protected":false},"excerpt":{"rendered":"<p>Las y los estatales de C\u00f3rdoba se aprestan a llevar adelante el paro general dispuesto por la CTAA y las centrales sindicales, en el marco del plan de lucha que ATE viene realizando desde la asunci\u00f3n de Javier Milei, mandatario que se propuso destruir el Estado y cuyos efectos se sintieron de forma notable en [&hellip;]<\/p>\n","protected":false},"author":7,"featured_media":48297,"comment_status":"open","ping_status":"open","sticky":false,"template":"","format":"standard","meta":{"_exactmetrics_skip_tracking":false,"_exactmetrics_sitenote_active":false,"_exactmetrics_sitenote_note":"","_exactmetrics_sitenote_category":0,"jnews-multi-image_gallery":[],"jnews_single_post":{"format":"standard","override":[{"template":"1","parallax":"1","fullscreen":"1","layout":"no-sidebar-narrow","sidebar":"default-sidebar","second_sidebar":"default-sidebar","sticky_sidebar":"1","share_position":"bottom","share_float_style":"share-monocrhome","show_share_counter":"1","show_view_counter":"1","show_post_meta":"1","show_post_author_image":"1","show_post_date":"1","post_date_format":"default","post_date_format_custom":"Y\/m\/d","show_post_category":"1","show_post_reading_time":"0","post_reading_time_wpm":"300","post_calculate_word_method":"str_word_count","show_zoom_button":"0","zoom_button_out_step":"2","zoom_button_in_step":"3","show_post_tag":"1","number_popup_post":"1","show_post_related":"1","show_inline_post_related":"0"}],"image_override":[{"single_post_thumbnail_size":"crop-500","single_post_gallery_size":"crop-500"}],"trending_post_position":"meta","trending_post_label":"Trending","sponsored_post_label":"Sponsored by","disable_ad":"0"},"jnews_primary_category":[],"jnews_social_meta":[],"jnews_review":[],"enable_review":"","type":"percentage","name":"","summary":"","brand":"","sku":"","good":[],"bad":[],"score_override":"","override_value":"","rating":[],"price":[],"jnews_override_counter":{"view_counter_number":"0","share_counter_number":"0","like_counter_number":"0","dislike_counter_number":"0"},"jnews_post_split":{"post_split":[{"template":"1","tag":"h2","numbering":"asc","mode":"normal","first":"0","enable_toc":"0","toc_type":"normal"}]},"footnotes":""},"categories":[341],"tags":[1505,1413],"class_list":["post-48295","post","type-post","status-publish","format-standard","has-post-thumbnail","hentry","category-cdp","tag-paro-cordoba","tag-paro-general"],"jetpack_featured_media_url":"https:\/\/atecordoba.org\/wp-content\/uploads\/2025\/04\/WhatsApp-Image-2024-10-30-at-14.36.44-2-scaled.jpeg","_links":{"self":[{"href":"https:\/\/atecordoba.org\/index.php?rest_route=\/wp\/v2\/posts\/48295","targetHints":{"allow":["GET"]}}],"collection":[{"href":"https:\/\/atecordoba.org\/index.php?rest_route=\/wp\/v2\/posts"}],"about":[{"href":"https:\/\/atecordoba.org\/index.php?rest_route=\/wp\/v2\/types\/post"}],"author":[{"embeddable":true,"href":"https:\/\/atecordoba.org\/index.php?rest_route=\/wp\/v2\/users\/7"}],"replies":[{"embeddable":true,"href":"https:\/\/atecordoba.org\/index.php?rest_route=%2Fwp%2Fv2%2Fcomments&post=48295"}],"version-history":[{"count":2,"href":"https:\/\/atecordoba.org\/index.php?rest_route=\/wp\/v2\/posts\/48295\/revisions"}],"predecessor-version":[{"id":48299,"href":"https:\/\/atecordoba.org\/index.php?rest_route=\/wp\/v2\/posts\/48295\/revisions\/48299"}],"wp:featuredmedia":[{"embeddable":true,"href":"https:\/\/atecordoba.org\/index.php?rest_route=\/wp\/v2\/media\/48297"}],"wp:attachment":[{"href":"https:\/\/atecordoba.org\/index.php?rest_route=%2Fwp%2Fv2%2Fmedia&parent=48295"}],"wp:term":[{"taxonomy":"category","embeddable":true,"href":"https:\/\/atecordoba.org\/index.php?rest_route=%2Fwp%2Fv2%2Fcategories&post=48295"},{"taxonomy":"post_tag","embeddable":true,"href":"https:\/\/atecordoba.org\/index.php?rest_route=%2Fwp%2Fv2%2Ftags&post=48295"}],"curies":[{"name":"wp","href":"https:\/\/api.w.org\/{rel}","templated":true}]}}