{"id":48290,"date":"2025-04-07T11:28:38","date_gmt":"2025-04-07T14:28:38","guid":{"rendered":"https:\/\/atecordoba.org\/?p=48290"},"modified":"2025-04-07T11:32:24","modified_gmt":"2025-04-07T14:32:24","slug":"senaf-sigue-el-conflicto-en-la-uder-de-unquillo","status":"publish","type":"post","link":"https:\/\/atecordoba.org\/?p=48290","title":{"rendered":"SENAF: sigue el conflicto en la UDeR de Unquillo"},"content":{"rendered":"<p><img loading=\"lazy\" decoding=\"async\" class=\"aligncenter wp-image-48291 \" src=\"https:\/\/atecordoba.org\/wp-content\/uploads\/2025\/04\/WhatsApp-Image-2025-04-07-at-10.30.23-996x1024.jpeg\" alt=\"\" width=\"623\" height=\"640\" srcset=\"https:\/\/atecordoba.org\/wp-content\/uploads\/2025\/04\/WhatsApp-Image-2025-04-07-at-10.30.23-996x1024.jpeg 996w, https:\/\/atecordoba.org\/wp-content\/uploads\/2025\/04\/WhatsApp-Image-2025-04-07-at-10.30.23-292x300.jpeg 292w, https:\/\/atecordoba.org\/wp-content\/uploads\/2025\/04\/WhatsApp-Image-2025-04-07-at-10.30.23-768x790.jpeg 768w, https:\/\/atecordoba.org\/wp-content\/uploads\/2025\/04\/WhatsApp-Image-2025-04-07-at-10.30.23-1494x1536.jpeg 1494w, https:\/\/atecordoba.org\/wp-content\/uploads\/2025\/04\/WhatsApp-Image-2025-04-07-at-10.30.23-1992x2048.jpeg 1992w, https:\/\/atecordoba.org\/wp-content\/uploads\/2025\/04\/WhatsApp-Image-2025-04-07-at-10.30.23-750x771.jpeg 750w, https:\/\/atecordoba.org\/wp-content\/uploads\/2025\/04\/WhatsApp-Image-2025-04-07-at-10.30.23-1140x1172.jpeg 1140w\" sizes=\"auto, (max-width: 623px) 100vw, 623px\" \/>Hoy se llev\u00f3 a cabo en Unidad de Desarrollo Regional (UDeR) de\u00a0 la localidad de Unquillo, dependiente de la Secretar\u00eda de Ni\u00f1ez, Adolescencia y Familia (SeNAF),\u00a0 una asamblea donde trabajadoras y trabajadores del sector aprobaron la continuidad de las acciones legales y gremiales en rechazo al traslado compulsivo de seis miembros del personal del organismo.<\/p>\n<p>En la oportunidad estuvo presente la integrante del Consejo Directivo Provincial (CDP), Irina Silberman, que encabez\u00f3 la asamblea donde se coment\u00f3 que el cuerpo de abogados de ATE est\u00e1 activo y ya recab\u00f3 la informaci\u00f3n de las cuatro compa\u00f1eras\/os trasladados, son afiliados de ATE.<\/p>\n<p>&#8220;Ma\u00f1ana se estar\u00edan presentando los recursos de reconsideraci\u00f3n ante el Ministerio de Capital Humano&#8221;, explic\u00f3 Silberman.<\/p>\n<p>Junto a esta medida se planificaron acciones gremiales como presentar un pedido de reconsideraci\u00f3n colectivo ante la delegada de la UDeR, su jefa directa, para ser presentado a la ministra Liliana Montero, la secretaria Ni\u00f1ez, Adolescencia y Familia, Julia Reartes, y el director Regional de SENAF, Luis Gerchunoff.<\/p>\n<p>&#8220;Al mismo tiempo se va a realizar un escrito la ser difundido, contando c\u00f3mo trabaja la UDeR de Unquillo, cu\u00e1l es la realidad y qu\u00e9 se pierde en cuanto a atenci\u00f3n de la poblaci\u00f3n con estos traslados&#8221;, concluy\u00f3 la dirigente.<\/p>\n<p>Para el pr\u00f3ximo lunes est\u00e1 previsto realizar una nueva asamblea de dos horas por turno.<\/p>\n","protected":false},"excerpt":{"rendered":"<p>Hoy se llev\u00f3 a cabo en Unidad de Desarrollo Regional (UDeR) de\u00a0 la localidad de Unquillo, dependiente de la Secretar\u00eda de Ni\u00f1ez, Adolescencia y Familia (SeNAF),\u00a0 una asamblea donde trabajadoras y trabajadores del sector aprobaron la continuidad de las acciones legales y gremiales en rechazo al traslado compulsivo de seis miembros del personal del organismo. [&hellip;]<\/p>\n","protected":false},"author":7,"featured_media":48291,"comment_status":"open","ping_status":"open","sticky":false,"template":"","format":"standard","meta":{"_exactmetrics_skip_tracking":false,"_exactmetrics_sitenote_active":false,"_exactmetrics_sitenote_note":"","_exactmetrics_sitenote_category":0,"jnews-multi-image_gallery":[],"jnews_single_post":{"format":"standard","override":[{"template":"1","parallax":"1","fullscreen":"1","layout":"no-sidebar-narrow","sidebar":"default-sidebar","second_sidebar":"default-sidebar","sticky_sidebar":"1","share_position":"bottom","share_float_style":"share-monocrhome","show_share_counter":"1","show_view_counter":"1","show_post_meta":"1","show_post_author_image":"1","show_post_date":"1","post_date_format":"default","post_date_format_custom":"Y\/m\/d","show_post_category":"1","show_post_reading_time":"0","post_reading_time_wpm":"300","post_calculate_word_method":"str_word_count","show_zoom_button":"0","zoom_button_out_step":"2","zoom_button_in_step":"3","show_post_tag":"1","number_popup_post":"1","show_post_related":"1","show_inline_post_related":"0"}],"image_override":[{"single_post_thumbnail_size":"crop-500","single_post_gallery_size":"crop-500"}],"trending_post_position":"meta","trending_post_label":"Trending","sponsored_post_label":"Sponsored by","disable_ad":"0"},"jnews_primary_category":[],"jnews_social_meta":[],"jnews_review":[],"enable_review":"","type":"percentage","name":"","summary":"","brand":"","sku":"","good":[],"bad":[],"score_override":"","override_value":"","rating":[],"price":[],"jnews_override_counter":{"view_counter_number":"0","share_counter_number":"0","like_counter_number":"0","dislike_counter_number":"0"},"jnews_post_split":{"post_split":[{"template":"1","tag":"h2","numbering":"asc","mode":"normal","first":"0","enable_toc":"0","toc_type":"normal"}]},"footnotes":""},"categories":[8],"tags":[457,1504],"class_list":["post-48290","post","type-post","status-publish","format-standard","has-post-thumbnail","hentry","category-provinciales","tag-senaf","tag-unquillo"],"jetpack_featured_media_url":"https:\/\/atecordoba.org\/wp-content\/uploads\/2025\/04\/WhatsApp-Image-2025-04-07-at-10.30.23.jpeg","_links":{"self":[{"href":"https:\/\/atecordoba.org\/index.php?rest_route=\/wp\/v2\/posts\/48290","targetHints":{"allow":["GET"]}}],"collection":[{"href":"https:\/\/atecordoba.org\/index.php?rest_route=\/wp\/v2\/posts"}],"about":[{"href":"https:\/\/atecordoba.org\/index.php?rest_route=\/wp\/v2\/types\/post"}],"author":[{"embeddable":true,"href":"https:\/\/atecordoba.org\/index.php?rest_route=\/wp\/v2\/users\/7"}],"replies":[{"embeddable":true,"href":"https:\/\/atecordoba.org\/index.php?rest_route=%2Fwp%2Fv2%2Fcomments&post=48290"}],"version-history":[{"count":2,"href":"https:\/\/atecordoba.org\/index.php?rest_route=\/wp\/v2\/posts\/48290\/revisions"}],"predecessor-version":[{"id":48293,"href":"https:\/\/atecordoba.org\/index.php?rest_route=\/wp\/v2\/posts\/48290\/revisions\/48293"}],"wp:featuredmedia":[{"embeddable":true,"href":"https:\/\/atecordoba.org\/index.php?rest_route=\/wp\/v2\/media\/48291"}],"wp:attachment":[{"href":"https:\/\/atecordoba.org\/index.php?rest_route=%2Fwp%2Fv2%2Fmedia&parent=48290"}],"wp:term":[{"taxonomy":"category","embeddable":true,"href":"https:\/\/atecordoba.org\/index.php?rest_route=%2Fwp%2Fv2%2Fcategories&post=48290"},{"taxonomy":"post_tag","embeddable":true,"href":"https:\/\/atecordoba.org\/index.php?rest_route=%2Fwp%2Fv2%2Ftags&post=48290"}],"curies":[{"name":"wp","href":"https:\/\/api.w.org\/{rel}","templated":true}]}}