{"id":48278,"date":"2025-04-04T13:04:35","date_gmt":"2025-04-04T16:04:35","guid":{"rendered":"https:\/\/atecordoba.org\/?p=48278"},"modified":"2025-04-04T13:04:35","modified_gmt":"2025-04-04T16:04:35","slug":"para-ate-exige-un-aumento-de-emergencia-en-una-sola-cuota-y-ve-desesperado-el-festejo-del-gobierno-por-la-pobreza","status":"publish","type":"post","link":"https:\/\/atecordoba.org\/?p=48278","title":{"rendered":"Para ATE exige un aumento de emergencia en una sola cuota y ve desesperado el festejo del Gobierno por la pobreza"},"content":{"rendered":"<p><img loading=\"lazy\" decoding=\"async\" class=\"aligncenter wp-image-48279 \" src=\"https:\/\/atecordoba.org\/wp-content\/uploads\/2025\/04\/aguiar-struzeneger-1024x682.webp\" alt=\"\" width=\"630\" height=\"420\" \/>Luego de que el Gobierno celebrara el 38,1% de pobreza seg\u00fan el \u00faltimo dato oficial del Indec, el Secretario General de ATE Nacional, Rodolfo Aguiar, denunci\u00f3 que \u201cno hay menos pobres, est\u00e1n disimulados\u201d.<\/p>\n<p>\u201cEl Gobierno se aferra de manera desesperada a este indicador pero el deterioro social se agrava\u201d, dijo. Y explic\u00f3 que \u201clas canastas de consumo no contemplan el mayor impacto de las tarifas por servicios p\u00fablicos ni el transporte. Tampoco los gastos de alquiler. En nuestro caso, m\u00e1s de la mitad de los empleados p\u00fablicos no tienen casa propia. Adem\u00e1s, no hace falta ser economista, s\u00f3lo aplicar el sentido com\u00fan para saber que despu\u00e9s de la devaluaci\u00f3n inicial del Gobierno y el shock inflacionario, y luego la recesi\u00f3n generada por el Ejecutivo, se podr\u00eda mostrar oficialmente una baja de la pobreza\u201d.<\/p>\n<p>Seg\u00fan el Centro Estrat\u00e9gico Latinoamericano de Geopol\u00edtica (Celag), el 73,3% de la sociedad argentina malviven. Este dato surge de la suma entre los hogares por debajo de la l\u00ednea de la pobreza y aquellos que tienen ingresos entre 1 y 1,5 Canastas B\u00e1sicas Totales del Indec.<\/p>\n<p>En esta l\u00ednea, Aguiar se\u00f1al\u00f3: \u201cAdem\u00e1s de utilizar una metodolog\u00eda que data de dos d\u00e9cadas atr\u00e1s, en Argentina no se miden oficialmente los casi pobres. Si sumamos los que sobreviven y los que malviven, la pobreza en este momento en nuestro pa\u00eds es m\u00e1s del doble de la que celebran Caputo y Milei. Los estatales necesitamos un aumento de emergencia para reparar el da\u00f1o que han sufrido todos los ingresos, adem\u00e1s de un bono mensual de al menos 150 mil pesos que permita la recuperaci\u00f3n de los ingresos m\u00e1s bajos en la Administraci\u00f3n P\u00fablica\u201d.<\/p>\n<p>\u201cNo hay ni crecimiento econ\u00f3mico ni recuperaci\u00f3n de ingresos. Cuando un Gobierno tiene que recurrir al Fondo, es porque est\u00e1 en una situaci\u00f3n cr\u00edtica. El super\u00e1vit que se propagandiza desde el Poder Ejecutivo es te\u00f3rico, es s\u00f3lo un juego de n\u00fameros. Esa mejora de la que habla el Gobierno no se siente en los hogares, y eso se traduce en un debilitamiento del apoyo social a esta gesti\u00f3n\u201d, concluy\u00f3 el Secretario General de ATE Nacional.<\/p>\n<p>Para realizar el c\u00e1lculo de pobreza, el Indec utiliza como base una Canasta B\u00e1sica Total que est\u00e1 muy desactualizada ya que las autoridades del organismo no renovaron la medici\u00f3n desde hace 20 a\u00f1os. Como resultado, el informe oficial determina que son necesarios $1.057.923 por mes para no ser pobre en la Argentina.<\/p>\n<p><strong>Canasta de ATE INDEC<\/strong><\/p>\n<p>Sin embargo, la Junta Interna de Delegados de ATE en el Indec realiza su propia medici\u00f3n utilizando la informaci\u00f3n oficial recabada por el organismo y ponderando los valores con criterios m\u00e1s adecuados. La misma arroja que son necesarios $1.649.499 por mes para no ser pobre. Es decir, un 56% m\u00e1s que la Canasta B\u00e1sica que utiliza el Gobierno para medir la pobreza.<\/p>\n<p>Es por eso que el sindicato focaliza este problema no en la recolecci\u00f3n de datos que hist\u00f3ricamente realizan de manera intachable los trabajadores, sino en los criterios adoptados por las autoridades que no avanzan en la actualizaci\u00f3n de las metodolog\u00edas para as\u00ed obtener resultados m\u00e1s afines a sus necesidades pol\u00edticas.<\/p>\n","protected":false},"excerpt":{"rendered":"<p>Luego de que el Gobierno celebrara el 38,1% de pobreza seg\u00fan el \u00faltimo dato oficial del Indec, el Secretario General de ATE Nacional, Rodolfo Aguiar, denunci\u00f3 que \u201cno hay menos pobres, est\u00e1n disimulados\u201d. \u201cEl Gobierno se aferra de manera desesperada a este indicador pero el deterioro social se agrava\u201d, dijo. Y explic\u00f3 que \u201clas canastas [&hellip;]<\/p>\n","protected":false},"author":7,"featured_media":48279,"comment_status":"open","ping_status":"open","sticky":false,"template":"","format":"standard","meta":{"_exactmetrics_skip_tracking":false,"_exactmetrics_sitenote_active":false,"_exactmetrics_sitenote_note":"","_exactmetrics_sitenote_category":0,"jnews-multi-image_gallery":[],"jnews_single_post":{"format":"standard","override":[{"template":"1","parallax":"1","fullscreen":"1","layout":"no-sidebar-narrow","sidebar":"default-sidebar","second_sidebar":"default-sidebar","sticky_sidebar":"1","share_position":"bottom","share_float_style":"share-monocrhome","show_share_counter":"1","show_view_counter":"1","show_post_meta":"1","show_post_author_image":"1","show_post_date":"1","post_date_format":"default","post_date_format_custom":"Y\/m\/d","show_post_category":"1","show_post_reading_time":"0","post_reading_time_wpm":"300","post_calculate_word_method":"str_word_count","show_zoom_button":"0","zoom_button_out_step":"2","zoom_button_in_step":"3","show_post_tag":"1","number_popup_post":"1","show_post_related":"1","show_inline_post_related":"0"}],"image_override":[{"single_post_thumbnail_size":"crop-500","single_post_gallery_size":"crop-500"}],"trending_post_position":"meta","trending_post_label":"Trending","sponsored_post_label":"Sponsored by","disable_ad":"0"},"jnews_primary_category":[],"jnews_social_meta":[],"jnews_review":[],"enable_review":"","type":"percentage","name":"","summary":"","brand":"","sku":"","good":[],"bad":[],"score_override":"","override_value":"","rating":[],"price":[],"jnews_override_counter":{"view_counter_number":"0","share_counter_number":"0","like_counter_number":"0","dislike_counter_number":"0"},"jnews_post_split":{"post_split":[{"template":"1","tag":"h2","numbering":"asc","mode":"normal","first":"0","enable_toc":"0","toc_type":"normal"}]},"footnotes":""},"categories":[756],"tags":[],"class_list":["post-48278","post","type-post","status-publish","format-standard","has-post-thumbnail","hentry","category-consejo-directivo-nacional-cdn"],"jetpack_featured_media_url":"https:\/\/atecordoba.org\/wp-content\/uploads\/2025\/04\/aguiar-struzeneger.webp","_links":{"self":[{"href":"https:\/\/atecordoba.org\/index.php?rest_route=\/wp\/v2\/posts\/48278","targetHints":{"allow":["GET"]}}],"collection":[{"href":"https:\/\/atecordoba.org\/index.php?rest_route=\/wp\/v2\/posts"}],"about":[{"href":"https:\/\/atecordoba.org\/index.php?rest_route=\/wp\/v2\/types\/post"}],"author":[{"embeddable":true,"href":"https:\/\/atecordoba.org\/index.php?rest_route=\/wp\/v2\/users\/7"}],"replies":[{"embeddable":true,"href":"https:\/\/atecordoba.org\/index.php?rest_route=%2Fwp%2Fv2%2Fcomments&post=48278"}],"version-history":[{"count":1,"href":"https:\/\/atecordoba.org\/index.php?rest_route=\/wp\/v2\/posts\/48278\/revisions"}],"predecessor-version":[{"id":48280,"href":"https:\/\/atecordoba.org\/index.php?rest_route=\/wp\/v2\/posts\/48278\/revisions\/48280"}],"wp:featuredmedia":[{"embeddable":true,"href":"https:\/\/atecordoba.org\/index.php?rest_route=\/wp\/v2\/media\/48279"}],"wp:attachment":[{"href":"https:\/\/atecordoba.org\/index.php?rest_route=%2Fwp%2Fv2%2Fmedia&parent=48278"}],"wp:term":[{"taxonomy":"category","embeddable":true,"href":"https:\/\/atecordoba.org\/index.php?rest_route=%2Fwp%2Fv2%2Fcategories&post=48278"},{"taxonomy":"post_tag","embeddable":true,"href":"https:\/\/atecordoba.org\/index.php?rest_route=%2Fwp%2Fv2%2Ftags&post=48278"}],"curies":[{"name":"wp","href":"https:\/\/api.w.org\/{rel}","templated":true}]}}