{"id":48273,"date":"2025-04-04T12:33:32","date_gmt":"2025-04-04T15:33:32","guid":{"rendered":"https:\/\/atecordoba.org\/?p=48273"},"modified":"2025-04-04T13:48:10","modified_gmt":"2025-04-04T16:48:10","slug":"ate-llama-a-asamblea-en-la-under-de-unquillo-por-traslados-compulsivos","status":"publish","type":"post","link":"https:\/\/atecordoba.org\/?p=48273","title":{"rendered":"ATE llama a asamblea en la UNDeR de Unquillo por traslados compulsivos"},"content":{"rendered":"<p><img loading=\"lazy\" decoding=\"async\" class=\"aligncenter wp-image-48274 \" src=\"https:\/\/atecordoba.org\/wp-content\/uploads\/2025\/04\/WhatsApp-Image-2025-04-04-at-11.48.22-1024x768.jpeg\" alt=\"\" width=\"625\" height=\"469\" \/>ATE convoc\u00f3 a una asamblea de trabajadores y trabajadores de la Unidad de Desarrollo Regional (UDeR) de\u00a0 la localidad de Unquillo, dependiente de la Secretar\u00eda de Ni\u00f1ez, Adolescencia y Familia (SENAF), debido al traslado compulsivos de seis trabajadores de equipos t\u00e9cnicas\/os, psic\u00f3logas\/es y trabajadoras\/es sociales.<\/p>\n<p>La reuni\u00f3n fue fijada para el pr\u00f3ximo lunes 7 de abril, a las 9 horas, en Av. San Mart\u00edn 1712.<\/p>\n<p>El personal se encuentra en estado de alerta, debido al riesgo que existe en la continuidad en la atenci\u00f3n de ni\u00f1eces, adolescencias y familias, as\u00ed como en las localidades de: Mendiolaza, Unquillo, Rio Ceballos, Salsipuedes, Cerro Azul, Agua de Oro, El Manzano y El Pueblito.<\/p>\n<p>Por los traslados se ve afectada e interrumpida, los derechos de ni\u00f1eces, adolescencias y familias de todo el corredor de sierras chicas.<\/p>\n<p>Cabe mencionar que la decisi\u00f3n de realizar los traslados fue tomada por la ministra de Desarrollo Humano Liliana Montero, la titular de la SENAF, Julia Reartes, la Subsecretaria de Protecci\u00f3n de Derechos de Ni\u00f1as, Ni\u00f1os y Adolescentes, Romina Cristini, y la directora de Cuidados Residenciales, Teresa Llanos.<\/p>\n<p>&nbsp;<\/p>\n","protected":false},"excerpt":{"rendered":"<p>ATE convoc\u00f3 a una asamblea de trabajadores y trabajadores de la Unidad de Desarrollo Regional (UDeR) de\u00a0 la localidad de Unquillo, dependiente de la Secretar\u00eda de Ni\u00f1ez, Adolescencia y Familia (SENAF), debido al traslado compulsivos de seis trabajadores de equipos t\u00e9cnicas\/os, psic\u00f3logas\/es y trabajadoras\/es sociales. La reuni\u00f3n fue fijada para el pr\u00f3ximo lunes 7 de [&hellip;]<\/p>\n","protected":false},"author":7,"featured_media":48274,"comment_status":"open","ping_status":"open","sticky":false,"template":"","format":"standard","meta":{"_exactmetrics_skip_tracking":false,"_exactmetrics_sitenote_active":false,"_exactmetrics_sitenote_note":"","_exactmetrics_sitenote_category":0,"jnews-multi-image_gallery":[],"jnews_single_post":{"format":"standard","override":[{"template":"1","parallax":"1","fullscreen":"1","layout":"no-sidebar-narrow","sidebar":"default-sidebar","second_sidebar":"default-sidebar","sticky_sidebar":"1","share_position":"bottom","share_float_style":"share-monocrhome","show_share_counter":"1","show_view_counter":"1","show_post_meta":"1","show_post_author_image":"1","show_post_date":"1","post_date_format":"default","post_date_format_custom":"Y\/m\/d","show_post_category":"1","show_post_reading_time":"0","post_reading_time_wpm":"300","post_calculate_word_method":"str_word_count","show_zoom_button":"0","zoom_button_out_step":"2","zoom_button_in_step":"3","show_post_tag":"1","number_popup_post":"1","show_post_related":"1","show_inline_post_related":"0"}],"image_override":[{"single_post_thumbnail_size":"crop-500","single_post_gallery_size":"crop-500"}],"trending_post_position":"meta","trending_post_label":"Trending","sponsored_post_label":"Sponsored by","disable_ad":"0"},"jnews_primary_category":[],"jnews_social_meta":[],"jnews_review":[],"enable_review":"","type":"percentage","name":"","summary":"","brand":"","sku":"","good":[],"bad":[],"score_override":"","override_value":"","rating":[],"price":[],"jnews_override_counter":{"view_counter_number":"0","share_counter_number":"0","like_counter_number":"0","dislike_counter_number":"0"},"jnews_post_split":{"post_split":[{"template":"1","tag":"h2","numbering":"asc","mode":"normal","first":"0","enable_toc":"0","toc_type":"normal"}]},"footnotes":""},"categories":[8],"tags":[457,1504],"class_list":["post-48273","post","type-post","status-publish","format-standard","has-post-thumbnail","hentry","category-provinciales","tag-senaf","tag-unquillo"],"jetpack_featured_media_url":"https:\/\/atecordoba.org\/wp-content\/uploads\/2025\/04\/WhatsApp-Image-2025-04-04-at-11.48.22-e1743780804191.jpeg","_links":{"self":[{"href":"https:\/\/atecordoba.org\/index.php?rest_route=\/wp\/v2\/posts\/48273","targetHints":{"allow":["GET"]}}],"collection":[{"href":"https:\/\/atecordoba.org\/index.php?rest_route=\/wp\/v2\/posts"}],"about":[{"href":"https:\/\/atecordoba.org\/index.php?rest_route=\/wp\/v2\/types\/post"}],"author":[{"embeddable":true,"href":"https:\/\/atecordoba.org\/index.php?rest_route=\/wp\/v2\/users\/7"}],"replies":[{"embeddable":true,"href":"https:\/\/atecordoba.org\/index.php?rest_route=%2Fwp%2Fv2%2Fcomments&post=48273"}],"version-history":[{"count":4,"href":"https:\/\/atecordoba.org\/index.php?rest_route=\/wp\/v2\/posts\/48273\/revisions"}],"predecessor-version":[{"id":48284,"href":"https:\/\/atecordoba.org\/index.php?rest_route=\/wp\/v2\/posts\/48273\/revisions\/48284"}],"wp:featuredmedia":[{"embeddable":true,"href":"https:\/\/atecordoba.org\/index.php?rest_route=\/wp\/v2\/media\/48274"}],"wp:attachment":[{"href":"https:\/\/atecordoba.org\/index.php?rest_route=%2Fwp%2Fv2%2Fmedia&parent=48273"}],"wp:term":[{"taxonomy":"category","embeddable":true,"href":"https:\/\/atecordoba.org\/index.php?rest_route=%2Fwp%2Fv2%2Fcategories&post=48273"},{"taxonomy":"post_tag","embeddable":true,"href":"https:\/\/atecordoba.org\/index.php?rest_route=%2Fwp%2Fv2%2Ftags&post=48273"}],"curies":[{"name":"wp","href":"https:\/\/api.w.org\/{rel}","templated":true}]}}