{"id":48266,"date":"2025-04-04T11:30:46","date_gmt":"2025-04-04T14:30:46","guid":{"rendered":"https:\/\/atecordoba.org\/?p=48266"},"modified":"2025-04-04T15:09:43","modified_gmt":"2025-04-04T18:09:43","slug":"salsipuedes-formacion-en-higiene-y-seguridad-laboral","status":"publish","type":"post","link":"https:\/\/atecordoba.org\/?p=48266","title":{"rendered":"Salsipuedes: formaci\u00f3n en higiene y seguridad laboral"},"content":{"rendered":"<p><img loading=\"lazy\" decoding=\"async\" class=\"aligncenter wp-image-48267 \" src=\"https:\/\/atecordoba.org\/wp-content\/uploads\/2025\/04\/WhatsApp-Image-2025-04-04-at-09.02.53-1024x505.jpeg\" alt=\"\" width=\"641\" height=\"316\" srcset=\"https:\/\/atecordoba.org\/wp-content\/uploads\/2025\/04\/WhatsApp-Image-2025-04-04-at-09.02.53-1024x505.jpeg 1024w, https:\/\/atecordoba.org\/wp-content\/uploads\/2025\/04\/WhatsApp-Image-2025-04-04-at-09.02.53-300x148.jpeg 300w, https:\/\/atecordoba.org\/wp-content\/uploads\/2025\/04\/WhatsApp-Image-2025-04-04-at-09.02.53-768x379.jpeg 768w, https:\/\/atecordoba.org\/wp-content\/uploads\/2025\/04\/WhatsApp-Image-2025-04-04-at-09.02.53-1536x758.jpeg 1536w, https:\/\/atecordoba.org\/wp-content\/uploads\/2025\/04\/WhatsApp-Image-2025-04-04-at-09.02.53-2048x1010.jpeg 2048w, https:\/\/atecordoba.org\/wp-content\/uploads\/2025\/04\/WhatsApp-Image-2025-04-04-at-09.02.53-750x370.jpeg 750w, https:\/\/atecordoba.org\/wp-content\/uploads\/2025\/04\/WhatsApp-Image-2025-04-04-at-09.02.53-1140x562.jpeg 1140w\" sizes=\"auto, (max-width: 641px) 100vw, 641px\" \/>Ayer ATE realiz\u00f3 una jornada de capacitaci\u00f3n para las y los municipales de la localidad de Salsipuedes, con la presencia de dirigentes estatales provinciales, dictado por compa\u00f1eras y compa\u00f1eros de diversos organismos dedicados a la salud laboral y las condiciones de trabajo.<\/p>\n<p>La actividad estuvo encabezada por la secretaria de Higiene y Salud Laboral del Consejo Directivo Provincial (CDP), Elisa Ojeda, junto a junto a Estefan\u00eda Carranza, delegada de ATE y abogada de ANSES, que tuvo a cargo brindar un panorama sobre el estado del plano previsional y de seguridad social.<\/p>\n<p>En esa l\u00ednea, brind\u00f3 parte del taller Vanesa Hernandez, trabajadora de la Superintedencia de Riesgos de Trabajo (SRT), para hablar sobre las enfermedades de trabajo.<\/p>\n<div id='gallery_1' class='gallery galleryid-48266 gallery-columns-3 gallery-size-thumbnail'><figure class='gallery-item'>\n                <div class='gallery-icon landscape'>\n                    <a href='https:\/\/atecordoba.org\/wp-content\/uploads\/2025\/04\/WhatsApp-Image-2025-04-04-at-09.02.55-scaled.jpeg'><img loading=\"lazy\" decoding=\"async\" width=\"150\" height=\"150\" src=\"\" class=\"attachment-thumbnail size-thumbnail lazyload\" alt=\"\" data-src=\"https:\/\/atecordoba.org\/wp-content\/uploads\/2025\/04\/WhatsApp-Image-2025-04-04-at-09.02.55-150x150.jpeg\" data-sizes=\"auto\" data-srcset=\"https:\/\/atecordoba.org\/wp-content\/uploads\/2025\/04\/WhatsApp-Image-2025-04-04-at-09.02.55-150x150.jpeg 150w, https:\/\/atecordoba.org\/wp-content\/uploads\/2025\/04\/WhatsApp-Image-2025-04-04-at-09.02.55-560x560.jpeg 560w, https:\/\/atecordoba.org\/wp-content\/uploads\/2025\/04\/WhatsApp-Image-2025-04-04-at-09.02.55-75x75.jpeg 75w, https:\/\/atecordoba.org\/wp-content\/uploads\/2025\/04\/WhatsApp-Image-2025-04-04-at-09.02.55-350x350.jpeg 350w\" data-expand=\"700\" \/><\/a>\n                <\/div><\/figure><figure class='gallery-item'>\n                <div class='gallery-icon landscape'>\n                    <a href='https:\/\/atecordoba.org\/wp-content\/uploads\/2025\/04\/WhatsApp-Image-2025-04-04-at-09.02.53-1.jpeg'><img loading=\"lazy\" decoding=\"async\" width=\"150\" height=\"150\" src=\"\" class=\"attachment-thumbnail size-thumbnail lazyload\" alt=\"\" data-src=\"https:\/\/atecordoba.org\/wp-content\/uploads\/2025\/04\/WhatsApp-Image-2025-04-04-at-09.02.53-1-150x150.jpeg\" data-sizes=\"auto\" data-srcset=\"https:\/\/atecordoba.org\/wp-content\/uploads\/2025\/04\/WhatsApp-Image-2025-04-04-at-09.02.53-1-150x150.jpeg 150w, https:\/\/atecordoba.org\/wp-content\/uploads\/2025\/04\/WhatsApp-Image-2025-04-04-at-09.02.53-1-560x560.jpeg 560w, https:\/\/atecordoba.org\/wp-content\/uploads\/2025\/04\/WhatsApp-Image-2025-04-04-at-09.02.53-1-75x75.jpeg 75w, https:\/\/atecordoba.org\/wp-content\/uploads\/2025\/04\/WhatsApp-Image-2025-04-04-at-09.02.53-1-350x350.jpeg 350w\" data-expand=\"700\" \/><\/a>\n                <\/div><\/figure><figure class='gallery-item'>\n                <div class='gallery-icon landscape'>\n                    <a href='https:\/\/atecordoba.org\/wp-content\/uploads\/2025\/04\/WhatsApp-Image-2025-04-04-at-09.02.54-1-scaled.jpeg'><img loading=\"lazy\" decoding=\"async\" width=\"150\" height=\"150\" src=\"\" class=\"attachment-thumbnail size-thumbnail lazyload\" alt=\"\" data-src=\"https:\/\/atecordoba.org\/wp-content\/uploads\/2025\/04\/WhatsApp-Image-2025-04-04-at-09.02.54-1-150x150.jpeg\" data-sizes=\"auto\" data-srcset=\"https:\/\/atecordoba.org\/wp-content\/uploads\/2025\/04\/WhatsApp-Image-2025-04-04-at-09.02.54-1-150x150.jpeg 150w, https:\/\/atecordoba.org\/wp-content\/uploads\/2025\/04\/WhatsApp-Image-2025-04-04-at-09.02.54-1-560x560.jpeg 560w, https:\/\/atecordoba.org\/wp-content\/uploads\/2025\/04\/WhatsApp-Image-2025-04-04-at-09.02.54-1-75x75.jpeg 75w, https:\/\/atecordoba.org\/wp-content\/uploads\/2025\/04\/WhatsApp-Image-2025-04-04-at-09.02.54-1-350x350.jpeg 350w\" data-expand=\"700\" \/><\/a>\n                <\/div><\/figure><br style=\"clear: both\" \/>\n            <\/div>\n\n<p>Adem\u00e1s, se abord\u00f3 la importancia de saber que ART tiene el trabajador, para qu\u00e9 sirve, cu\u00e1les son los riesgos de trabajo, sean las tareas en la calle prestando servicios o en el \u00e1rea administrativa.<\/p>\n<p>Participaron de la actividad Marcela Chavez secretaria de Convenios Colectivos de Trabajo, Julia Giuliani, secretaria de Prensa e integrante de la Coordinaci\u00f3n de Municipales de ATE, y Alejandra Agnone, secretaria de Acci\u00f3n Pol\u00edtica.<\/p>\n<p>&nbsp;<\/p>\n<p>&nbsp;<\/p>\n","protected":false},"excerpt":{"rendered":"<p>Ayer ATE realiz\u00f3 una jornada de capacitaci\u00f3n para las y los municipales de la localidad de Salsipuedes, con la presencia de dirigentes estatales provinciales, dictado por compa\u00f1eras y compa\u00f1eros de diversos organismos dedicados a la salud laboral y las condiciones de trabajo. La actividad estuvo encabezada por la secretaria de Higiene y Salud Laboral del [&hellip;]<\/p>\n","protected":false},"author":7,"featured_media":48267,"comment_status":"open","ping_status":"open","sticky":false,"template":"","format":"standard","meta":{"_exactmetrics_skip_tracking":false,"_exactmetrics_sitenote_active":false,"_exactmetrics_sitenote_note":"","_exactmetrics_sitenote_category":0,"jnews-multi-image_gallery":[],"jnews_single_post":{"format":"standard","override":[{"template":"1","parallax":"1","fullscreen":"1","layout":"no-sidebar-narrow","sidebar":"default-sidebar","second_sidebar":"default-sidebar","sticky_sidebar":"1","share_position":"bottom","share_float_style":"share-monocrhome","show_share_counter":"1","show_view_counter":"1","show_post_meta":"1","show_post_author_image":"1","show_post_date":"1","post_date_format":"default","post_date_format_custom":"Y\/m\/d","show_post_category":"1","show_post_reading_time":"0","post_reading_time_wpm":"300","post_calculate_word_method":"str_word_count","show_zoom_button":"0","zoom_button_out_step":"2","zoom_button_in_step":"3","show_post_tag":"1","number_popup_post":"1","show_post_related":"1","show_inline_post_related":"0"}],"image_override":[{"single_post_thumbnail_size":"crop-500","single_post_gallery_size":"crop-500"}],"trending_post_position":"meta","trending_post_label":"Trending","sponsored_post_label":"Sponsored by","disable_ad":"0"},"jnews_primary_category":[],"jnews_social_meta":[],"jnews_review":[],"enable_review":"","type":"percentage","name":"","summary":"","brand":"","sku":"","good":[],"bad":[],"score_override":"","override_value":"","rating":[],"price":[],"jnews_override_counter":{"view_counter_number":"0","share_counter_number":"0","like_counter_number":"0","dislike_counter_number":"0"},"jnews_post_split":{"post_split":[{"template":"1","tag":"h2","numbering":"asc","mode":"normal","first":"0","enable_toc":"0","toc_type":"normal"}]},"footnotes":""},"categories":[88,20],"tags":[],"class_list":["post-48266","post","type-post","status-publish","format-standard","has-post-thumbnail","hentry","category-formacion","category-municipales"],"jetpack_featured_media_url":"https:\/\/atecordoba.org\/wp-content\/uploads\/2025\/04\/WhatsApp-Image-2025-04-04-at-09.02.53-scaled.jpeg","_links":{"self":[{"href":"https:\/\/atecordoba.org\/index.php?rest_route=\/wp\/v2\/posts\/48266","targetHints":{"allow":["GET"]}}],"collection":[{"href":"https:\/\/atecordoba.org\/index.php?rest_route=\/wp\/v2\/posts"}],"about":[{"href":"https:\/\/atecordoba.org\/index.php?rest_route=\/wp\/v2\/types\/post"}],"author":[{"embeddable":true,"href":"https:\/\/atecordoba.org\/index.php?rest_route=\/wp\/v2\/users\/7"}],"replies":[{"embeddable":true,"href":"https:\/\/atecordoba.org\/index.php?rest_route=%2Fwp%2Fv2%2Fcomments&post=48266"}],"version-history":[{"count":2,"href":"https:\/\/atecordoba.org\/index.php?rest_route=\/wp\/v2\/posts\/48266\/revisions"}],"predecessor-version":[{"id":48288,"href":"https:\/\/atecordoba.org\/index.php?rest_route=\/wp\/v2\/posts\/48266\/revisions\/48288"}],"wp:featuredmedia":[{"embeddable":true,"href":"https:\/\/atecordoba.org\/index.php?rest_route=\/wp\/v2\/media\/48267"}],"wp:attachment":[{"href":"https:\/\/atecordoba.org\/index.php?rest_route=%2Fwp%2Fv2%2Fmedia&parent=48266"}],"wp:term":[{"taxonomy":"category","embeddable":true,"href":"https:\/\/atecordoba.org\/index.php?rest_route=%2Fwp%2Fv2%2Fcategories&post=48266"},{"taxonomy":"post_tag","embeddable":true,"href":"https:\/\/atecordoba.org\/index.php?rest_route=%2Fwp%2Fv2%2Ftags&post=48266"}],"curies":[{"name":"wp","href":"https:\/\/api.w.org\/{rel}","templated":true}]}}