{"id":48262,"date":"2025-04-04T09:54:18","date_gmt":"2025-04-04T12:54:18","guid":{"rendered":"https:\/\/atecordoba.org\/?p=48262"},"modified":"2025-04-04T09:54:18","modified_gmt":"2025-04-04T12:54:18","slug":"ate-denuncia-que-el-gobierno-comenzo-una-segunda-etapa-de-despidos-y-que-ahora-son-ideologicos","status":"publish","type":"post","link":"https:\/\/atecordoba.org\/?p=48262","title":{"rendered":"ATE denuncia que el Gobierno comenz\u00f3 una segunda etapa de despidos y que ahora son ideol\u00f3gicos"},"content":{"rendered":"<p><img loading=\"lazy\" decoding=\"async\" class=\"aligncenter wp-image-48263 \" src=\"https:\/\/atecordoba.org\/wp-content\/uploads\/2025\/04\/aguiar-mesa-1024x682.webp\" alt=\"\" width=\"624\" height=\"416\" srcset=\"https:\/\/atecordoba.org\/wp-content\/uploads\/2025\/04\/aguiar-mesa-1024x682.webp 1024w, https:\/\/atecordoba.org\/wp-content\/uploads\/2025\/04\/aguiar-mesa-300x200.webp 300w, https:\/\/atecordoba.org\/wp-content\/uploads\/2025\/04\/aguiar-mesa-768x512.webp 768w, https:\/\/atecordoba.org\/wp-content\/uploads\/2025\/04\/aguiar-mesa-750x500.webp 750w, https:\/\/atecordoba.org\/wp-content\/uploads\/2025\/04\/aguiar-mesa-1140x759.webp 1140w, https:\/\/atecordoba.org\/wp-content\/uploads\/2025\/04\/aguiar-mesa.webp 1536w\" sizes=\"auto, (max-width: 624px) 100vw, 624px\" \/><\/p>\n<p>Luego de que se conocieran nuevos despidos del Gobierno en medios p\u00fablicos de comunicaci\u00f3n, el Secretario General de ATE Nacional, Rodolfo Aguiar, se\u00f1al\u00f3 que \u201cel recorte en el Estado pas\u00f3 a otro nivel\u201d y que \u201cahora los despidos que se intentan llevar adelante son ideol\u00f3gicos\u201d.<\/p>\n<p>\u201cLos despidos en Radio Nacional son claramente ideol\u00f3gicos. Se tratan de cesant\u00edas por discriminaci\u00f3n y las mismas se encuentran expresamente prohibidas por ley. El Gobierno quiere convertir a los medios p\u00fablicos en prensa de La Libertad Avanza\u201d, complet\u00f3 el dirigente.<\/p>\n<p>\u201cSe trata de cesant\u00edas por discriminaci\u00f3n y las mismas se encuentran expresamente prohibidas por ley\u201d, manifest\u00f3 Aguiar. El sindicato comprob\u00f3 los despidos de una periodista de Radio Nacional que comenz\u00f3 a trabajar en un medio p\u00fablico de la Provincia de Buenos Aires, y del fot\u00f3grafo de la Secretar\u00eda de Cultura que retrat\u00f3 al gendarme que hiri\u00f3 gravemente a Pablo Grillo.<\/p>\n<p>Los despidos en los \u00faltimos d\u00edas se dieron en Radio Nacional y Diputados TV, entre otros medios. A esto se le suma el despido de Kaloian Santos Cabrera, fot\u00f3grafo de la Secretar\u00eda de Cultura quien captur\u00f3 en imagen al autor del disparo que hiri\u00f3 gravemente al fot\u00f3grafo Pablo Grillo durante la representaci\u00f3n frente al Congreso.<\/p>\n<p>Ante esta situaci\u00f3n, Aguiar indic\u00f3: \u201cEst\u00e1 claro que en este caso se pretende atacar la fuente de empleo de qui\u00e9n obtuvo un testimonio importante para que se esclarezca el intento de asesinato a Pablo Grillo. El nivel de persecuci\u00f3n es in\u00e9dito. Resulta que pretenden echar a quien sac\u00f3 la foto que permiti\u00f3 identificar al cabo primero que cometi\u00f3 delitos durante la represi\u00f3n, mientras que el gendarme est\u00e1 festejando\u201d.<\/p>\n<p>\u201cArrasan con todos los derechos laborales pero tambi\u00e9n con las garant\u00edas constitucionales. En este momento la convivencia pac\u00edfica est\u00e1 en riesgo en la Argentina\u201d, concluy\u00f3 Rodolfo Aguiar.<\/p>\n<p>Adem\u00e1s, el Gobierno nacional despidi\u00f3 sin causa justa a la periodista de Radio Nacional Natalia Maderna con 17 a\u00f1os de trayectoria en el medio, casualmente cuando la misma hab\u00eda comenzado un trabajo en un canal de televisi\u00f3n de la Provincia de Buenos Aires, por lo que ATE acusa una clara persecuci\u00f3n ideol\u00f3gica y discriminatoria.<\/p>\n","protected":false},"excerpt":{"rendered":"<p>Luego de que se conocieran nuevos despidos del Gobierno en medios p\u00fablicos de comunicaci\u00f3n, el Secretario General de ATE Nacional, Rodolfo Aguiar, se\u00f1al\u00f3 que \u201cel recorte en el Estado pas\u00f3 a otro nivel\u201d y que \u201cahora los despidos que se intentan llevar adelante son ideol\u00f3gicos\u201d. \u201cLos despidos en Radio Nacional son claramente ideol\u00f3gicos. Se tratan [&hellip;]<\/p>\n","protected":false},"author":7,"featured_media":48263,"comment_status":"open","ping_status":"open","sticky":false,"template":"","format":"standard","meta":{"_exactmetrics_skip_tracking":false,"_exactmetrics_sitenote_active":false,"_exactmetrics_sitenote_note":"","_exactmetrics_sitenote_category":0,"jnews-multi-image_gallery":[],"jnews_single_post":{"format":"standard","override":[{"template":"1","parallax":"1","fullscreen":"1","layout":"no-sidebar-narrow","sidebar":"default-sidebar","second_sidebar":"default-sidebar","sticky_sidebar":"1","share_position":"bottom","share_float_style":"share-monocrhome","show_share_counter":"1","show_view_counter":"1","show_post_meta":"1","show_post_author_image":"1","show_post_date":"1","post_date_format":"default","post_date_format_custom":"Y\/m\/d","show_post_category":"1","show_post_reading_time":"0","post_reading_time_wpm":"300","post_calculate_word_method":"str_word_count","show_zoom_button":"0","zoom_button_out_step":"2","zoom_button_in_step":"3","show_post_tag":"1","number_popup_post":"1","show_post_related":"1","show_inline_post_related":"0"}],"image_override":[{"single_post_thumbnail_size":"crop-500","single_post_gallery_size":"crop-500"}],"trending_post_position":"meta","trending_post_label":"Trending","sponsored_post_label":"Sponsored by","disable_ad":"0"},"jnews_primary_category":[],"jnews_social_meta":[],"jnews_review":[],"enable_review":"","type":"percentage","name":"","summary":"","brand":"","sku":"","good":[],"bad":[],"score_override":"","override_value":"","rating":[],"price":[],"jnews_override_counter":{"view_counter_number":"0","share_counter_number":"0","like_counter_number":"0","dislike_counter_number":"0"},"jnews_post_split":{"post_split":[{"template":"1","tag":"h2","numbering":"asc","mode":"normal","first":"0","enable_toc":"0","toc_type":"normal"}]},"footnotes":""},"categories":[756],"tags":[],"class_list":["post-48262","post","type-post","status-publish","format-standard","has-post-thumbnail","hentry","category-consejo-directivo-nacional-cdn"],"jetpack_featured_media_url":"https:\/\/atecordoba.org\/wp-content\/uploads\/2025\/04\/aguiar-mesa.webp","_links":{"self":[{"href":"https:\/\/atecordoba.org\/index.php?rest_route=\/wp\/v2\/posts\/48262","targetHints":{"allow":["GET"]}}],"collection":[{"href":"https:\/\/atecordoba.org\/index.php?rest_route=\/wp\/v2\/posts"}],"about":[{"href":"https:\/\/atecordoba.org\/index.php?rest_route=\/wp\/v2\/types\/post"}],"author":[{"embeddable":true,"href":"https:\/\/atecordoba.org\/index.php?rest_route=\/wp\/v2\/users\/7"}],"replies":[{"embeddable":true,"href":"https:\/\/atecordoba.org\/index.php?rest_route=%2Fwp%2Fv2%2Fcomments&post=48262"}],"version-history":[{"count":1,"href":"https:\/\/atecordoba.org\/index.php?rest_route=\/wp\/v2\/posts\/48262\/revisions"}],"predecessor-version":[{"id":48264,"href":"https:\/\/atecordoba.org\/index.php?rest_route=\/wp\/v2\/posts\/48262\/revisions\/48264"}],"wp:featuredmedia":[{"embeddable":true,"href":"https:\/\/atecordoba.org\/index.php?rest_route=\/wp\/v2\/media\/48263"}],"wp:attachment":[{"href":"https:\/\/atecordoba.org\/index.php?rest_route=%2Fwp%2Fv2%2Fmedia&parent=48262"}],"wp:term":[{"taxonomy":"category","embeddable":true,"href":"https:\/\/atecordoba.org\/index.php?rest_route=%2Fwp%2Fv2%2Fcategories&post=48262"},{"taxonomy":"post_tag","embeddable":true,"href":"https:\/\/atecordoba.org\/index.php?rest_route=%2Fwp%2Fv2%2Ftags&post=48262"}],"curies":[{"name":"wp","href":"https:\/\/api.w.org\/{rel}","templated":true}]}}