{"id":48251,"date":"2025-04-03T13:16:15","date_gmt":"2025-04-03T16:16:15","guid":{"rendered":"https:\/\/atecordoba.org\/?p=48251"},"modified":"2025-04-04T09:34:23","modified_gmt":"2025-04-04T12:34:23","slug":"ate-presente-en-la-sentencia-del-juicio-por-yamila-cuello","status":"publish","type":"post","link":"https:\/\/atecordoba.org\/?p=48251","title":{"rendered":"ATE, presente en la sentencia del juicio por Yamila Cuello"},"content":{"rendered":"<figure id=\"attachment_48252\" aria-describedby=\"caption-attachment-48252\" style=\"width: 613px\" class=\"wp-caption aligncenter\"><img loading=\"lazy\" decoding=\"async\" class=\"wp-image-48252 \" src=\"https:\/\/atecordoba.org\/wp-content\/uploads\/2025\/04\/WhatsApp-Image-2025-04-03-at-12.30.50-1024x576.jpeg\" alt=\"\" width=\"613\" height=\"345\" \/><figcaption id=\"caption-attachment-48252\" class=\"wp-caption-text\">La secretaria de G\u00e9nero, Mar\u00eda Spaventa, junto a Mar\u00eda C\u00f3rdoba, secretaria de prensa de la Junta Interna ATE Conicet C\u00f3rdoba.<\/figcaption><\/figure>\n<p>Hoy se celebr\u00f3 la ultima audiencia por el femicidio de Yamila Cuello, tras 16 a\u00f1os buscando justicia, la joven de 21 a\u00f1os que desapareci\u00f3 en octubre de 2009.<\/p>\n<p>Su ex pareja N\u00e9stor Simone fue condenado a 20 a\u00f1os de prisi\u00f3n y ATE estuvo presente, junto a organizaciones y partidos pol\u00edticos que llevaron adelante el reclamo.<img loading=\"lazy\" decoding=\"async\" class=\"alignright wp-image-48253 \" src=\"https:\/\/atecordoba.org\/wp-content\/uploads\/2025\/04\/WhatsApp-Image-2025-04-03-at-12.32.34-819x1024.jpeg\" alt=\"\" width=\"328\" height=\"410\" srcset=\"https:\/\/atecordoba.org\/wp-content\/uploads\/2025\/04\/WhatsApp-Image-2025-04-03-at-12.32.34-819x1024.jpeg 819w, https:\/\/atecordoba.org\/wp-content\/uploads\/2025\/04\/WhatsApp-Image-2025-04-03-at-12.32.34-240x300.jpeg 240w, https:\/\/atecordoba.org\/wp-content\/uploads\/2025\/04\/WhatsApp-Image-2025-04-03-at-12.32.34-768x960.jpeg 768w, https:\/\/atecordoba.org\/wp-content\/uploads\/2025\/04\/WhatsApp-Image-2025-04-03-at-12.32.34-750x938.jpeg 750w, https:\/\/atecordoba.org\/wp-content\/uploads\/2025\/04\/WhatsApp-Image-2025-04-03-at-12.32.34.jpeg 1080w\" sizes=\"auto, (max-width: 328px) 100vw, 328px\" \/><\/p>\n<p>Su hermana Soledad comenz\u00f3 la b\u00fasqueda, en una \u00e9poca en la que no hab\u00eda conciencia social sobre la problem\u00e1tica de la violencia de g\u00e9nero ni la trata de personas. La figura de femicidio a\u00fan estaba lejos de incluirse en el C\u00f3digo Penal, hecho que suceder\u00eda recientemente en 2012. Soledad fund\u00f3 la Coordinadora por la desaparici\u00f3n de Yamila Cuello para visibilizar la b\u00fasqueda y la de otras mujeres desaparecidas en la provincia y particip\u00f3 de la formaci\u00f3n de la formaci\u00f3n de movimientos feministas que tuvieron mayor visibilidad a partir del 2015 con el movimiento NiUnaMenos.<\/p>\n<p>Hoy se hizo justicia. ATE acompa\u00f1\u00f3 la sentencia judicial con la participaci\u00f3n de la secretaria de G\u00e9nero, Mar\u00eda Spaventa, encabezando un grupo de estatales dando cuenta del compromiso de nuestra organizaci\u00f3n en la lucha contra la violencia de g\u00e9nero.<\/p>\n<p>&nbsp;<\/p>\n","protected":false},"excerpt":{"rendered":"<p>Hoy se celebr\u00f3 la ultima audiencia por el femicidio de Yamila Cuello, tras 16 a\u00f1os buscando justicia, la joven de 21 a\u00f1os que desapareci\u00f3 en octubre de 2009. Su ex pareja N\u00e9stor Simone fue condenado a 20 a\u00f1os de prisi\u00f3n y ATE estuvo presente, junto a organizaciones y partidos pol\u00edticos que llevaron adelante el reclamo. [&hellip;]<\/p>\n","protected":false},"author":7,"featured_media":48252,"comment_status":"open","ping_status":"open","sticky":false,"template":"","format":"standard","meta":{"_exactmetrics_skip_tracking":false,"_exactmetrics_sitenote_active":false,"_exactmetrics_sitenote_note":"","_exactmetrics_sitenote_category":0,"jnews-multi-image_gallery":[],"jnews_single_post":{"format":"standard","override":[{"template":"1","parallax":"1","fullscreen":"1","layout":"no-sidebar-narrow","sidebar":"default-sidebar","second_sidebar":"default-sidebar","sticky_sidebar":"1","share_position":"bottom","share_float_style":"share-monocrhome","show_share_counter":"1","show_view_counter":"1","show_post_meta":"1","show_post_author_image":"1","show_post_date":"1","post_date_format":"default","post_date_format_custom":"Y\/m\/d","show_post_category":"1","show_post_reading_time":"0","post_reading_time_wpm":"300","post_calculate_word_method":"str_word_count","show_zoom_button":"0","zoom_button_out_step":"2","zoom_button_in_step":"3","show_post_tag":"1","number_popup_post":"1","show_post_related":"1","show_inline_post_related":"0"}],"image_override":[{"single_post_thumbnail_size":"crop-500","single_post_gallery_size":"crop-500"}],"trending_post_position":"meta","trending_post_label":"Trending","sponsored_post_label":"Sponsored by","disable_ad":"0"},"jnews_primary_category":[],"jnews_social_meta":[],"jnews_review":[],"enable_review":"","type":"percentage","name":"","summary":"","brand":"","sku":"","good":[],"bad":[],"score_override":"","override_value":"","rating":[],"price":[],"jnews_override_counter":{"view_counter_number":"0","share_counter_number":"0","like_counter_number":"0","dislike_counter_number":"0"},"jnews_post_split":{"post_split":[{"template":"1","tag":"h2","numbering":"asc","mode":"normal","first":"0","enable_toc":"0","toc_type":"normal"}]},"footnotes":""},"categories":[325],"tags":[1503],"class_list":["post-48251","post","type-post","status-publish","format-standard","has-post-thumbnail","hentry","category-generos-y-diversidades","tag-yamila-cuello"],"jetpack_featured_media_url":"https:\/\/atecordoba.org\/wp-content\/uploads\/2025\/04\/WhatsApp-Image-2025-04-03-at-12.30.50-e1743696969834.jpeg","_links":{"self":[{"href":"https:\/\/atecordoba.org\/index.php?rest_route=\/wp\/v2\/posts\/48251","targetHints":{"allow":["GET"]}}],"collection":[{"href":"https:\/\/atecordoba.org\/index.php?rest_route=\/wp\/v2\/posts"}],"about":[{"href":"https:\/\/atecordoba.org\/index.php?rest_route=\/wp\/v2\/types\/post"}],"author":[{"embeddable":true,"href":"https:\/\/atecordoba.org\/index.php?rest_route=\/wp\/v2\/users\/7"}],"replies":[{"embeddable":true,"href":"https:\/\/atecordoba.org\/index.php?rest_route=%2Fwp%2Fv2%2Fcomments&post=48251"}],"version-history":[{"count":3,"href":"https:\/\/atecordoba.org\/index.php?rest_route=\/wp\/v2\/posts\/48251\/revisions"}],"predecessor-version":[{"id":48260,"href":"https:\/\/atecordoba.org\/index.php?rest_route=\/wp\/v2\/posts\/48251\/revisions\/48260"}],"wp:featuredmedia":[{"embeddable":true,"href":"https:\/\/atecordoba.org\/index.php?rest_route=\/wp\/v2\/media\/48252"}],"wp:attachment":[{"href":"https:\/\/atecordoba.org\/index.php?rest_route=%2Fwp%2Fv2%2Fmedia&parent=48251"}],"wp:term":[{"taxonomy":"category","embeddable":true,"href":"https:\/\/atecordoba.org\/index.php?rest_route=%2Fwp%2Fv2%2Fcategories&post=48251"},{"taxonomy":"post_tag","embeddable":true,"href":"https:\/\/atecordoba.org\/index.php?rest_route=%2Fwp%2Fv2%2Ftags&post=48251"}],"curies":[{"name":"wp","href":"https:\/\/api.w.org\/{rel}","templated":true}]}}