{"id":48246,"date":"2025-04-03T12:39:17","date_gmt":"2025-04-03T15:39:17","guid":{"rendered":"https:\/\/atecordoba.org\/?p=48246"},"modified":"2025-04-03T12:39:17","modified_gmt":"2025-04-03T15:39:17","slug":"la-causa-malvinas-interpela-a-esta-democracia-colonial","status":"publish","type":"post","link":"https:\/\/atecordoba.org\/?p=48246","title":{"rendered":"\u201cLa Causa Malvinas interpela a esta democracia colonial\u201d"},"content":{"rendered":"<p><img loading=\"lazy\" decoding=\"async\" class=\"alignright wp-image-48247 \" src=\"https:\/\/atecordoba.org\/wp-content\/uploads\/2025\/04\/pipon-radio-1024x768.jpg\" alt=\"\" width=\"504\" height=\"378\" srcset=\"https:\/\/atecordoba.org\/wp-content\/uploads\/2025\/04\/pipon-radio-1024x768.jpg 1024w, https:\/\/atecordoba.org\/wp-content\/uploads\/2025\/04\/pipon-radio-300x225.jpg 300w, https:\/\/atecordoba.org\/wp-content\/uploads\/2025\/04\/pipon-radio-768x576.jpg 768w, https:\/\/atecordoba.org\/wp-content\/uploads\/2025\/04\/pipon-radio-750x563.jpg 750w, https:\/\/atecordoba.org\/wp-content\/uploads\/2025\/04\/pipon-radio-1140x855.jpg 1140w, https:\/\/atecordoba.org\/wp-content\/uploads\/2025\/04\/pipon-radio.jpg 1536w\" sizes=\"auto, (max-width: 504px) 100vw, 504px\" \/>El hist\u00f3rico dirigente de la CTA y uno de los fundadores del C\u00edrculo Sindical de la Prensa y la Comunicaci\u00f3n de C\u00f3rdoba (Cispren), Juan Carlos \u201cPip\u00f3n\u201d Giuliani, se\u00f1al\u00f3 que \u201cMalvinas es una causa nacional que interpela a esta democracia colonial\u201d durante una entrevista realizada ayer por Guillermo Gerem\u00eda en el programa \u201cAs\u00ed son las Cosas\u201d que se difunde por FM Gospel de R\u00edo Cuarto.<\/p>\n<p>\u201cLa dictadura que ten\u00eda las manos manchadas con la sangre de nuestros 30.000 compa\u00f1eros detenidos-desaparecidos pretend\u00eda recuperar nuestras Malvinas con pibes a los que no les permit\u00eda organizarse en un sindicato, afiliarse a un partido pol\u00edtico, formar un centro de estudiantes o expresarse culturalmente en libertad\u201d, apunt\u00f3.<\/p>\n<p>Indic\u00f3 que \u201ccon el tiempo, nos enteramos de la malversaci\u00f3n de los fondos que se recaudaban para los soldados de Malvinas gracias al generoso aporte de nuestro pueblo, del accionar represivo de los oficiales del Ej\u00e9rcito con sus subordinados, muchos de los cuales fueron torturados, estaqueados en el suelo helado de nuestras islas, hechos repudiables que fueron denunciados y conforman una causa judicial que actualmente se encuentra en la Corte Suprema\u201d.<\/p>\n<p>Para Giuliani, \u201cla derrota en la Guerra de Malvinas precipit\u00f3 la huida de los militares del poder pero hac\u00eda bastante tiempo que carec\u00edan de consenso social. Resulta una simplificaci\u00f3n hist\u00f3rica adjudicar al desastre de Malvinas la causa excluyente del cese de la dictadura y la reinstauraci\u00f3n democr\u00e1tica. Implica, adem\u00e1s, desconocer la innegable resistencia de la clase trabajadora y el pueblo a la dictadura c\u00edvico-militar\u201d.<\/p>\n<p>Y agreg\u00f3: \u201cLa alegr\u00eda que nos di\u00f3 la Selecci\u00f3n Nacional que gan\u00f3 el Campeonato Mundial de F\u00fatbol en Qatar 2022, tiene como himno una canci\u00f3n -\u2018Muchachos, ahora nos volvimos a ilusionar\u2019- que reivindica a nuestros h\u00e9roes y pone un freno a los intentos de \u2018desmalvinizaci\u00f3n\u2019 que peri\u00f3dicamente intenta imponer la oligarqu\u00eda cipaya como lo hace actualmente el Presidente Milei. \u2018En Argentina nac\u00ed\/Tierra del Diego y Lionel\/De los pibes de Malvinas\/Que jam\u00e1s olvidar\u00e9\u2019, comienza el hit musical que se viraliz\u00f3 en las redes y del que se apropi\u00f3 nuestra sociedad\u201d.<\/p>\n<p>\u201cMalvinas puso al rojo vivo la contradicci\u00f3n principal que viene del fondo de nuestra historia y no est\u00e1 zanjada entre Patria o Colonia, Imperialismo o Naci\u00f3n, Liberaci\u00f3n o Dependencia. Jam\u00e1s olvidaremos a los 649 ca\u00eddos en ese pedazo de suelo argentino y, mucho menos, que la solidaridad latinoamericana estuvo de nuestro lado, mientras que la OTAN y Estados Unidos apoyaron a Inglaterra\u201d, sentenci\u00f3 \u201cPip\u00f3n\u201d Giuliani.<\/p>\n","protected":false},"excerpt":{"rendered":"<p>El hist\u00f3rico dirigente de la CTA y uno de los fundadores del C\u00edrculo Sindical de la Prensa y la Comunicaci\u00f3n de C\u00f3rdoba (Cispren), Juan Carlos \u201cPip\u00f3n\u201d Giuliani, se\u00f1al\u00f3 que \u201cMalvinas es una causa nacional que interpela a esta democracia colonial\u201d durante una entrevista realizada ayer por Guillermo Gerem\u00eda en el programa \u201cAs\u00ed son las Cosas\u201d [&hellip;]<\/p>\n","protected":false},"author":7,"featured_media":48248,"comment_status":"open","ping_status":"open","sticky":false,"template":"","format":"standard","meta":{"_exactmetrics_skip_tracking":false,"_exactmetrics_sitenote_active":false,"_exactmetrics_sitenote_note":"","_exactmetrics_sitenote_category":0,"jnews-multi-image_gallery":[],"jnews_single_post":{"format":"standard","override":[{"template":"1","parallax":"1","fullscreen":"1","layout":"no-sidebar-narrow","sidebar":"default-sidebar","second_sidebar":"default-sidebar","sticky_sidebar":"1","share_position":"bottom","share_float_style":"share-monocrhome","show_share_counter":"1","show_view_counter":"1","show_post_meta":"1","show_post_author_image":"1","show_post_date":"1","post_date_format":"default","post_date_format_custom":"Y\/m\/d","show_post_category":"1","show_post_reading_time":"0","post_reading_time_wpm":"300","post_calculate_word_method":"str_word_count","show_zoom_button":"0","zoom_button_out_step":"2","zoom_button_in_step":"3","show_post_tag":"1","number_popup_post":"1","show_post_related":"1","show_inline_post_related":"0"}],"image_override":[{"single_post_thumbnail_size":"crop-500","single_post_gallery_size":"crop-500"}],"trending_post_position":"meta","trending_post_label":"Trending","sponsored_post_label":"Sponsored by","disable_ad":"0"},"jnews_primary_category":[],"jnews_social_meta":[],"jnews_review":[],"enable_review":"","type":"percentage","name":"","summary":"","brand":"","sku":"","good":[],"bad":[],"score_override":"","override_value":"","rating":[],"price":[],"jnews_override_counter":{"view_counter_number":"0","share_counter_number":"0","like_counter_number":"0","dislike_counter_number":"0"},"jnews_post_split":{"post_split":[{"template":"1","tag":"h2","numbering":"asc","mode":"normal","first":"0","enable_toc":"0","toc_type":"normal"}]},"footnotes":""},"categories":[10],"tags":[395,1502],"class_list":["post-48246","post","type-post","status-publish","format-standard","has-post-thumbnail","hentry","category-accion-politica","tag-ate-cordoba","tag-malvinas"],"jetpack_featured_media_url":"https:\/\/atecordoba.org\/wp-content\/uploads\/2025\/04\/pipon-radio2.jpg","_links":{"self":[{"href":"https:\/\/atecordoba.org\/index.php?rest_route=\/wp\/v2\/posts\/48246","targetHints":{"allow":["GET"]}}],"collection":[{"href":"https:\/\/atecordoba.org\/index.php?rest_route=\/wp\/v2\/posts"}],"about":[{"href":"https:\/\/atecordoba.org\/index.php?rest_route=\/wp\/v2\/types\/post"}],"author":[{"embeddable":true,"href":"https:\/\/atecordoba.org\/index.php?rest_route=\/wp\/v2\/users\/7"}],"replies":[{"embeddable":true,"href":"https:\/\/atecordoba.org\/index.php?rest_route=%2Fwp%2Fv2%2Fcomments&post=48246"}],"version-history":[{"count":1,"href":"https:\/\/atecordoba.org\/index.php?rest_route=\/wp\/v2\/posts\/48246\/revisions"}],"predecessor-version":[{"id":48249,"href":"https:\/\/atecordoba.org\/index.php?rest_route=\/wp\/v2\/posts\/48246\/revisions\/48249"}],"wp:featuredmedia":[{"embeddable":true,"href":"https:\/\/atecordoba.org\/index.php?rest_route=\/wp\/v2\/media\/48248"}],"wp:attachment":[{"href":"https:\/\/atecordoba.org\/index.php?rest_route=%2Fwp%2Fv2%2Fmedia&parent=48246"}],"wp:term":[{"taxonomy":"category","embeddable":true,"href":"https:\/\/atecordoba.org\/index.php?rest_route=%2Fwp%2Fv2%2Fcategories&post=48246"},{"taxonomy":"post_tag","embeddable":true,"href":"https:\/\/atecordoba.org\/index.php?rest_route=%2Fwp%2Fv2%2Ftags&post=48246"}],"curies":[{"name":"wp","href":"https:\/\/api.w.org\/{rel}","templated":true}]}}