{"id":48239,"date":"2025-04-01T14:43:35","date_gmt":"2025-04-01T17:43:35","guid":{"rendered":"https:\/\/atecordoba.org\/?p=48239"},"modified":"2025-04-01T15:04:29","modified_gmt":"2025-04-01T18:04:29","slug":"mendiolaza-audiencia-en-el-ministerio-de-trabajo-fija-una-mesa-de-negociacion-en-el-conflicto-salarial","status":"publish","type":"post","link":"https:\/\/atecordoba.org\/?p=48239","title":{"rendered":"Mendiolaza: audiencia en el Ministerio de Trabajo fija una mesa de negociaci\u00f3n en el conflicto salarial"},"content":{"rendered":"<p><img loading=\"lazy\" decoding=\"async\" class=\"aligncenter wp-image-48241 \" src=\"https:\/\/atecordoba.org\/wp-content\/uploads\/2025\/04\/trabajoprov.jpg\" alt=\"\" width=\"613\" height=\"460\" srcset=\"https:\/\/atecordoba.org\/wp-content\/uploads\/2025\/04\/trabajoprov.jpg 680w, https:\/\/atecordoba.org\/wp-content\/uploads\/2025\/04\/trabajoprov-300x225.jpg 300w\" sizes=\"auto, (max-width: 613px) 100vw, 613px\" \/>Hoy se llev\u00f3 a cabo una audiencia en el Ministerio de Trabajo de la Provincia entre ATE, el Municipio de Mendiolaza y el sindicato de municipales local, a los fines de abordar el conflicto gremial en la localidad.<\/p>\n<p>La intendenta Adela Arning pidi\u00f3 la intervenci\u00f3n de la cartera laboral mientras se cumpl\u00eda hoy el tercer d\u00eda de paro total de actividades en el municipio -comenzando el pasado viernes y continuando ayer y hoy- que puso en vilo a la gesti\u00f3n macrista, situaci\u00f3n que se suma al fuerte cuestionamiento de las y los vecinos de Mendiolaza a la falta de capacidad de que ha mostrado el Departamento Ejecutivo para llevar adelante el gobierno municipal.<\/p>\n<p>En ese marco, la representaci\u00f3n sindical vino solicitando desde enero a Arning una instancia de di\u00e1logo para tratar el retraso salarial de las y los trabajadores a su cargo, sin que pudiera lograrse una mesa de relaciones laborales que resolviera el conflicto gremial.<\/p>\n<p>La incapacidad del Departamento Ejecutivo, cuyo \u00fanico argumento p\u00fablico es &#8220;no hay plata&#8221; para abordar la gesti\u00f3n, tanto en material salarial como en el cumplimiento de los servicios municipales, derivo en un conflicto que Arning busca ahora detener por medio del Ministerio de Trabajo.<\/p>\n<p>En ese marco, en la audiencia de hoy ATE se comprometi\u00f3 a realizar un impase en las medidas de fuerza en aras de mantener la mesa de di\u00e1logo suscripta por las partes, a la espera que la Municipalidad realice una oferta salarial que contemple los reclamos de las y los trabajadores del sector. La pr\u00f3xima audiencia se realizar\u00e1 el 4 de abril.<\/p>\n","protected":false},"excerpt":{"rendered":"<p>Hoy se llev\u00f3 a cabo una audiencia en el Ministerio de Trabajo de la Provincia entre ATE, el Municipio de Mendiolaza y el sindicato de municipales local, a los fines de abordar el conflicto gremial en la localidad. La intendenta Adela Arning pidi\u00f3 la intervenci\u00f3n de la cartera laboral mientras se cumpl\u00eda hoy el tercer [&hellip;]<\/p>\n","protected":false},"author":7,"featured_media":48241,"comment_status":"open","ping_status":"open","sticky":false,"template":"","format":"standard","meta":{"_exactmetrics_skip_tracking":false,"_exactmetrics_sitenote_active":false,"_exactmetrics_sitenote_note":"","_exactmetrics_sitenote_category":0,"jnews-multi-image_gallery":[],"jnews_single_post":{"format":"standard","override":[{"template":"1","parallax":"1","fullscreen":"1","layout":"no-sidebar-narrow","sidebar":"default-sidebar","second_sidebar":"default-sidebar","sticky_sidebar":"1","share_position":"bottom","share_float_style":"share-monocrhome","show_share_counter":"1","show_view_counter":"1","show_post_meta":"1","show_post_author_image":"1","show_post_date":"1","post_date_format":"default","post_date_format_custom":"Y\/m\/d","show_post_category":"1","show_post_reading_time":"0","post_reading_time_wpm":"300","post_calculate_word_method":"str_word_count","show_zoom_button":"0","zoom_button_out_step":"2","zoom_button_in_step":"3","show_post_tag":"1","number_popup_post":"1","show_post_related":"1","show_inline_post_related":"0"}],"image_override":[{"single_post_thumbnail_size":"crop-500","single_post_gallery_size":"crop-500"}],"trending_post_position":"meta","trending_post_label":"Trending","sponsored_post_label":"Sponsored by","disable_ad":"0"},"jnews_primary_category":[],"jnews_social_meta":[],"jnews_review":[],"enable_review":"","type":"percentage","name":"","summary":"","brand":"","sku":"","good":[],"bad":[],"score_override":"","override_value":"","rating":[],"price":[],"jnews_override_counter":{"view_counter_number":"0","share_counter_number":"0","like_counter_number":"0","dislike_counter_number":"0"},"jnews_post_split":{"post_split":[{"template":"1","tag":"h2","numbering":"asc","mode":"normal","first":"0","enable_toc":"0","toc_type":"normal"}]},"footnotes":""},"categories":[20],"tags":[947],"class_list":["post-48239","post","type-post","status-publish","format-standard","has-post-thumbnail","hentry","category-municipales","tag-mendiolaza"],"jetpack_featured_media_url":"https:\/\/atecordoba.org\/wp-content\/uploads\/2025\/04\/trabajoprov.jpg","_links":{"self":[{"href":"https:\/\/atecordoba.org\/index.php?rest_route=\/wp\/v2\/posts\/48239","targetHints":{"allow":["GET"]}}],"collection":[{"href":"https:\/\/atecordoba.org\/index.php?rest_route=\/wp\/v2\/posts"}],"about":[{"href":"https:\/\/atecordoba.org\/index.php?rest_route=\/wp\/v2\/types\/post"}],"author":[{"embeddable":true,"href":"https:\/\/atecordoba.org\/index.php?rest_route=\/wp\/v2\/users\/7"}],"replies":[{"embeddable":true,"href":"https:\/\/atecordoba.org\/index.php?rest_route=%2Fwp%2Fv2%2Fcomments&post=48239"}],"version-history":[{"count":3,"href":"https:\/\/atecordoba.org\/index.php?rest_route=\/wp\/v2\/posts\/48239\/revisions"}],"predecessor-version":[{"id":48244,"href":"https:\/\/atecordoba.org\/index.php?rest_route=\/wp\/v2\/posts\/48239\/revisions\/48244"}],"wp:featuredmedia":[{"embeddable":true,"href":"https:\/\/atecordoba.org\/index.php?rest_route=\/wp\/v2\/media\/48241"}],"wp:attachment":[{"href":"https:\/\/atecordoba.org\/index.php?rest_route=%2Fwp%2Fv2%2Fmedia&parent=48239"}],"wp:term":[{"taxonomy":"category","embeddable":true,"href":"https:\/\/atecordoba.org\/index.php?rest_route=%2Fwp%2Fv2%2Fcategories&post=48239"},{"taxonomy":"post_tag","embeddable":true,"href":"https:\/\/atecordoba.org\/index.php?rest_route=%2Fwp%2Fv2%2Ftags&post=48239"}],"curies":[{"name":"wp","href":"https:\/\/api.w.org\/{rel}","templated":true}]}}