{"id":48234,"date":"2025-04-01T14:18:35","date_gmt":"2025-04-01T17:18:35","guid":{"rendered":"https:\/\/atecordoba.org\/?p=48234"},"modified":"2025-04-01T14:18:35","modified_gmt":"2025-04-01T17:18:35","slug":"villa-valeria-ate-va-por-aumento-salarial-y-entrego-el-proyecto-de-licencias-por-violencia-de-genero-con-el-municipio","status":"publish","type":"post","link":"https:\/\/atecordoba.org\/?p=48234","title":{"rendered":"Villa Valeria: ATE va por aumento salarial  y entreg\u00f3 el proyecto de licencias por violencia de g\u00e9nero con el municipio"},"content":{"rendered":"<p><img loading=\"lazy\" decoding=\"async\" class=\"aligncenter wp-image-48236 \" src=\"https:\/\/atecordoba.org\/wp-content\/uploads\/2025\/04\/WhatsApp-Image-2025-04-01-at-13.25.08.jpeg\" alt=\"\" width=\"626\" height=\"446\" \/>Hoy se llev\u00f3 a cabo una audiencia en la Municipalidad de Villa Valeria, donde ATE trat\u00f3 con el Departamento Ejecutivo la necesidad de un aumento salarial y las recategorizaci\u00f3n del personal.<\/p>\n<p>En la ocasi\u00f3n estuvieron presentes el secretario General de la Seccional ATE Adelia Mar\u00eda, Diego Villegas, junto al secretario de Finanzas, Luis Olivero, junto al abogado de la seccional, Jonatan Ruttis. Por parte de la Municipalidad particip\u00f3 el intendente de Villa Valeria, Claudio Medero, y el secretario de Gobierno, Franco Vagione.<\/p>\n<p><strong>Licencia por Violencia de G\u00e9nero<\/strong><\/p>\n<p>En la reuni\u00f3n se hizo entrega tambi\u00e9n del proyecto de Licencia de Violencia de G\u00e9nero para las trabajadoras municipales, as\u00ed como la presentaci\u00f3n del Protocolo de Aplicaci\u00f3n, realizado por el Consejo Directivo Provincial de ATE C\u00f3rdoba.<\/p>\n<p>En tal sentido, la secretaria de Prensa, Julia Giuliani, valor\u00f3 esta instancia de di\u00e1logo y alent\u00f3 a \u201cseguir sumando municipios que est\u00e9n dispuestos a conversar sobre esta problem\u00e1tica que nos atraviesa como sociedad\u201d.<\/p>\n<p>La dirigente consider\u00f3 que es una responsabilidad de los funcionarios que est\u00e1n a cargo de Ejecutivos \u201ctener un posicionamiento claro sobre esta problem\u00e1tica, sobre todo en un pa\u00eds donde hay un feminicidio cada 32 horas y en una provincia donde se produjeron cuatro feminicidios solo en el mes de marzo\u201d.<\/p>\n<p><strong>Seguir avanzando<\/strong><\/p>\n<p>Giuliani rescat\u00f3 las pol\u00edticas gremiales concretas para la prevenci\u00f3n y el acompa\u00f1amiento con las trabajadoras que sufren este flagelo.<\/p>\n<p>\u201cSeguimos avanzando en todo el territorio provincial, algunos municipios lo est\u00e1n tomando mientras en otros ATE se encuentra en tratativas. Entendemos que es unas instancia compleja porque en ocasiones no est\u00e1 en nivel de conciencia necesario para acompa\u00f1ar la aplicaci\u00f3n de licencias, que no son las ordinarias sino que se trata de mujeres vulneradas en casos sumamente delicados. Nuestro sindicato tiene un compromiso al respecto, con una pol\u00edtica en esta materia. Por eso instamos a los municipios a tomar esta pol\u00edtica y empezar a adherirse a la normativa municipal y nacional vigente\u201d, complet\u00f3 la secretaria de Prensa de ATE C\u00f3rdoba.<\/p>\n","protected":false},"excerpt":{"rendered":"<p>Hoy se llev\u00f3 a cabo una audiencia en la Municipalidad de Villa Valeria, donde ATE trat\u00f3 con el Departamento Ejecutivo la necesidad de un aumento salarial y las recategorizaci\u00f3n del personal. En la ocasi\u00f3n estuvieron presentes el secretario General de la Seccional ATE Adelia Mar\u00eda, Diego Villegas, junto al secretario de Finanzas, Luis Olivero, junto [&hellip;]<\/p>\n","protected":false},"author":7,"featured_media":48236,"comment_status":"open","ping_status":"open","sticky":false,"template":"","format":"standard","meta":{"_exactmetrics_skip_tracking":false,"_exactmetrics_sitenote_active":false,"_exactmetrics_sitenote_note":"","_exactmetrics_sitenote_category":0,"jnews-multi-image_gallery":[],"jnews_single_post":{"format":"standard","override":[{"template":"1","parallax":"1","fullscreen":"1","layout":"no-sidebar-narrow","sidebar":"default-sidebar","second_sidebar":"default-sidebar","sticky_sidebar":"1","share_position":"bottom","share_float_style":"share-monocrhome","show_share_counter":"1","show_view_counter":"1","show_post_meta":"1","show_post_author_image":"1","show_post_date":"1","post_date_format":"default","post_date_format_custom":"Y\/m\/d","show_post_category":"1","show_post_reading_time":"0","post_reading_time_wpm":"300","post_calculate_word_method":"str_word_count","show_zoom_button":"0","zoom_button_out_step":"2","zoom_button_in_step":"3","show_post_tag":"1","number_popup_post":"1","show_post_related":"1","show_inline_post_related":"0"}],"image_override":[{"single_post_thumbnail_size":"crop-500","single_post_gallery_size":"crop-500"}],"trending_post_position":"meta","trending_post_label":"Trending","sponsored_post_label":"Sponsored by","disable_ad":"0"},"jnews_primary_category":[],"jnews_social_meta":[],"jnews_review":[],"enable_review":"","type":"percentage","name":"","summary":"","brand":"","sku":"","good":[],"bad":[],"score_override":"","override_value":"","rating":[],"price":[],"jnews_override_counter":{"view_counter_number":"0","share_counter_number":"0","like_counter_number":"0","dislike_counter_number":"0"},"jnews_post_split":{"post_split":[{"template":"1","tag":"h2","numbering":"asc","mode":"normal","first":"0","enable_toc":"0","toc_type":"normal"}]},"footnotes":""},"categories":[20],"tags":[1018],"class_list":["post-48234","post","type-post","status-publish","format-standard","has-post-thumbnail","hentry","category-municipales","tag-villa-valeria"],"jetpack_featured_media_url":"https:\/\/atecordoba.org\/wp-content\/uploads\/2025\/04\/WhatsApp-Image-2025-04-01-at-13.25.08-e1743527882634.jpeg","_links":{"self":[{"href":"https:\/\/atecordoba.org\/index.php?rest_route=\/wp\/v2\/posts\/48234","targetHints":{"allow":["GET"]}}],"collection":[{"href":"https:\/\/atecordoba.org\/index.php?rest_route=\/wp\/v2\/posts"}],"about":[{"href":"https:\/\/atecordoba.org\/index.php?rest_route=\/wp\/v2\/types\/post"}],"author":[{"embeddable":true,"href":"https:\/\/atecordoba.org\/index.php?rest_route=\/wp\/v2\/users\/7"}],"replies":[{"embeddable":true,"href":"https:\/\/atecordoba.org\/index.php?rest_route=%2Fwp%2Fv2%2Fcomments&post=48234"}],"version-history":[{"count":2,"href":"https:\/\/atecordoba.org\/index.php?rest_route=\/wp\/v2\/posts\/48234\/revisions"}],"predecessor-version":[{"id":48237,"href":"https:\/\/atecordoba.org\/index.php?rest_route=\/wp\/v2\/posts\/48234\/revisions\/48237"}],"wp:featuredmedia":[{"embeddable":true,"href":"https:\/\/atecordoba.org\/index.php?rest_route=\/wp\/v2\/media\/48236"}],"wp:attachment":[{"href":"https:\/\/atecordoba.org\/index.php?rest_route=%2Fwp%2Fv2%2Fmedia&parent=48234"}],"wp:term":[{"taxonomy":"category","embeddable":true,"href":"https:\/\/atecordoba.org\/index.php?rest_route=%2Fwp%2Fv2%2Fcategories&post=48234"},{"taxonomy":"post_tag","embeddable":true,"href":"https:\/\/atecordoba.org\/index.php?rest_route=%2Fwp%2Fv2%2Ftags&post=48234"}],"curies":[{"name":"wp","href":"https:\/\/api.w.org\/{rel}","templated":true}]}}