{"id":48229,"date":"2025-04-01T12:47:50","date_gmt":"2025-04-01T15:47:50","guid":{"rendered":"https:\/\/atecordoba.org\/?p=48229"},"modified":"2025-04-01T13:36:06","modified_gmt":"2025-04-01T16:36:06","slug":"trabajo-continua-el-estado-de-alerta-por-la-renovacion-de-los-contratos","status":"publish","type":"post","link":"https:\/\/atecordoba.org\/?p=48229","title":{"rendered":"Trabajo: contin\u00faa el estado de alerta por la renovaci\u00f3n de los contratos"},"content":{"rendered":"<p><img loading=\"lazy\" decoding=\"async\" class=\"aligncenter wp-image-48230 \" src=\"https:\/\/atecordoba.org\/wp-content\/uploads\/2025\/04\/20230726_125023-1024x461.jpg\" alt=\"\" width=\"624\" height=\"281\" \/>La Junta Interna ATE Trabajo inform\u00f3 a compa\u00f1eros y compa\u00f1eras de todo el pa\u00eds que cumplen funciones en la Secretar\u00eda de Trabajo de la Naci\u00f3n que &#8220;en el d\u00eda de la fecha <strong>no se han reportado<\/strong> en ning\u00fan sector de trabajo comunicaciones referidas a rescisiones de contratos o pases a disponibilidad de trabajadores\/as de nuestro organismo, como parte de la pol\u00edtica de desguace que viene llevando adelante el Ministerio de Destrucci\u00f3n el Estado&#8221;.<\/p>\n<p>&#8220;A su vez, en interlocuci\u00f3n al m\u00e1s alto nivel de autoridades de la STEySS, se nos ha informado que ser\u00e1n renovados los m\u00e1s de 300 contratos Art\u00edculo 9 que venc\u00edan hoy, aunque sin especificar el plazo de extensi\u00f3n de dichas renovaciones&#8221;, remarc\u00f3.<\/p>\n<p>En este sentido, &#8220;si bien no se han producido bajas de puestos de trabajo hasta el momento, desde nuestra representaci\u00f3n gremial entendemos que la situaci\u00f3n institucional sigue siendo sumamente cr\u00edtica, en tanto sigue en curso en nuestro organismo el proceso de injerencia de la cartera de Sturzenneger, lo que pone en riesgo de desmantelamiento a diversas \u00e1reas y programas, con la consecuente amenaza de despidos masivos durante las pr\u00f3ximas semanas&#8221;, afirm\u00f3 la Junta Interna.<\/p>\n<p>&#8220;Por estas razones, sostenemos el Estado de Alerta de nuestra ATE \u2013 Trabajo en todo el pa\u00eds en defensa de las pol\u00edticas p\u00fablicas y los puestos de trabajo, apostando a fortalecer m\u00e1s que nunca en este lapso de tiempo nuestra actividad y organizaci\u00f3n gremial en todo el territorio nacional, hasta tanto se nos garantice la plena continuidad de las l\u00edneas de gesti\u00f3n y todos los puestos de trabajo&#8221;.<\/p>\n<p>&#8220;Con esa perspectiva, preparemos con todas nuestras fuerzas la intervenci\u00f3n en el Paro de 36 horas de nuestra ATE (del 9 y 10 de abril), participando en la mayor unidad de acci\u00f3n en la movilizaci\u00f3n del 9 y en el impulso del Paro Genera del 10 junto a todo el movimiento obrero&#8221;, finaliz\u00f3.<\/p>\n","protected":false},"excerpt":{"rendered":"<p>La Junta Interna ATE Trabajo inform\u00f3 a compa\u00f1eros y compa\u00f1eras de todo el pa\u00eds que cumplen funciones en la Secretar\u00eda de Trabajo de la Naci\u00f3n que &#8220;en el d\u00eda de la fecha no se han reportado en ning\u00fan sector de trabajo comunicaciones referidas a rescisiones de contratos o pases a disponibilidad de trabajadores\/as de nuestro [&hellip;]<\/p>\n","protected":false},"author":7,"featured_media":48230,"comment_status":"open","ping_status":"open","sticky":false,"template":"","format":"standard","meta":{"_exactmetrics_skip_tracking":false,"_exactmetrics_sitenote_active":false,"_exactmetrics_sitenote_note":"","_exactmetrics_sitenote_category":0,"jnews-multi-image_gallery":[],"jnews_single_post":{"format":"standard","override":[{"template":"1","parallax":"1","fullscreen":"1","layout":"no-sidebar-narrow","sidebar":"default-sidebar","second_sidebar":"default-sidebar","sticky_sidebar":"1","share_position":"bottom","share_float_style":"share-monocrhome","show_share_counter":"1","show_view_counter":"1","show_post_meta":"1","show_post_author_image":"1","show_post_date":"1","post_date_format":"default","post_date_format_custom":"Y\/m\/d","show_post_category":"1","show_post_reading_time":"0","post_reading_time_wpm":"300","post_calculate_word_method":"str_word_count","show_zoom_button":"0","zoom_button_out_step":"2","zoom_button_in_step":"3","show_post_tag":"1","number_popup_post":"1","show_post_related":"1","show_inline_post_related":"0"}],"image_override":[{"single_post_thumbnail_size":"crop-500","single_post_gallery_size":"crop-500"}],"trending_post_position":"meta","trending_post_label":"Trending","sponsored_post_label":"Sponsored by","disable_ad":"0"},"jnews_primary_category":[],"jnews_social_meta":[],"jnews_review":[],"enable_review":"","type":"percentage","name":"","summary":"","brand":"","sku":"","good":[],"bad":[],"score_override":"","override_value":"","rating":[],"price":[],"jnews_override_counter":{"view_counter_number":"0","share_counter_number":"0","like_counter_number":"0","dislike_counter_number":"0"},"jnews_post_split":{"post_split":[{"template":"1","tag":"h2","numbering":"asc","mode":"normal","first":"0","enable_toc":"0","toc_type":"normal"}]},"footnotes":""},"categories":[18],"tags":[338],"class_list":["post-48229","post","type-post","status-publish","format-standard","has-post-thumbnail","hentry","category-nacionales","tag-ministerio-de-trabajo-de-la-nacion"],"jetpack_featured_media_url":"https:\/\/atecordoba.org\/wp-content\/uploads\/2025\/04\/20230726_125023-scaled-e1743522461401.jpg","_links":{"self":[{"href":"https:\/\/atecordoba.org\/index.php?rest_route=\/wp\/v2\/posts\/48229","targetHints":{"allow":["GET"]}}],"collection":[{"href":"https:\/\/atecordoba.org\/index.php?rest_route=\/wp\/v2\/posts"}],"about":[{"href":"https:\/\/atecordoba.org\/index.php?rest_route=\/wp\/v2\/types\/post"}],"author":[{"embeddable":true,"href":"https:\/\/atecordoba.org\/index.php?rest_route=\/wp\/v2\/users\/7"}],"replies":[{"embeddable":true,"href":"https:\/\/atecordoba.org\/index.php?rest_route=%2Fwp%2Fv2%2Fcomments&post=48229"}],"version-history":[{"count":2,"href":"https:\/\/atecordoba.org\/index.php?rest_route=\/wp\/v2\/posts\/48229\/revisions"}],"predecessor-version":[{"id":48232,"href":"https:\/\/atecordoba.org\/index.php?rest_route=\/wp\/v2\/posts\/48229\/revisions\/48232"}],"wp:featuredmedia":[{"embeddable":true,"href":"https:\/\/atecordoba.org\/index.php?rest_route=\/wp\/v2\/media\/48230"}],"wp:attachment":[{"href":"https:\/\/atecordoba.org\/index.php?rest_route=%2Fwp%2Fv2%2Fmedia&parent=48229"}],"wp:term":[{"taxonomy":"category","embeddable":true,"href":"https:\/\/atecordoba.org\/index.php?rest_route=%2Fwp%2Fv2%2Fcategories&post=48229"},{"taxonomy":"post_tag","embeddable":true,"href":"https:\/\/atecordoba.org\/index.php?rest_route=%2Fwp%2Fv2%2Ftags&post=48229"}],"curies":[{"name":"wp","href":"https:\/\/api.w.org\/{rel}","templated":true}]}}