{"id":48224,"date":"2025-04-01T12:08:16","date_gmt":"2025-04-01T15:08:16","guid":{"rendered":"https:\/\/atecordoba.org\/?p=48224"},"modified":"2025-04-01T12:15:16","modified_gmt":"2025-04-01T15:15:16","slug":"en-pleno-ajuste-a-la-conae-milei-se-comprometio-a-realizar-exploraciones-espaciales-conjuntas-con-estados-unidos","status":"publish","type":"post","link":"https:\/\/atecordoba.org\/?p=48224","title":{"rendered":"En pleno ajuste a la CONAE, Milei se comprometi\u00f3 a realizar \u201cexploraciones espaciales conjuntas\u201d con Estados Unidos"},"content":{"rendered":"<p><img loading=\"lazy\" decoding=\"async\" class=\"aligncenter wp-image-48225 \" src=\"https:\/\/atecordoba.org\/wp-content\/uploads\/2025\/04\/milei-trump.jpg\" alt=\"\" width=\"622\" height=\"346\" srcset=\"https:\/\/atecordoba.org\/wp-content\/uploads\/2025\/04\/milei-trump.jpg 800w, https:\/\/atecordoba.org\/wp-content\/uploads\/2025\/04\/milei-trump-300x167.jpg 300w, https:\/\/atecordoba.org\/wp-content\/uploads\/2025\/04\/milei-trump-768x427.jpg 768w, https:\/\/atecordoba.org\/wp-content\/uploads\/2025\/04\/milei-trump-750x417.jpg 750w\" sizes=\"auto, (max-width: 622px) 100vw, 622px\" \/>El gobierno argentino, celebr\u00f3, el jueves 27 de marzo un acuerdo con Estados Unidos en el que \u201cse compromete\u201d a realizar investigaciones en el espacio exterior, con el objetivo de mejorar la vida en la Tierra.<\/p>\n<p>Fue el resultado de la ronda de consultas espaciales, en un programa que se enmarca \u201cen la buena relaci\u00f3n bilateral que mantienen las administraciones de Javier Milei y Donald Trump\u201d.<\/p>\n<p>Dicha gesti\u00f3n sell\u00f3 el compromiso de ambos de Estados para trabajar juntos en operaciones en el espacio. En ellas involucrar\u00e1n a las agencias espaciales gubernamentales de los dos pa\u00edses, y tambi\u00e9n la colaboraci\u00f3n de empresas del sector privado.<\/p>\n<p>\u201cLos Gobiernos de los Estados Unidos de Am\u00e9rica y de la Rep\u00fablica Argentina se complacen en reafirmar su duradera asociaci\u00f3n y compromiso con el uso responsable y pac\u00edfico y la exploraci\u00f3n del espacio ultraterrestre, luego de una serie de consultas espaciales bilaterales llevadas a cabo en Washington D.C., del 11 al 13 de marzo de 2025\u2033, explic\u00f3 un comunicado difundido por el servicio exterior norteamericano.<\/p>\n<p>Claro que, teniendo en cuenta el brutal desfinanciamiento del sistema cient\u00edfico argentino a manos del propio Milei, queda claro que es muy dif\u00edcil que avance ese acuerdo.<\/p>\n<p>Es que, la inversi\u00f3n estatal en ciencia y tecnolog\u00eda en Argentina tocar\u00e1 en 2025 un piso hist\u00f3rico luego de la decisi\u00f3n del gobierno de Javier Milei de dejar sin efecto la Ley de Financiamiento del sistema de Ciencia y Tecnolog\u00eda, votada en 2021 por el Congreso, y que fijaba el cumplimiento de una pauta escalonada de inversi\u00f3n p\u00fablica que deb\u00eda alcanzar el 1% del Producto Bruto Interno (PBI) en 2032.<\/p>\n<p><strong>Para la foto<\/strong><\/p>\n<p>Al respecto, Periferia dialog\u00f3 con Emiliano Baum, delegado de ATE e ingeniero de Software de la Comisi\u00f3n Nacional de Actividades Espaciales quien explic\u00f3 que el acuerdo, en el que Argentina participar\u00e1 con un CUBESat, \u201ces parte de las acciones de cooperaci\u00f3n hist\u00f3ricas\u201c. Baum asegura que \u201cen CONAE venimos funcionando de manera cada vez m\u00e1s degradada porque nos vamos quedando sin antenas en el segmento terreno. Las se\u00f1ales de los sat\u00e9lites se transforman en datos y esas se\u00f1ales se las damos a otro sector que genera informaci\u00f3n. El inicio de ese camino es cada vez m\u00e1s chico, tenemos menos sistema. As\u00ed, la CONAE pierde parte de su existencia y de su peso internacional, los sat\u00e9lites SAOCOM est\u00e1n promediando su vida \u00fatil, el nuevo sat\u00e9lite (ARSAT SG1) est\u00e1 ralentizado\u201d, explic\u00f3 Baum.<\/p>\n<p>\u201cCONAE est\u00e1 con el mismo presupuesto de 2023, con la inflaci\u00f3n que hubo, y no hace falta ser economista para entender que el organismo funciona de manera degradada\u201d, dijo el delegado a Periferia. El especialista en Software sostuvo que \u201cel proyecto de acceso al espacio est\u00e1 en pausa, se fue mucho personal y gente capacitada. Eso se explica porque desde que asumi\u00f3 Milei nosotros perdimos un 45% de nuestros salarios en t\u00e9rminos reales\u201c.<\/p>\n<p>\u201cDesde el gobierno nacional dicen que van a participar en un proyecto internacional pero es para la foto\u201d, concluye Baum.<\/p>\n<p><strong>Un acuerdo de dif\u00edcil implementaci\u00f3n en un pa\u00eds para el que la ciencia no es prioridad<\/strong><\/p>\n<p>Este camino, si bien a\u00fan no se transit\u00f3, es casi seguro que ser\u00e1 as\u00ed teniendo en cuenta que para el Gobierno el sector cient\u00edfico no es una prioridad. Como muestra basta recordar que el propio Javier Milei llam\u00f3 \u201ccanallas\u201d y \u201ccasta\u201d a los investigadores y las investigadoras del CONICET.<\/p>\n<p>La norma se cumpli\u00f3 hasta 2023, cuando asumi\u00f3 Javier Milei la presidencia de la Naci\u00f3n y fue all\u00ed que la inversi\u00f3n en ciencia y tecnolog\u00eda, a contramano de la orientaci\u00f3n de cualquier pa\u00eds desarrollado, comenz\u00f3 a descender mes a mes.<\/p>\n<p>As\u00ed, la Funci\u00f3n CyT (FCyT) del Presupuesto de la Administraci\u00f3n P\u00fablica Nacional (APN) muestra una ca\u00edda de su Cr\u00e9dito Vigente (CV) del 21,8% real contra 2024, a\u00f1o en el que hab\u00eda declinado un 32,9% contra el a\u00f1o precedente. La Funci\u00f3n, que es la que define con qu\u00e9 recursos contar\u00e1 el sistema cient\u00edfico, pierde as\u00ed 47,2 puntos en el bienio.<\/p>\n<p><strong>Piso hist\u00f3rico de inversi\u00f3n en ciencia<\/strong><\/p>\n<p>Para el a\u00f1o en curso se proyecta un rebote estad\u00edstico de la actividad econ\u00f3mica del 3,7%. En este contexto el Presupuesto Vigente de la APN declina un 19,0% en t\u00e9rminos reales, tras caer un 26,1% en 2024. Con ello, la FCyT representar\u00eda en 2025 tan solo 0,157% del PBI (0,302% en 2023; 0,206% en 2024), un m\u00ednimo absoluto en la serie hist\u00f3rica.<\/p>\n<p>El cr\u00e9dito vigente de la Funci\u00f3n Ciencia y T\u00e9cnica se ubica as\u00ed a 55,1 puntos reales de su m\u00e1ximo de 2015 y el del CONICET marca una ca\u00edda del 43,0% en t\u00e9rminos reales de su presupuesto respecto de hace diez a\u00f1os.<\/p>\n<p><strong>Qu\u00e9 son los Acuerdos Artemis<\/strong><\/p>\n<p>El 27 de julio de 2023, la NASA celebr\u00f3 la decisi\u00f3n de Argentina de adherir a los Acuerdos Artemis, un pacto internacional para promover la cooperaci\u00f3n pac\u00edfica en la exploraci\u00f3n espacial.<\/p>\n<p>Bill Nelson, administrador de la NASA, destac\u00f3 en aquella oportunidad que Argentina se convirti\u00f3 en el pa\u00eds n\u00famero 28 en firmar los acuerdos, que tienen como objetivo garantizar una exploraci\u00f3n responsable del espacio, incluyendo la asistencia mutua en caso de problemas y la prevenci\u00f3n de interferencias en actividades espaciales.<\/p>\n<p>Los Acuerdos Artemis, que fueron establecidos en 2020, son fundamentales para el Programa Artemisa, que planea llevar astronautas de regreso a la Luna y, eventualmente, a Marte. Nelson expres\u00f3 su gratitud por el compromiso argentino, se\u00f1alando la importancia de este tipo de cooperaci\u00f3n internacional para el avance de la ciencia y la tecnolog\u00eda.<\/p>\n<p>La intervenci\u00f3n en aquel momento estuvo a cargo del presidente Alberto Fern\u00e1ndez, quien durante su encuentro con Nelson resalt\u00f3 la relevancia de esta alianza para el desarrollo del programa espacial argentino, en colaboraci\u00f3n con la Comisi\u00f3n Nacional de Actividades Espaciales (CONAE).<\/p>\n<p>El entonces ministro de Ciencia y Tecnolog\u00eda, Daniel Filmus, hab\u00eda destacado que Argentina es uno de los pocos pa\u00edses del hemisferio sur con la capacidad de desarrollar pol\u00edticas satelitales propias. Esta integraci\u00f3n a los Acuerdos Artemis abr\u00eda nuevas posibilidades para la cooperaci\u00f3n internacional en ciencia espacial.<\/p>\n<p>(fuente: https:\/\/periferia.com.ar\/)<\/p>\n","protected":false},"excerpt":{"rendered":"<p>El gobierno argentino, celebr\u00f3, el jueves 27 de marzo un acuerdo con Estados Unidos en el que \u201cse compromete\u201d a realizar investigaciones en el espacio exterior, con el objetivo de mejorar la vida en la Tierra. Fue el resultado de la ronda de consultas espaciales, en un programa que se enmarca \u201cen la buena relaci\u00f3n [&hellip;]<\/p>\n","protected":false},"author":7,"featured_media":48225,"comment_status":"open","ping_status":"open","sticky":false,"template":"","format":"standard","meta":{"_exactmetrics_skip_tracking":false,"_exactmetrics_sitenote_active":false,"_exactmetrics_sitenote_note":"","_exactmetrics_sitenote_category":0,"jnews-multi-image_gallery":[],"jnews_single_post":{"format":"standard","override":[{"template":"1","parallax":"1","fullscreen":"1","layout":"no-sidebar-narrow","sidebar":"default-sidebar","second_sidebar":"default-sidebar","sticky_sidebar":"1","share_position":"bottom","share_float_style":"share-monocrhome","show_share_counter":"1","show_view_counter":"1","show_post_meta":"1","show_post_author_image":"1","show_post_date":"1","post_date_format":"default","post_date_format_custom":"Y\/m\/d","show_post_category":"1","show_post_reading_time":"0","post_reading_time_wpm":"300","post_calculate_word_method":"str_word_count","show_zoom_button":"0","zoom_button_out_step":"2","zoom_button_in_step":"3","show_post_tag":"1","number_popup_post":"1","show_post_related":"1","show_inline_post_related":"0"}],"image_override":[{"single_post_thumbnail_size":"crop-500","single_post_gallery_size":"crop-500"}],"trending_post_position":"meta","trending_post_label":"Trending","sponsored_post_label":"Sponsored by","disable_ad":"0"},"jnews_primary_category":[],"jnews_social_meta":[],"jnews_review":[],"enable_review":"","type":"percentage","name":"","summary":"","brand":"","sku":"","good":[],"bad":[],"score_override":"","override_value":"","rating":[],"price":[],"jnews_override_counter":{"view_counter_number":"0","share_counter_number":"0","like_counter_number":"0","dislike_counter_number":"0"},"jnews_post_split":{"post_split":[{"template":"1","tag":"h2","numbering":"asc","mode":"normal","first":"0","enable_toc":"0","toc_type":"normal"}]},"footnotes":""},"categories":[18],"tags":[1349,463],"class_list":["post-48224","post","type-post","status-publish","format-standard","has-post-thumbnail","hentry","category-nacionales","tag-ate-conae","tag-conae"],"jetpack_featured_media_url":"https:\/\/atecordoba.org\/wp-content\/uploads\/2025\/04\/milei-trump.jpg","_links":{"self":[{"href":"https:\/\/atecordoba.org\/index.php?rest_route=\/wp\/v2\/posts\/48224","targetHints":{"allow":["GET"]}}],"collection":[{"href":"https:\/\/atecordoba.org\/index.php?rest_route=\/wp\/v2\/posts"}],"about":[{"href":"https:\/\/atecordoba.org\/index.php?rest_route=\/wp\/v2\/types\/post"}],"author":[{"embeddable":true,"href":"https:\/\/atecordoba.org\/index.php?rest_route=\/wp\/v2\/users\/7"}],"replies":[{"embeddable":true,"href":"https:\/\/atecordoba.org\/index.php?rest_route=%2Fwp%2Fv2%2Fcomments&post=48224"}],"version-history":[{"count":2,"href":"https:\/\/atecordoba.org\/index.php?rest_route=\/wp\/v2\/posts\/48224\/revisions"}],"predecessor-version":[{"id":48227,"href":"https:\/\/atecordoba.org\/index.php?rest_route=\/wp\/v2\/posts\/48224\/revisions\/48227"}],"wp:featuredmedia":[{"embeddable":true,"href":"https:\/\/atecordoba.org\/index.php?rest_route=\/wp\/v2\/media\/48225"}],"wp:attachment":[{"href":"https:\/\/atecordoba.org\/index.php?rest_route=%2Fwp%2Fv2%2Fmedia&parent=48224"}],"wp:term":[{"taxonomy":"category","embeddable":true,"href":"https:\/\/atecordoba.org\/index.php?rest_route=%2Fwp%2Fv2%2Fcategories&post=48224"},{"taxonomy":"post_tag","embeddable":true,"href":"https:\/\/atecordoba.org\/index.php?rest_route=%2Fwp%2Fv2%2Ftags&post=48224"}],"curies":[{"name":"wp","href":"https:\/\/api.w.org\/{rel}","templated":true}]}}