{"id":48213,"date":"2025-03-31T15:04:14","date_gmt":"2025-03-31T18:04:14","guid":{"rendered":"https:\/\/atecordoba.org\/?p=48213"},"modified":"2025-03-31T15:07:06","modified_gmt":"2025-03-31T18:07:06","slug":"mendiolaza-sigue-el-plan-de-lucha-por-mejoras-salariales-con-paro-de-actividades-hoy-y-manana","status":"publish","type":"post","link":"https:\/\/atecordoba.org\/?p=48213","title":{"rendered":"Mendiolaza: sigue el plan de lucha por mejoras salariales con paro de actividades hoy y ma\u00f1ana"},"content":{"rendered":"<p><img loading=\"lazy\" decoding=\"async\" class=\"aligncenter wp-image-48214 \" src=\"https:\/\/atecordoba.org\/wp-content\/uploads\/2025\/03\/WhatsApp-Image-2025-03-31-at-14.33.55-1024x460.jpeg\" alt=\"\" width=\"616\" height=\"277\" srcset=\"https:\/\/atecordoba.org\/wp-content\/uploads\/2025\/03\/WhatsApp-Image-2025-03-31-at-14.33.55-1024x460.jpeg 1024w, https:\/\/atecordoba.org\/wp-content\/uploads\/2025\/03\/WhatsApp-Image-2025-03-31-at-14.33.55-300x135.jpeg 300w, https:\/\/atecordoba.org\/wp-content\/uploads\/2025\/03\/WhatsApp-Image-2025-03-31-at-14.33.55-768x345.jpeg 768w, https:\/\/atecordoba.org\/wp-content\/uploads\/2025\/03\/WhatsApp-Image-2025-03-31-at-14.33.55-750x337.jpeg 750w, https:\/\/atecordoba.org\/wp-content\/uploads\/2025\/03\/WhatsApp-Image-2025-03-31-at-14.33.55-1140x512.jpeg 1140w, https:\/\/atecordoba.org\/wp-content\/uploads\/2025\/03\/WhatsApp-Image-2025-03-31-at-14.33.55.jpeg 1280w\" sizes=\"auto, (max-width: 616px) 100vw, 616px\" \/>Las y los trabajadores municipales de la localidad de Mendiolaza vienen realizando un largo conflicto gremial en reclamo de aumento salarial. Hoy se concret\u00f3 el primero de los dos d\u00edas de paro dispuesto por ATE, ante al falta de di\u00e1logo del Departamento Ejecutivo para avanzar en un acuerdo.<\/p>\n<p>El pasado 19 de marzo una <a href=\"https:\/\/atecordoba.org\/?p=48048\">gran asamblea rechaz\u00f3<\/a> la exigua oferta que realiz\u00f3 la intendenta Adela Arling. Mientras nuestro gremio pidi\u00f3 una recomposici\u00f3n del 24% para todos los salarios, dividido en dos cuotas, m\u00e1s un bono de 100 mil pesos y actualizaciones por medio del IPC nacional, Arling, omiti\u00f3 la recomposici\u00f3n y contraofert\u00f3 el bono y la actualizaci\u00f3n por IPC, que deja de lado los ingresos perdidos por el ajuste del 2024.<\/p>\n<p><img loading=\"lazy\" decoding=\"async\" class=\"aligncenter wp-image-48218 size-full\" src=\"https:\/\/atecordoba.org\/wp-content\/uploads\/2025\/03\/WhatsApp-Image-2025-03-31-at-14.33.56-1.jpeg\" alt=\"\" width=\"575\" height=\"755\" srcset=\"https:\/\/atecordoba.org\/wp-content\/uploads\/2025\/03\/WhatsApp-Image-2025-03-31-at-14.33.56-1.jpeg 575w, https:\/\/atecordoba.org\/wp-content\/uploads\/2025\/03\/WhatsApp-Image-2025-03-31-at-14.33.56-1-228x300.jpeg 228w\" sizes=\"auto, (max-width: 575px) 100vw, 575px\" \/><\/p>\n<p>Las y los trabajadores se concentraron hoy frente a la sede municipal y llevaron a cabo una bulliciosa protesta, ante el silencio stampa de la intendente, muy <a href=\"https:\/\/latinta.com.ar\/2025\/03\/28\/mendiolaza-anisacate-revocatoria-intendentas\/\">cuestionada por los vecinos<\/a> debido a la floja gesti\u00f3n que est\u00e1 realizando.<\/p>\n<p>ATE seguir\u00e1 insistiendo por un justo aumento aumento de haberes que contemple las necesidades del conjunto del personal municipal.<\/p>\n<p><strong>Mensaje de las y los trabajadores a la Comunidad e Mendiolaza<\/strong><\/p>\n<p><img loading=\"lazy\" decoding=\"async\" class=\"aligncenter wp-image-48220 size-large\" src=\"https:\/\/atecordoba.org\/wp-content\/uploads\/2025\/03\/WhatsApp-Image-2025-03-31-at-14.51.37-576x1024.jpeg\" alt=\"\" width=\"576\" height=\"1024\" srcset=\"https:\/\/atecordoba.org\/wp-content\/uploads\/2025\/03\/WhatsApp-Image-2025-03-31-at-14.51.37-576x1024.jpeg 576w, https:\/\/atecordoba.org\/wp-content\/uploads\/2025\/03\/WhatsApp-Image-2025-03-31-at-14.51.37-169x300.jpeg 169w, https:\/\/atecordoba.org\/wp-content\/uploads\/2025\/03\/WhatsApp-Image-2025-03-31-at-14.51.37-768x1366.jpeg 768w, https:\/\/atecordoba.org\/wp-content\/uploads\/2025\/03\/WhatsApp-Image-2025-03-31-at-14.51.37-864x1536.jpeg 864w, https:\/\/atecordoba.org\/wp-content\/uploads\/2025\/03\/WhatsApp-Image-2025-03-31-at-14.51.37-750x1334.jpeg 750w, https:\/\/atecordoba.org\/wp-content\/uploads\/2025\/03\/WhatsApp-Image-2025-03-31-at-14.51.37.jpeg 899w\" sizes=\"auto, (max-width: 576px) 100vw, 576px\" \/><\/p>\n","protected":false},"excerpt":{"rendered":"<p>Las y los trabajadores municipales de la localidad de Mendiolaza vienen realizando un largo conflicto gremial en reclamo de aumento salarial. Hoy se concret\u00f3 el primero de los dos d\u00edas de paro dispuesto por ATE, ante al falta de di\u00e1logo del Departamento Ejecutivo para avanzar en un acuerdo. El pasado 19 de marzo una gran [&hellip;]<\/p>\n","protected":false},"author":7,"featured_media":48214,"comment_status":"open","ping_status":"open","sticky":false,"template":"","format":"standard","meta":{"_exactmetrics_skip_tracking":false,"_exactmetrics_sitenote_active":false,"_exactmetrics_sitenote_note":"","_exactmetrics_sitenote_category":0,"jnews-multi-image_gallery":[],"jnews_single_post":{"format":"standard","override":[{"template":"1","parallax":"1","fullscreen":"1","layout":"no-sidebar-narrow","sidebar":"default-sidebar","second_sidebar":"default-sidebar","sticky_sidebar":"1","share_position":"bottom","share_float_style":"share-monocrhome","show_share_counter":"1","show_view_counter":"1","show_post_meta":"1","show_post_author_image":"1","show_post_date":"1","post_date_format":"default","post_date_format_custom":"Y\/m\/d","show_post_category":"1","show_post_reading_time":"0","post_reading_time_wpm":"300","post_calculate_word_method":"str_word_count","show_zoom_button":"0","zoom_button_out_step":"2","zoom_button_in_step":"3","show_post_tag":"1","number_popup_post":"1","show_post_related":"1","show_inline_post_related":"0"}],"image_override":[{"single_post_thumbnail_size":"crop-500","single_post_gallery_size":"crop-500"}],"trending_post_position":"meta","trending_post_label":"Trending","sponsored_post_label":"Sponsored by","disable_ad":"0"},"jnews_primary_category":[],"jnews_social_meta":[],"jnews_review":[],"enable_review":"","type":"percentage","name":"","summary":"","brand":"","sku":"","good":[],"bad":[],"score_override":"","override_value":"","rating":[],"price":[],"jnews_override_counter":{"view_counter_number":"0","share_counter_number":"0","like_counter_number":"0","dislike_counter_number":"0"},"jnews_post_split":{"post_split":[{"template":"1","tag":"h2","numbering":"asc","mode":"normal","first":"0","enable_toc":"0","toc_type":"normal"}]},"footnotes":""},"categories":[20],"tags":[947],"class_list":["post-48213","post","type-post","status-publish","format-standard","has-post-thumbnail","hentry","category-municipales","tag-mendiolaza"],"jetpack_featured_media_url":"https:\/\/atecordoba.org\/wp-content\/uploads\/2025\/03\/WhatsApp-Image-2025-03-31-at-14.33.55.jpeg","_links":{"self":[{"href":"https:\/\/atecordoba.org\/index.php?rest_route=\/wp\/v2\/posts\/48213","targetHints":{"allow":["GET"]}}],"collection":[{"href":"https:\/\/atecordoba.org\/index.php?rest_route=\/wp\/v2\/posts"}],"about":[{"href":"https:\/\/atecordoba.org\/index.php?rest_route=\/wp\/v2\/types\/post"}],"author":[{"embeddable":true,"href":"https:\/\/atecordoba.org\/index.php?rest_route=\/wp\/v2\/users\/7"}],"replies":[{"embeddable":true,"href":"https:\/\/atecordoba.org\/index.php?rest_route=%2Fwp%2Fv2%2Fcomments&post=48213"}],"version-history":[{"count":3,"href":"https:\/\/atecordoba.org\/index.php?rest_route=\/wp\/v2\/posts\/48213\/revisions"}],"predecessor-version":[{"id":48222,"href":"https:\/\/atecordoba.org\/index.php?rest_route=\/wp\/v2\/posts\/48213\/revisions\/48222"}],"wp:featuredmedia":[{"embeddable":true,"href":"https:\/\/atecordoba.org\/index.php?rest_route=\/wp\/v2\/media\/48214"}],"wp:attachment":[{"href":"https:\/\/atecordoba.org\/index.php?rest_route=%2Fwp%2Fv2%2Fmedia&parent=48213"}],"wp:term":[{"taxonomy":"category","embeddable":true,"href":"https:\/\/atecordoba.org\/index.php?rest_route=%2Fwp%2Fv2%2Fcategories&post=48213"},{"taxonomy":"post_tag","embeddable":true,"href":"https:\/\/atecordoba.org\/index.php?rest_route=%2Fwp%2Fv2%2Ftags&post=48213"}],"curies":[{"name":"wp","href":"https:\/\/api.w.org\/{rel}","templated":true}]}}