{"id":48206,"date":"2025-03-31T13:58:25","date_gmt":"2025-03-31T16:58:25","guid":{"rendered":"https:\/\/atecordoba.org\/?p=48206"},"modified":"2025-03-31T14:05:20","modified_gmt":"2025-03-31T17:05:20","slug":"recorrida-en-saldan-para-fortalecer-la-organizacion-sindical","status":"publish","type":"post","link":"https:\/\/atecordoba.org\/?p=48206","title":{"rendered":"Recorrida en Sald\u00e1n para fortalecer la organizaci\u00f3n sindical"},"content":{"rendered":"<p><img loading=\"lazy\" decoding=\"async\" class=\"aligncenter wp-image-48208 \" src=\"https:\/\/atecordoba.org\/wp-content\/uploads\/2025\/03\/WhatsApp-Image-2025-03-31-at-12.29.56-1.jpeg\" alt=\"\" width=\"629\" height=\"499\" srcset=\"https:\/\/atecordoba.org\/wp-content\/uploads\/2025\/03\/WhatsApp-Image-2025-03-31-at-12.29.56-1.jpeg 963w, https:\/\/atecordoba.org\/wp-content\/uploads\/2025\/03\/WhatsApp-Image-2025-03-31-at-12.29.56-1-300x238.jpeg 300w, https:\/\/atecordoba.org\/wp-content\/uploads\/2025\/03\/WhatsApp-Image-2025-03-31-at-12.29.56-1-768x609.jpeg 768w, https:\/\/atecordoba.org\/wp-content\/uploads\/2025\/03\/WhatsApp-Image-2025-03-31-at-12.29.56-1-750x595.jpeg 750w\" sizes=\"auto, (max-width: 629px) 100vw, 629px\" \/>Con el objetivo de seguir fortaleciendo la organizaci\u00f3n sindical en el corredor de las Sierras Chicas, el Consejo Directivo Provincial (CDP) realiz\u00f3 hoy un recorrido por los sectores municipales de la localidad de Sald\u00e1n.<\/p>\n<p>Durante la ma\u00f1ana se mantuvieron reuniones con compa\u00f1eras y compa\u00f1eros en Desarrollo Social, el Punto de la Mujer, Seguridad Ciudadana, Salud y la Cooperativa de Agua, donde nuestra masa de afiliados\/as repudian un acuerdo salarial a la baja llevado a cabo entre el municipio y el gremio local, que desata un inminente conflicto por mejoras reales en los haberes.<\/p>\n<p>&#8220;Desde ATE estamos convencidos que las \u00fanica salida es colectiva y por medio de la organizaci\u00f3n sindical. Las y los trabajadores se siguen sumando y afili\u00e1ndose en ATE para exigir que en las pr\u00f3ximas paritarias est\u00e9n representados&#8221;, resalt\u00f3 la comitiva.<img loading=\"lazy\" decoding=\"async\" class=\"aligncenter wp-image-48209 size-full\" src=\"https:\/\/atecordoba.org\/wp-content\/uploads\/2025\/03\/WhatsApp-Image-2025-03-31-at-12.33.26.jpeg\" alt=\"\" width=\"576\" height=\"542\" srcset=\"https:\/\/atecordoba.org\/wp-content\/uploads\/2025\/03\/WhatsApp-Image-2025-03-31-at-12.33.26.jpeg 576w, https:\/\/atecordoba.org\/wp-content\/uploads\/2025\/03\/WhatsApp-Image-2025-03-31-at-12.33.26-300x282.jpeg 300w\" sizes=\"auto, (max-width: 576px) 100vw, 576px\" \/><\/p>\n<p>En la oportunidad se avanz\u00f3 en la planificaci\u00f3n de las pr\u00f3ximas elecciones de delegados, para fortalecer la capacidad de exigir tanto mejores salarios como dignas condiciones de trabajo.<\/p>\n<p>&#8220;ATE es el sindicato de los municipales, el sindicato que banca y lucha por la dignidad de las y los trabajadores&#8221; completaron las y los dirigentes presentes en las Municipalidad de Sald\u00e1n.<\/p>\n<p>Estuvieron presentes en la actividad el secretario de Acci\u00f3n Social del Consejo Directivo Provincial, Agust\u00edn Bertone, y la integrante de Comisi\u00f3n Directiva, Irina Silberman.<\/p>\n<p>&nbsp;<\/p>\n","protected":false},"excerpt":{"rendered":"<p>Con el objetivo de seguir fortaleciendo la organizaci\u00f3n sindical en el corredor de las Sierras Chicas, el Consejo Directivo Provincial (CDP) realiz\u00f3 hoy un recorrido por los sectores municipales de la localidad de Sald\u00e1n. Durante la ma\u00f1ana se mantuvieron reuniones con compa\u00f1eras y compa\u00f1eros en Desarrollo Social, el Punto de la Mujer, Seguridad Ciudadana, Salud [&hellip;]<\/p>\n","protected":false},"author":7,"featured_media":48207,"comment_status":"open","ping_status":"open","sticky":false,"template":"","format":"standard","meta":{"_exactmetrics_skip_tracking":false,"_exactmetrics_sitenote_active":false,"_exactmetrics_sitenote_note":"","_exactmetrics_sitenote_category":0,"jnews-multi-image_gallery":[],"jnews_single_post":{"format":"standard","override":[{"template":"1","parallax":"1","fullscreen":"1","layout":"no-sidebar-narrow","sidebar":"default-sidebar","second_sidebar":"default-sidebar","sticky_sidebar":"1","share_position":"bottom","share_float_style":"share-monocrhome","show_share_counter":"1","show_view_counter":"1","show_post_meta":"1","show_post_author_image":"1","show_post_date":"1","post_date_format":"default","post_date_format_custom":"Y\/m\/d","show_post_category":"1","show_post_reading_time":"0","post_reading_time_wpm":"300","post_calculate_word_method":"str_word_count","show_zoom_button":"0","zoom_button_out_step":"2","zoom_button_in_step":"3","show_post_tag":"1","number_popup_post":"1","show_post_related":"1","show_inline_post_related":"0"}],"image_override":[{"single_post_thumbnail_size":"crop-500","single_post_gallery_size":"crop-500"}],"trending_post_position":"meta","trending_post_label":"Trending","sponsored_post_label":"Sponsored by","disable_ad":"0"},"jnews_primary_category":[],"jnews_social_meta":[],"jnews_review":[],"enable_review":"","type":"percentage","name":"","summary":"","brand":"","sku":"","good":[],"bad":[],"score_override":"","override_value":"","rating":[],"price":[],"jnews_override_counter":{"view_counter_number":"0","share_counter_number":"0","like_counter_number":"0","dislike_counter_number":"0"},"jnews_post_split":{"post_split":[{"template":"1","tag":"h2","numbering":"asc","mode":"normal","first":"0","enable_toc":"0","toc_type":"normal"}]},"footnotes":""},"categories":[18],"tags":[574],"class_list":["post-48206","post","type-post","status-publish","format-standard","has-post-thumbnail","hentry","category-nacionales","tag-municipalidad-de-saldan"],"jetpack_featured_media_url":"https:\/\/atecordoba.org\/wp-content\/uploads\/2025\/03\/WhatsApp-Image-2025-03-31-at-12.29.56-e1743440047909.jpeg","_links":{"self":[{"href":"https:\/\/atecordoba.org\/index.php?rest_route=\/wp\/v2\/posts\/48206","targetHints":{"allow":["GET"]}}],"collection":[{"href":"https:\/\/atecordoba.org\/index.php?rest_route=\/wp\/v2\/posts"}],"about":[{"href":"https:\/\/atecordoba.org\/index.php?rest_route=\/wp\/v2\/types\/post"}],"author":[{"embeddable":true,"href":"https:\/\/atecordoba.org\/index.php?rest_route=\/wp\/v2\/users\/7"}],"replies":[{"embeddable":true,"href":"https:\/\/atecordoba.org\/index.php?rest_route=%2Fwp%2Fv2%2Fcomments&post=48206"}],"version-history":[{"count":2,"href":"https:\/\/atecordoba.org\/index.php?rest_route=\/wp\/v2\/posts\/48206\/revisions"}],"predecessor-version":[{"id":48211,"href":"https:\/\/atecordoba.org\/index.php?rest_route=\/wp\/v2\/posts\/48206\/revisions\/48211"}],"wp:featuredmedia":[{"embeddable":true,"href":"https:\/\/atecordoba.org\/index.php?rest_route=\/wp\/v2\/media\/48207"}],"wp:attachment":[{"href":"https:\/\/atecordoba.org\/index.php?rest_route=%2Fwp%2Fv2%2Fmedia&parent=48206"}],"wp:term":[{"taxonomy":"category","embeddable":true,"href":"https:\/\/atecordoba.org\/index.php?rest_route=%2Fwp%2Fv2%2Fcategories&post=48206"},{"taxonomy":"post_tag","embeddable":true,"href":"https:\/\/atecordoba.org\/index.php?rest_route=%2Fwp%2Fv2%2Ftags&post=48206"}],"curies":[{"name":"wp","href":"https:\/\/api.w.org\/{rel}","templated":true}]}}