{"id":48198,"date":"2025-03-31T10:15:44","date_gmt":"2025-03-31T13:15:44","guid":{"rendered":"https:\/\/atecordoba.org\/?p=48198"},"modified":"2025-03-31T12:54:20","modified_gmt":"2025-03-31T15:54:20","slug":"ate-repudia-los-despidos-en-la-salud-provincial","status":"publish","type":"post","link":"https:\/\/atecordoba.org\/?p=48198","title":{"rendered":"ATE repudia los despidos en la salud provincial"},"content":{"rendered":"<p><img loading=\"lazy\" decoding=\"async\" class=\"aligncenter wp-image-48199 \" src=\"https:\/\/atecordoba.org\/wp-content\/uploads\/2025\/03\/12_08_Movilizacion_Paro_Salud_16.jpg\" alt=\"\" width=\"634\" height=\"357\" srcset=\"https:\/\/atecordoba.org\/wp-content\/uploads\/2025\/03\/12_08_Movilizacion_Paro_Salud_16.jpg 960w, https:\/\/atecordoba.org\/wp-content\/uploads\/2025\/03\/12_08_Movilizacion_Paro_Salud_16-300x169.jpg 300w, https:\/\/atecordoba.org\/wp-content\/uploads\/2025\/03\/12_08_Movilizacion_Paro_Salud_16-768x432.jpg 768w, https:\/\/atecordoba.org\/wp-content\/uploads\/2025\/03\/12_08_Movilizacion_Paro_Salud_16-750x422.jpg 750w\" sizes=\"auto, (max-width: 634px) 100vw, 634px\" \/><\/p>\n<p>Frente a la multitud de despidos conocidos este fin de semana en los hospitales de C\u00f3rdoba, comunicados a trav\u00e9s del sistema Ciudadano Digital (CIDI), ATE C\u00f3rdoba repudia la medida que golpea al conjunto de las y los trabajadores estatales provinciales, genera una severa crisis para los centros de salud que ya estaban atendiendo con los planteles de personal al l\u00edmite de su capacidad y da cuenta de otro cap\u00edtulo del ajuste cordobesista en la misma l\u00ednea de lo impuesto por el gobierno de Milei en la estructura estatal del pa\u00eds.<\/p>\n<p>Se trata de personal precarizado que debi\u00f3 ser integrado a la planta permanente del Estado cordob\u00e9s y que fue afectado en sus derechos laborales por una pol\u00edtica del gobierno de Llaryora que incumple la normativa vigente.<\/p>\n<p>De esta forma, los despidos dejan en evidencia el alineamiento del cordobesismo con la misma l\u00ednea de ataque al Estado que aplica Milei a nivel nacional. Cabe mencionar que el propio Gobernador se jact\u00f3 en la Legislatura de haber aplicado un ajuste mayor en la Provincia que la implementada por la gesti\u00f3n libertaria, que ha reducido notablemente el env\u00edo de fondos nacionales a C\u00f3rdoba. Seg\u00fan el \u00faltimo dato conocido de febrero pasado, el gobierno nacional envi\u00f3 a nuestra provincia 49 pesos por habitante en los fondos de transferencias no autom\u00e1tica.<\/p>\n<p>Estos despidos se realizan en medio del fuerte ajuste al ingreso de las familias trabajadoras, cuyos salarios se encuentran muy por debajo del nivel de 2015, hace una d\u00e9cada. Adem\u00e1s, el INDEC inform\u00f3 que en el \u00faltimo trimestre del 2024 la desocupaci\u00f3n lleg\u00f3 al 8% en C\u00f3rdoba, con un aumento del 2,5% en un a\u00f1o de gesti\u00f3n libertaria, incrementando un 30% en la cantidad de cordobeses y cordobesas que perdieron su empleo durante el 2024, en el primer a\u00f1o de gobierno de Milei.<\/p>\n<p>Las y los despedidos formaban parte de los equipos de salud sumados a los hospitales durante la pandemia, jug\u00e1ndose su vida para enfrentar la epidemia para atender a la poblaci\u00f3n. Ahora el gobierno de Llaryora desecha a este personal y pone en riesgo la atenci\u00f3n sanitaria provincial, en un momento donde la poblaci\u00f3n se vuelca a la atenci\u00f3n en el sistema p\u00fablico debido al aumento salvaje de las prepagas y el sistema de salud privado.<\/p>\n<p>Todo esto mientras se conocen los desmanejos en la Legislatura donde la clase pol\u00edtica da conchavo a decenas de dirigentes, disponiendo del dinero p\u00fablico para beneficio de las estructuras pol\u00edticas. Es decir que mientras el gobierno despide trabajadores de la salud la plata de los cordobeses se va por el desag\u00fce de la corrupci\u00f3n.<\/p>\n<p>ATE se solidariza con cada familia afectada y alerta que este cuadro aumentar\u00e1 la conflictividad en C\u00f3rdoba.<\/p>\n","protected":false},"excerpt":{"rendered":"<p>Frente a la multitud de despidos conocidos este fin de semana en los hospitales de C\u00f3rdoba, comunicados a trav\u00e9s del sistema Ciudadano Digital (CIDI), ATE C\u00f3rdoba repudia la medida que golpea al conjunto de las y los trabajadores estatales provinciales, genera una severa crisis para los centros de salud que ya estaban atendiendo con los [&hellip;]<\/p>\n","protected":false},"author":7,"featured_media":48199,"comment_status":"open","ping_status":"open","sticky":false,"template":"","format":"standard","meta":{"_exactmetrics_skip_tracking":false,"_exactmetrics_sitenote_active":false,"_exactmetrics_sitenote_note":"","_exactmetrics_sitenote_category":0,"jnews-multi-image_gallery":[],"jnews_single_post":{"format":"standard","override":[{"template":"1","parallax":"1","fullscreen":"1","layout":"no-sidebar-narrow","sidebar":"default-sidebar","second_sidebar":"default-sidebar","sticky_sidebar":"1","share_position":"bottom","share_float_style":"share-monocrhome","show_share_counter":"1","show_view_counter":"1","show_post_meta":"1","show_post_author_image":"1","show_post_date":"1","post_date_format":"default","post_date_format_custom":"Y\/m\/d","show_post_category":"1","show_post_reading_time":"0","post_reading_time_wpm":"300","post_calculate_word_method":"str_word_count","show_zoom_button":"0","zoom_button_out_step":"2","zoom_button_in_step":"3","show_post_tag":"1","number_popup_post":"1","show_post_related":"1","show_inline_post_related":"0"}],"image_override":[{"single_post_thumbnail_size":"crop-500","single_post_gallery_size":"crop-500"}],"trending_post_position":"meta","trending_post_label":"Trending","sponsored_post_label":"Sponsored by","disable_ad":"0"},"jnews_primary_category":[],"jnews_social_meta":[],"jnews_review":[],"enable_review":"","type":"percentage","name":"","summary":"","brand":"","sku":"","good":[],"bad":[],"score_override":"","override_value":"","rating":[],"price":[],"jnews_override_counter":{"view_counter_number":"0","share_counter_number":"0","like_counter_number":"0","dislike_counter_number":"0"},"jnews_post_split":{"post_split":[{"template":"1","tag":"h2","numbering":"asc","mode":"normal","first":"0","enable_toc":"0","toc_type":"normal"}]},"footnotes":""},"categories":[8],"tags":[417,1160,1500,1499,1501,164],"class_list":["post-48198","post","type-post","status-publish","format-standard","has-post-thumbnail","hentry","category-provinciales","tag-ajuste","tag-cordoba-2","tag-cordoba-ajuste","tag-cordoba-despidos","tag-cordoba-llaryora","tag-despidos"],"jetpack_featured_media_url":"https:\/\/atecordoba.org\/wp-content\/uploads\/2025\/03\/12_08_Movilizacion_Paro_Salud_16.jpg","_links":{"self":[{"href":"https:\/\/atecordoba.org\/index.php?rest_route=\/wp\/v2\/posts\/48198","targetHints":{"allow":["GET"]}}],"collection":[{"href":"https:\/\/atecordoba.org\/index.php?rest_route=\/wp\/v2\/posts"}],"about":[{"href":"https:\/\/atecordoba.org\/index.php?rest_route=\/wp\/v2\/types\/post"}],"author":[{"embeddable":true,"href":"https:\/\/atecordoba.org\/index.php?rest_route=\/wp\/v2\/users\/7"}],"replies":[{"embeddable":true,"href":"https:\/\/atecordoba.org\/index.php?rest_route=%2Fwp%2Fv2%2Fcomments&post=48198"}],"version-history":[{"count":4,"href":"https:\/\/atecordoba.org\/index.php?rest_route=\/wp\/v2\/posts\/48198\/revisions"}],"predecessor-version":[{"id":48203,"href":"https:\/\/atecordoba.org\/index.php?rest_route=\/wp\/v2\/posts\/48198\/revisions\/48203"}],"wp:featuredmedia":[{"embeddable":true,"href":"https:\/\/atecordoba.org\/index.php?rest_route=\/wp\/v2\/media\/48199"}],"wp:attachment":[{"href":"https:\/\/atecordoba.org\/index.php?rest_route=%2Fwp%2Fv2%2Fmedia&parent=48198"}],"wp:term":[{"taxonomy":"category","embeddable":true,"href":"https:\/\/atecordoba.org\/index.php?rest_route=%2Fwp%2Fv2%2Fcategories&post=48198"},{"taxonomy":"post_tag","embeddable":true,"href":"https:\/\/atecordoba.org\/index.php?rest_route=%2Fwp%2Fv2%2Ftags&post=48198"}],"curies":[{"name":"wp","href":"https:\/\/api.w.org\/{rel}","templated":true}]}}