{"id":48184,"date":"2025-03-27T14:55:50","date_gmt":"2025-03-27T17:55:50","guid":{"rendered":"https:\/\/atecordoba.org\/?p=48184"},"modified":"2025-03-27T15:02:04","modified_gmt":"2025-03-27T18:02:04","slug":"por-el-paro-nacional-ate-marcho-a-la-secretaria-de-trabajo-si-la-politica-no-reacciona-esta-la-calle","status":"publish","type":"post","link":"https:\/\/atecordoba.org\/?p=48184","title":{"rendered":"Por el paro nacional ATE march\u00f3 a la Secretar\u00eda de Trabajo: &#8220;Si la pol\u00edtica no reacciona, est\u00e1 la calle&#8221;"},"content":{"rendered":"<p><img loading=\"lazy\" decoding=\"async\" class=\"aligncenter wp-image-48185 \" src=\"https:\/\/atecordoba.org\/wp-content\/uploads\/2025\/03\/486165974_1060764212740159_453767871817210374_n.jpg\" alt=\"\" width=\"632\" height=\"331\" srcset=\"https:\/\/atecordoba.org\/wp-content\/uploads\/2025\/03\/486165974_1060764212740159_453767871817210374_n.jpg 960w, https:\/\/atecordoba.org\/wp-content\/uploads\/2025\/03\/486165974_1060764212740159_453767871817210374_n-300x157.jpg 300w, https:\/\/atecordoba.org\/wp-content\/uploads\/2025\/03\/486165974_1060764212740159_453767871817210374_n-768x402.jpg 768w, https:\/\/atecordoba.org\/wp-content\/uploads\/2025\/03\/486165974_1060764212740159_453767871817210374_n-750x393.jpg 750w\" sizes=\"auto, (max-width: 632px) 100vw, 632px\" \/>Hoy se cumpli\u00f3 una nueva Jornada de Lucha de las y los estatales en C\u00f3rdoba, en el marco del paro nacional activo que dispuso la conducci\u00f3n nacional de ATE, en reclamo de la renovaci\u00f3n de los contratos que se vencen el\u00a0 pr\u00f3ximo 31 de marzo, por paritarias libres y la reincorporaci\u00f3n de las y los despedidos durante el gobierno de Javier Milei.<\/p>\n<p>Una gruesa columna de manifestantes de ATE y la CTA Aut\u00f3noma se moviliz\u00f3 por el centro de la ciudad, partiendo desde la Plaza San Mart\u00edn hasta la Secretar\u00eda de Trabajo de la naci\u00f3n, en 27 de abril 351. <img loading=\"lazy\" decoding=\"async\" class=\"aligncenter wp-image-48186 \" src=\"https:\/\/atecordoba.org\/wp-content\/uploads\/2025\/03\/487310531_1060764292740151_5711275325184573438_n.jpg\" alt=\"\" width=\"629\" height=\"472\" srcset=\"https:\/\/atecordoba.org\/wp-content\/uploads\/2025\/03\/487310531_1060764292740151_5711275325184573438_n.jpg 960w, https:\/\/atecordoba.org\/wp-content\/uploads\/2025\/03\/487310531_1060764292740151_5711275325184573438_n-300x225.jpg 300w, https:\/\/atecordoba.org\/wp-content\/uploads\/2025\/03\/487310531_1060764292740151_5711275325184573438_n-768x577.jpg 768w, https:\/\/atecordoba.org\/wp-content\/uploads\/2025\/03\/487310531_1060764292740151_5711275325184573438_n-750x563.jpg 750w\" sizes=\"auto, (max-width: 629px) 100vw, 629px\" \/><\/p>\n<p>No hubo aplicaci\u00f3n del Protocolo Inconstitucional de Patricia Bullrich, tampoco se hicieron presentes los fiscales provinciales que vienen imponiendo una furiosa persecuci\u00f3n judicial a nuestro Secretario General Federico Giuliani. La presencia policial fue escasa y decorativa, mientras compa\u00f1eras y compa\u00f1eros expresaban pac\u00edficamente pero con vehemencia la bronca por los despidos y la provocaciones oficiales permanentes. La \u00faltima fue un decreto que otorga un plus salarial al funcionario que despida m\u00e1s trabajadores, medida que da cuenta de la infamia que constituye diariamente la pol\u00edtica oficial.<\/p>\n<p>Toda la conducci\u00f3n provincial, encabezada por Giuliani, estuvo presente junto a los secretarios generales de las seccionales Adelia Mar\u00eda y Cruz del Eje, Diego Villegas y Beto Pozzi respectivamente, as\u00ed como la secretaria Adjunta de la CTAA C\u00f3rdoba, Silvia Alcoba.<\/p>\n<p>Tambi\u00e9n se destac\u00f3 la presencia de la totalidad de los sectores nacionales con asiento en la provincia, junto a sectores provinciales y municipales.<\/p>\n<p><img loading=\"lazy\" decoding=\"async\" class=\"aligncenter wp-image-48187 \" src=\"https:\/\/atecordoba.org\/wp-content\/uploads\/2025\/03\/487446379_1060777229405524_1832153512848239913_n.jpg\" alt=\"\" width=\"618\" height=\"464\" srcset=\"https:\/\/atecordoba.org\/wp-content\/uploads\/2025\/03\/487446379_1060777229405524_1832153512848239913_n.jpg 960w, https:\/\/atecordoba.org\/wp-content\/uploads\/2025\/03\/487446379_1060777229405524_1832153512848239913_n-300x225.jpg 300w, https:\/\/atecordoba.org\/wp-content\/uploads\/2025\/03\/487446379_1060777229405524_1832153512848239913_n-768x577.jpg 768w, https:\/\/atecordoba.org\/wp-content\/uploads\/2025\/03\/487446379_1060777229405524_1832153512848239913_n-750x563.jpg 750w\" sizes=\"auto, (max-width: 618px) 100vw, 618px\" \/><\/p>\n<p>&#8220;Hoy no hay protocolo de Bullrich en C\u00f3rdoba. Pudimos marchar y manifestarnos con tranquilidad, lo mismo que se march\u00f3 el 24 de marzo. Hay violencia en la calle cuando interviene el Estado represor, la violencia viene de arriba hacia abajo. Sin embargo, sabemos perfectamente que la pol\u00edtica del gobierno cierra con represi\u00f3n as\u00ed que seguiremos atentos&#8221;, destac\u00f3 el delegado de ATE de Agricultura Familiar e integrante del Consejo Directivo Provincial, Carlos Rang.<\/p>\n<p>El dirigente afirm\u00f3 que &#8220;nuestro sector est\u00e1 desmantelado, con 900 despidos, delegados despedidos y sin pol\u00edticas p\u00fablicas para los peque\u00f1os productores rurales, la agricultura familiar y sin un proyecto de soberan\u00eda alimentaria&#8221;.<\/p>\n<p>En esa l\u00ednea, la delegada de ATE en la Secretaria de Trabajo , Malena Berger, denunci\u00f3 que los funcionarios nacionales &#8220;se est\u00e1n quedando con la plata de nuestros sueldos, as\u00ed consiguen el plus para el funcionario que despida m\u00e1s trabajadores. Encima lo festejan. Por eso convocamos a mucha m\u00e1s gente para que se sume. Hoy est\u00e1 toda la Secretar\u00eda de Trabajo en la calle, a pesar que los compa\u00f1eros tienen miedo, porque sabemos que no hay que esperar al 31 de marzo para ver qu\u00e9 pasa&#8221;. <img loading=\"lazy\" decoding=\"async\" class=\"aligncenter wp-image-48188 \" src=\"https:\/\/atecordoba.org\/wp-content\/uploads\/2025\/03\/487085495_1060788386071075_8806329948689947514_n.jpg\" alt=\"\" width=\"626\" height=\"470\" srcset=\"https:\/\/atecordoba.org\/wp-content\/uploads\/2025\/03\/487085495_1060788386071075_8806329948689947514_n.jpg 960w, https:\/\/atecordoba.org\/wp-content\/uploads\/2025\/03\/487085495_1060788386071075_8806329948689947514_n-300x225.jpg 300w, https:\/\/atecordoba.org\/wp-content\/uploads\/2025\/03\/487085495_1060788386071075_8806329948689947514_n-768x577.jpg 768w, https:\/\/atecordoba.org\/wp-content\/uploads\/2025\/03\/487085495_1060788386071075_8806329948689947514_n-750x563.jpg 750w\" sizes=\"auto, (max-width: 626px) 100vw, 626px\" \/><\/p>\n<p>La delegada agreg\u00f3 que en el organismo que integra &#8220;estamos desfinanciados completamente, para luego justificar el cierre de las dependencias, programas y despu\u00e9s decir que la gente sobra. Lo est\u00e1n haciendo de manera planificada&#8221;.<\/p>\n<p>A su vez, el delegado de ATE del Personal Civil de las FFAA, Nicol\u00e1s Dreizik, explic\u00f3 que en su sectorial &#8220;el paro fue contundente, con gran adhesi\u00f3n. Salimos a la calle porque nuestros salarios est\u00e1n muy bajos, debajo de la indigencia, en una situaci\u00f3n muy dram\u00e1tica y con profesionales que est\u00e1n renunciando masivamente por los p\u00e9simos ingresos&#8221;.<\/p>\n<p><strong>Cat\u00e1strofe en los territorios<\/strong><\/p>\n<p>En otro de los testimonios de esta importante jornada de lucha, Silvia Alcoba denunci\u00f3 que &#8220;este gobierno nefasto ataca los organismos del Estado donde muchos trabajadores de la econom\u00eda popular iban a buscar soluciones, a ser asistidos. Va rompiendo ese tejido armado que constitu\u00eda el CDR y la contenci\u00f3n social&#8221;. <img loading=\"lazy\" decoding=\"async\" class=\"aligncenter wp-image-48189 \" src=\"https:\/\/atecordoba.org\/wp-content\/uploads\/2025\/03\/486102943_1060777332738847_8707567234431740467_n.jpg\" alt=\"\" width=\"615\" height=\"462\" srcset=\"https:\/\/atecordoba.org\/wp-content\/uploads\/2025\/03\/486102943_1060777332738847_8707567234431740467_n.jpg 960w, https:\/\/atecordoba.org\/wp-content\/uploads\/2025\/03\/486102943_1060777332738847_8707567234431740467_n-300x225.jpg 300w, https:\/\/atecordoba.org\/wp-content\/uploads\/2025\/03\/486102943_1060777332738847_8707567234431740467_n-768x577.jpg 768w, https:\/\/atecordoba.org\/wp-content\/uploads\/2025\/03\/486102943_1060777332738847_8707567234431740467_n-750x563.jpg 750w\" sizes=\"auto, (max-width: 615px) 100vw, 615px\" \/><\/p>\n<p>La dirigente remarc\u00f3 que los comedores y merenderos est\u00e1n en emergencia &#8220;porque cada d\u00eda va m\u00e1s gente a buscar un plato de comida. Vecinos que tuvieron un trabajo formal y hoy lo perdieron, se acercan para tener la alimentaci\u00f3n del d\u00eda. Si para no ser pobre una familia necesita dos millones de pesos, muchos de lo que conservan su trabajo tambi\u00e9n van a buscar asistencia en los territorios porque no llegan a fin de mes&#8221;.<\/p>\n<p>Y alert\u00f3 que &#8220;adem\u00e1s, nos encontramos con una grave realidad de las infancias en los barrios, que no pueden comer y encima sufren la problem\u00e1tica de las adicciones. Vemos chiquitos de 10 o 12 a\u00f1os que caen en ese mundo. Para m\u00ed es una estrategia del Estado con los narcos para romper todo el tejido social&#8221;.<\/p>\n<p><strong>Giuliani llam\u00f3 a copar la calle<\/strong><\/p>\n<p>Durante el acto que se desarroll\u00f3 frente al organismo de trabajo nacional, el secretario General de ATE C\u00f3rdoba, comenz\u00f3 asegurando que &#8220;somos orgullosamente trabajadores y trabajadoras del Estado, las y los que todos los d\u00edas sostenemos las pol\u00edticas p\u00fablicas que bancan y defienden los derechos de nuestro pueblo&#8221;.<img loading=\"lazy\" decoding=\"async\" class=\"aligncenter wp-image-48190 \" src=\"https:\/\/atecordoba.org\/wp-content\/uploads\/2025\/03\/487502623_1060777096072204_6113513660195408217_n.jpg\" alt=\"\" width=\"618\" height=\"464\" srcset=\"https:\/\/atecordoba.org\/wp-content\/uploads\/2025\/03\/487502623_1060777096072204_6113513660195408217_n.jpg 960w, https:\/\/atecordoba.org\/wp-content\/uploads\/2025\/03\/487502623_1060777096072204_6113513660195408217_n-300x225.jpg 300w, https:\/\/atecordoba.org\/wp-content\/uploads\/2025\/03\/487502623_1060777096072204_6113513660195408217_n-768x577.jpg 768w, https:\/\/atecordoba.org\/wp-content\/uploads\/2025\/03\/487502623_1060777096072204_6113513660195408217_n-750x563.jpg 750w\" sizes=\"auto, (max-width: 618px) 100vw, 618px\" \/><\/p>\n<p>Federico Giuliani sigui\u00f3 se\u00f1alando que &#8220;estamos frente a un contexto muy dif\u00edcil, lo decimos hace rato. Algunos no quisieron escuchar. Desde marzo del a\u00f1o pasado cuando tuvimos los primeros despidos que lo venimos planteando: van a venir a cerrar los organismos p\u00fablicos. Esta pelea no es sectorial, hay que construir solidaridad en la calle para tener relaci\u00f3n de fuerza que lo eche a Javier Milei y su banda de forajidos de la Rosada. Porque la solidaridad de clase es la \u00fanica que va a salvar al pueblo&#8221;.<\/p>\n<p>Y destac\u00f3 que &#8220;estamos haciendo un corte de calle total de m\u00e1s de una hora en una clara acci\u00f3n pol\u00edtica, a pesar que la polic\u00eda y los fiscales trasnochados nos digan que es un delito, porque seguimos diciendo que la protesta y la lucha es un derecho que vamos a seguir defendiendo cueste lo que cueste&#8221;.<\/p>\n<p>Adem\u00e1s remarc\u00f3 que &#8220;esta acci\u00f3n es resultado de la asamblea de afiliados y afiliadas del 14 de marzo, donde decidimos movilizar por el paro nacional. \u00bfVamos a esperar lo que decida la CGT? No, es la voluntad y la iniciativa pol\u00edtica de ATE que hoy se pone de manifiesto para que el 10 de abril el paro general no sea una medida dominguera sino un paro activo con corte de ruta, de calle y de puente, \u00a0que demuestre a este gobierno que el pueblo est\u00e1 en la calle&#8221;.<img loading=\"lazy\" decoding=\"async\" class=\"aligncenter wp-image-48191 \" src=\"https:\/\/atecordoba.org\/wp-content\/uploads\/2025\/03\/486021198_1060777129405534_2478662373547473013_n.jpg\" alt=\"\" width=\"613\" height=\"460\" srcset=\"https:\/\/atecordoba.org\/wp-content\/uploads\/2025\/03\/486021198_1060777129405534_2478662373547473013_n.jpg 960w, https:\/\/atecordoba.org\/wp-content\/uploads\/2025\/03\/486021198_1060777129405534_2478662373547473013_n-300x225.jpg 300w, https:\/\/atecordoba.org\/wp-content\/uploads\/2025\/03\/486021198_1060777129405534_2478662373547473013_n-768x577.jpg 768w, https:\/\/atecordoba.org\/wp-content\/uploads\/2025\/03\/486021198_1060777129405534_2478662373547473013_n-750x563.jpg 750w\" sizes=\"auto, (max-width: 613px) 100vw, 613px\" \/><\/p>\n<p><strong>Duro con la clase pol\u00edtica<\/strong><\/p>\n<p>Giuliani fustig\u00f3 a la clase pol\u00edtica al preguntarse &#8220;\u00bfc\u00f3mo puede ser que estos marcianos gobiernen la Argentina con los pocos legisladores que tienen?&#8221;. &#8220;Debemos advertir a la clase pol\u00edtica rentada, los del palo y los del no palo: d\u00e9jense de romper las pelotas, p\u00f3nganse a la altura de las circunstancias y s\u00famense al paro para construir una sociedad distinta. El mensaje es tambi\u00e9n para Llaryora y su grupo de bandidos que tienen el mote de diputados y senadores nacionales. Ellos son quienes con su complicidad, su silencio y su mano de yeso han convertido al Congreso en una escriban\u00eda de Milei&#8221;, denunci\u00f3.<img loading=\"lazy\" decoding=\"async\" class=\"alignright wp-image-48192 \" src=\"https:\/\/atecordoba.org\/wp-content\/uploads\/2025\/03\/486024604_1060777186072195_390723144222157432_n.jpg\" alt=\"\" width=\"521\" height=\"652\" srcset=\"https:\/\/atecordoba.org\/wp-content\/uploads\/2025\/03\/486024604_1060777186072195_390723144222157432_n.jpg 768w, https:\/\/atecordoba.org\/wp-content\/uploads\/2025\/03\/486024604_1060777186072195_390723144222157432_n-240x300.jpg 240w, https:\/\/atecordoba.org\/wp-content\/uploads\/2025\/03\/486024604_1060777186072195_390723144222157432_n-750x938.jpg 750w\" sizes=\"auto, (max-width: 521px) 100vw, 521px\" \/><\/p>\n<p>El dirigente record\u00f3 que &#8220;hoy discutimos despidos y la privatizaci\u00f3n del Estado porque est\u00e1 vigente el DNU 70\/23 que no fue derogado por la clase pol\u00edtica, que est\u00e1 comprada. Eso lo tenemos que saber cuando nos vengan a pedir el voto en octubre. No vamos a cambiar la relaci\u00f3n de fuerzas con nuestro enemigo \u2013el capital financiero, el imperialismo, los grupos econ\u00f3micos y la polic\u00eda en la calle- si la clase trabajadora no busca nuevas formas de representaci\u00f3n. Todos los mi\u00e9rcoles los jubilados y las hinchadas de f\u00fatbol nos est\u00e1n dando un ba\u00f1o de realidad de que el rumbo que hay que tomar es de abajo hacia arriba, desde la calle hacia los parlamentos&#8221;.<\/p>\n<p>&#8220;A esos que votaron el nuevo endeudamiento con el FMI hay que hacerles sentir el calor de la calle, el escrache. Hay que interpelarlos y molestarlos. No pueden firmar un cheque en blanco en nombre de la gobernabilidad para que vuelvan a fugarse 20 mil millones de d\u00f3lares como ya hizo Caputo con Macri&#8221;, asever\u00f3.<\/p>\n<p>Y finaliz\u00f3 alentando que &#8220;si la pol\u00edtica no dice nada son las organizaciones combativas las nos ponemos al frente de la lucha. Solo el pueblo salvar\u00e1 al pueblo. Vamos a seguir insistiendo para que cada compa\u00f1ero despedido recupere su puesto de trabajo. Como dec\u00eda Paulo Freire nos salvamos en comunidad&#8221;.<\/p>\n<p>&nbsp;<\/p>\n","protected":false},"excerpt":{"rendered":"<p>Hoy se cumpli\u00f3 una nueva Jornada de Lucha de las y los estatales en C\u00f3rdoba, en el marco del paro nacional activo que dispuso la conducci\u00f3n nacional de ATE, en reclamo de la renovaci\u00f3n de los contratos que se vencen el\u00a0 pr\u00f3ximo 31 de marzo, por paritarias libres y la reincorporaci\u00f3n de las y los [&hellip;]<\/p>\n","protected":false},"author":7,"featured_media":48185,"comment_status":"open","ping_status":"open","sticky":false,"template":"","format":"standard","meta":{"_exactmetrics_skip_tracking":false,"_exactmetrics_sitenote_active":false,"_exactmetrics_sitenote_note":"","_exactmetrics_sitenote_category":0,"jnews-multi-image_gallery":[],"jnews_single_post":{"format":"standard","override":[{"template":"1","parallax":"1","fullscreen":"1","layout":"no-sidebar-narrow","sidebar":"default-sidebar","second_sidebar":"default-sidebar","sticky_sidebar":"1","share_position":"bottom","share_float_style":"share-monocrhome","show_share_counter":"1","show_view_counter":"1","show_post_meta":"1","show_post_author_image":"1","show_post_date":"1","post_date_format":"default","post_date_format_custom":"Y\/m\/d","show_post_category":"1","show_post_reading_time":"0","post_reading_time_wpm":"300","post_calculate_word_method":"str_word_count","show_zoom_button":"0","zoom_button_out_step":"2","zoom_button_in_step":"3","show_post_tag":"1","number_popup_post":"1","show_post_related":"1","show_inline_post_related":"0"}],"image_override":[{"single_post_thumbnail_size":"crop-500","single_post_gallery_size":"crop-500"}],"trending_post_position":"meta","trending_post_label":"Trending","sponsored_post_label":"Sponsored by","disable_ad":"0"},"jnews_primary_category":[],"jnews_social_meta":[],"jnews_review":[],"enable_review":"","type":"percentage","name":"","summary":"","brand":"","sku":"","good":[],"bad":[],"score_override":"","override_value":"","rating":[],"price":[],"jnews_override_counter":{"view_counter_number":"0","share_counter_number":"0","like_counter_number":"0","dislike_counter_number":"0"},"jnews_post_split":{"post_split":[{"template":"1","tag":"h2","numbering":"asc","mode":"normal","first":"0","enable_toc":"0","toc_type":"normal"}]},"footnotes":""},"categories":[341],"tags":[595],"class_list":["post-48184","post","type-post","status-publish","format-standard","has-post-thumbnail","hentry","category-cdp","tag-paro-nacional"],"jetpack_featured_media_url":"https:\/\/atecordoba.org\/wp-content\/uploads\/2025\/03\/486165974_1060764212740159_453767871817210374_n.jpg","_links":{"self":[{"href":"https:\/\/atecordoba.org\/index.php?rest_route=\/wp\/v2\/posts\/48184","targetHints":{"allow":["GET"]}}],"collection":[{"href":"https:\/\/atecordoba.org\/index.php?rest_route=\/wp\/v2\/posts"}],"about":[{"href":"https:\/\/atecordoba.org\/index.php?rest_route=\/wp\/v2\/types\/post"}],"author":[{"embeddable":true,"href":"https:\/\/atecordoba.org\/index.php?rest_route=\/wp\/v2\/users\/7"}],"replies":[{"embeddable":true,"href":"https:\/\/atecordoba.org\/index.php?rest_route=%2Fwp%2Fv2%2Fcomments&post=48184"}],"version-history":[{"count":4,"href":"https:\/\/atecordoba.org\/index.php?rest_route=\/wp\/v2\/posts\/48184\/revisions"}],"predecessor-version":[{"id":48196,"href":"https:\/\/atecordoba.org\/index.php?rest_route=\/wp\/v2\/posts\/48184\/revisions\/48196"}],"wp:featuredmedia":[{"embeddable":true,"href":"https:\/\/atecordoba.org\/index.php?rest_route=\/wp\/v2\/media\/48185"}],"wp:attachment":[{"href":"https:\/\/atecordoba.org\/index.php?rest_route=%2Fwp%2Fv2%2Fmedia&parent=48184"}],"wp:term":[{"taxonomy":"category","embeddable":true,"href":"https:\/\/atecordoba.org\/index.php?rest_route=%2Fwp%2Fv2%2Fcategories&post=48184"},{"taxonomy":"post_tag","embeddable":true,"href":"https:\/\/atecordoba.org\/index.php?rest_route=%2Fwp%2Fv2%2Ftags&post=48184"}],"curies":[{"name":"wp","href":"https:\/\/api.w.org\/{rel}","templated":true}]}}