{"id":48163,"date":"2025-03-26T13:08:31","date_gmt":"2025-03-26T16:08:31","guid":{"rendered":"https:\/\/atecordoba.org\/?p=48163"},"modified":"2025-03-26T13:25:41","modified_gmt":"2025-03-26T16:25:41","slug":"rio-primero-con-la-partiria-trabada-por-el-ejecutivo-ate-prosigue-el-plan-de-lucha-y-reclama-una-nueva-propuesta-oficial","status":"publish","type":"post","link":"https:\/\/atecordoba.org\/?p=48163","title":{"rendered":"R\u00edo Primero: con la paritaria trabada por el Ejecutivo, ATE prosigue el plan de lucha y reclama una nueva propuesta oficial"},"content":{"rendered":"<p><img loading=\"lazy\" decoding=\"async\" class=\"aligncenter wp-image-48164 \" src=\"https:\/\/atecordoba.org\/wp-content\/uploads\/2025\/03\/WhatsApp-Image-2025-03-26-at-11.57.37-1024x768.jpeg\" alt=\"\" width=\"623\" height=\"468\" \/>En el marco de la discusi\u00f3n paritaria municipal en la localidad de R\u00edo Primero, ATE cumpli\u00f3 hoy con una jornada de lucha dispuesta por la asamblea de trabajadoras y trabajadores y llev\u00f3 los reclamos salariales a la puerta de la municipalidad, exigiendo al Departamento Ejecutivo una mejora en la mejora de haberes del sector.<\/p>\n<p>En horas de la ma\u00f1ana nuestro gremio se moviliz\u00f3 hasta la sede de la Municipalidad y realiz\u00f3 un corte de de calle, al tiempo que ingres\u00f3 una nueva nota dirigida a la intendenta Mari\u00e1ngeles Arneudo, exigiendo un aumento del 60% en los haberes. El Ejecutivo insiste en actualizar los ingresos conforme lo fije el \u00cdndice del Precios al Consumidor (IPC) de INDEC, lo que deja fuera la p\u00e9rdida de poder adquisitivo de los salarios de 2024.<img loading=\"lazy\" decoding=\"async\" class=\"aligncenter wp-image-48165 \" src=\"https:\/\/atecordoba.org\/wp-content\/uploads\/2025\/03\/WhatsApp-Image-2025-03-26-at-11.57.38-1024x768.jpeg\" alt=\"\" width=\"620\" height=\"465\" srcset=\"https:\/\/atecordoba.org\/wp-content\/uploads\/2025\/03\/WhatsApp-Image-2025-03-26-at-11.57.38-1024x768.jpeg 1024w, https:\/\/atecordoba.org\/wp-content\/uploads\/2025\/03\/WhatsApp-Image-2025-03-26-at-11.57.38-300x225.jpeg 300w, https:\/\/atecordoba.org\/wp-content\/uploads\/2025\/03\/WhatsApp-Image-2025-03-26-at-11.57.38-768x576.jpeg 768w, https:\/\/atecordoba.org\/wp-content\/uploads\/2025\/03\/WhatsApp-Image-2025-03-26-at-11.57.38-1536x1152.jpeg 1536w, https:\/\/atecordoba.org\/wp-content\/uploads\/2025\/03\/WhatsApp-Image-2025-03-26-at-11.57.38-2048x1536.jpeg 2048w, https:\/\/atecordoba.org\/wp-content\/uploads\/2025\/03\/WhatsApp-Image-2025-03-26-at-11.57.38-750x563.jpeg 750w, https:\/\/atecordoba.org\/wp-content\/uploads\/2025\/03\/WhatsApp-Image-2025-03-26-at-11.57.38-1140x855.jpeg 1140w\" sizes=\"auto, (max-width: 620px) 100vw, 620px\" \/><\/p>\n<p>En ese marco, llam\u00f3 la atenci\u00f3n que ayer, durante una asamblea en el Corral\u00f3n Municipal,<a href=\"https:\/\/atecordoba.org\/?p=48150\"> Arneudo se presentase custodiada de polic\u00edas<\/a> para presuntamente intervenir en el debate de las y los compa\u00f1eros presentes en el lugar, en una clara apretada al personal.<\/p>\n<p>La respuesta fue movilizarnos, dejando claro que ATE no se va a amedrentar por la intendenta.<\/p>\n<p>Adem\u00e1s, nuestra organizaci\u00f3n notific\u00f3 que ma\u00f1ana 27 de marzo cumplir\u00e1 otra jornada de lucha, en consonancia con lo <a href=\"https:\/\/atecordoba.org\/?p=48136\">dispuesto por nuestra conducci\u00f3n nacional<\/a>.<\/p>\n<p>Durante la protesta frente a la municipalidad estuvo presente una comitiva de miembros del Consejo Directivo Provincial, encabezada por el secretario Gremial Jorge Chalup.<\/p>\n<div id='gallery_1' class='gallery galleryid-48163 gallery-columns-3 gallery-size-thumbnail'><figure class='gallery-item'>\n                <div class='gallery-icon landscape'>\n                    <a href='https:\/\/atecordoba.org\/wp-content\/uploads\/2025\/03\/WhatsApp-Image-2025-03-26-at-11.57.40-scaled.jpeg'><img loading=\"lazy\" decoding=\"async\" width=\"150\" height=\"150\" src=\"\" class=\"attachment-thumbnail size-thumbnail lazyload\" alt=\"\" data-src=\"https:\/\/atecordoba.org\/wp-content\/uploads\/2025\/03\/WhatsApp-Image-2025-03-26-at-11.57.40-150x150.jpeg\" data-sizes=\"auto\" data-srcset=\"https:\/\/atecordoba.org\/wp-content\/uploads\/2025\/03\/WhatsApp-Image-2025-03-26-at-11.57.40-150x150.jpeg 150w, https:\/\/atecordoba.org\/wp-content\/uploads\/2025\/03\/WhatsApp-Image-2025-03-26-at-11.57.40-560x560.jpeg 560w, https:\/\/atecordoba.org\/wp-content\/uploads\/2025\/03\/WhatsApp-Image-2025-03-26-at-11.57.40-75x75.jpeg 75w, https:\/\/atecordoba.org\/wp-content\/uploads\/2025\/03\/WhatsApp-Image-2025-03-26-at-11.57.40-350x350.jpeg 350w\" data-expand=\"700\" \/><\/a>\n                <\/div><\/figure><figure class='gallery-item'>\n                <div class='gallery-icon landscape'>\n                    <a href='https:\/\/atecordoba.org\/wp-content\/uploads\/2025\/03\/WhatsApp-Image-2025-03-26-at-11.57.35-scaled.jpeg'><img loading=\"lazy\" decoding=\"async\" width=\"150\" height=\"150\" src=\"\" class=\"attachment-thumbnail size-thumbnail lazyload\" alt=\"\" data-src=\"https:\/\/atecordoba.org\/wp-content\/uploads\/2025\/03\/WhatsApp-Image-2025-03-26-at-11.57.35-150x150.jpeg\" data-sizes=\"auto\" data-srcset=\"https:\/\/atecordoba.org\/wp-content\/uploads\/2025\/03\/WhatsApp-Image-2025-03-26-at-11.57.35-150x150.jpeg 150w, https:\/\/atecordoba.org\/wp-content\/uploads\/2025\/03\/WhatsApp-Image-2025-03-26-at-11.57.35-560x560.jpeg 560w, https:\/\/atecordoba.org\/wp-content\/uploads\/2025\/03\/WhatsApp-Image-2025-03-26-at-11.57.35-75x75.jpeg 75w, https:\/\/atecordoba.org\/wp-content\/uploads\/2025\/03\/WhatsApp-Image-2025-03-26-at-11.57.35-350x350.jpeg 350w\" data-expand=\"700\" \/><\/a>\n                <\/div><\/figure><figure class='gallery-item'>\n                <div class='gallery-icon landscape'>\n                    <a href='https:\/\/atecordoba.org\/wp-content\/uploads\/2025\/03\/WhatsApp-Image-2025-03-26-at-11.57.36-scaled.jpeg'><img loading=\"lazy\" decoding=\"async\" width=\"150\" height=\"150\" src=\"\" class=\"attachment-thumbnail size-thumbnail lazyload\" alt=\"\" data-src=\"https:\/\/atecordoba.org\/wp-content\/uploads\/2025\/03\/WhatsApp-Image-2025-03-26-at-11.57.36-150x150.jpeg\" data-sizes=\"auto\" data-srcset=\"https:\/\/atecordoba.org\/wp-content\/uploads\/2025\/03\/WhatsApp-Image-2025-03-26-at-11.57.36-150x150.jpeg 150w, https:\/\/atecordoba.org\/wp-content\/uploads\/2025\/03\/WhatsApp-Image-2025-03-26-at-11.57.36-560x560.jpeg 560w, https:\/\/atecordoba.org\/wp-content\/uploads\/2025\/03\/WhatsApp-Image-2025-03-26-at-11.57.36-75x75.jpeg 75w, https:\/\/atecordoba.org\/wp-content\/uploads\/2025\/03\/WhatsApp-Image-2025-03-26-at-11.57.36-350x350.jpeg 350w\" data-expand=\"700\" \/><\/a>\n                <\/div><\/figure><br style=\"clear: both\" \/>\n            <\/div>\n\n","protected":false},"excerpt":{"rendered":"<p>En el marco de la discusi\u00f3n paritaria municipal en la localidad de R\u00edo Primero, ATE cumpli\u00f3 hoy con una jornada de lucha dispuesta por la asamblea de trabajadoras y trabajadores y llev\u00f3 los reclamos salariales a la puerta de la municipalidad, exigiendo al Departamento Ejecutivo una mejora en la mejora de haberes del sector. En [&hellip;]<\/p>\n","protected":false},"author":7,"featured_media":48164,"comment_status":"open","ping_status":"open","sticky":false,"template":"","format":"standard","meta":{"_exactmetrics_skip_tracking":false,"_exactmetrics_sitenote_active":false,"_exactmetrics_sitenote_note":"","_exactmetrics_sitenote_category":0,"jnews-multi-image_gallery":[],"jnews_single_post":{"format":"standard","override":[{"template":"1","parallax":"1","fullscreen":"1","layout":"no-sidebar-narrow","sidebar":"default-sidebar","second_sidebar":"default-sidebar","sticky_sidebar":"1","share_position":"bottom","share_float_style":"share-monocrhome","show_share_counter":"1","show_view_counter":"1","show_post_meta":"1","show_post_author_image":"1","show_post_date":"1","post_date_format":"default","post_date_format_custom":"Y\/m\/d","show_post_category":"1","show_post_reading_time":"0","post_reading_time_wpm":"300","post_calculate_word_method":"str_word_count","show_zoom_button":"0","zoom_button_out_step":"2","zoom_button_in_step":"3","show_post_tag":"1","number_popup_post":"1","show_post_related":"1","show_inline_post_related":"0"}],"image_override":[{"single_post_thumbnail_size":"crop-500","single_post_gallery_size":"crop-500"}],"trending_post_position":"meta","trending_post_label":"Trending","sponsored_post_label":"Sponsored by","disable_ad":"0"},"jnews_primary_category":[],"jnews_social_meta":[],"jnews_review":[],"enable_review":"","type":"percentage","name":"","summary":"","brand":"","sku":"","good":[],"bad":[],"score_override":"","override_value":"","rating":[],"price":[],"jnews_override_counter":{"view_counter_number":"0","share_counter_number":"0","like_counter_number":"0","dislike_counter_number":"0"},"jnews_post_split":{"post_split":[{"template":"1","tag":"h2","numbering":"asc","mode":"normal","first":"0","enable_toc":"0","toc_type":"normal"}]},"footnotes":""},"categories":[20],"tags":[],"class_list":["post-48163","post","type-post","status-publish","format-standard","has-post-thumbnail","hentry","category-municipales"],"jetpack_featured_media_url":"https:\/\/atecordoba.org\/wp-content\/uploads\/2025\/03\/WhatsApp-Image-2025-03-26-at-11.57.37-scaled-e1743005293809.jpeg","_links":{"self":[{"href":"https:\/\/atecordoba.org\/index.php?rest_route=\/wp\/v2\/posts\/48163","targetHints":{"allow":["GET"]}}],"collection":[{"href":"https:\/\/atecordoba.org\/index.php?rest_route=\/wp\/v2\/posts"}],"about":[{"href":"https:\/\/atecordoba.org\/index.php?rest_route=\/wp\/v2\/types\/post"}],"author":[{"embeddable":true,"href":"https:\/\/atecordoba.org\/index.php?rest_route=\/wp\/v2\/users\/7"}],"replies":[{"embeddable":true,"href":"https:\/\/atecordoba.org\/index.php?rest_route=%2Fwp%2Fv2%2Fcomments&post=48163"}],"version-history":[{"count":2,"href":"https:\/\/atecordoba.org\/index.php?rest_route=\/wp\/v2\/posts\/48163\/revisions"}],"predecessor-version":[{"id":48171,"href":"https:\/\/atecordoba.org\/index.php?rest_route=\/wp\/v2\/posts\/48163\/revisions\/48171"}],"wp:featuredmedia":[{"embeddable":true,"href":"https:\/\/atecordoba.org\/index.php?rest_route=\/wp\/v2\/media\/48164"}],"wp:attachment":[{"href":"https:\/\/atecordoba.org\/index.php?rest_route=%2Fwp%2Fv2%2Fmedia&parent=48163"}],"wp:term":[{"taxonomy":"category","embeddable":true,"href":"https:\/\/atecordoba.org\/index.php?rest_route=%2Fwp%2Fv2%2Fcategories&post=48163"},{"taxonomy":"post_tag","embeddable":true,"href":"https:\/\/atecordoba.org\/index.php?rest_route=%2Fwp%2Fv2%2Ftags&post=48163"}],"curies":[{"name":"wp","href":"https:\/\/api.w.org\/{rel}","templated":true}]}}