{"id":4816,"date":"2014-11-20T17:44:17","date_gmt":"2014-11-20T20:44:17","guid":{"rendered":"http:\/\/www.atecordoba.org\/?p=4816"},"modified":"2014-11-20T17:44:17","modified_gmt":"2014-11-20T20:44:17","slug":"la-cta-marcho-en-cordoba-por-la-reapertura-de-paritarias","status":"publish","type":"post","link":"https:\/\/atecordoba.org\/?p=4816","title":{"rendered":"La CTA marcho en C\u00f3rdoba por la reapertura de paritarias"},"content":{"rendered":"<p><em>Con importante presencia de los compa\u00f1eros de ATE, la Central marcho por el centro de la ciudad para reclamar reapertura de paritarias, en el marco del reclamo nacional por un bon0 extraordinario de 4000 pesos para trabajadores estatales y privados.\u00a0<\/em><\/p>\n<p><a href=\"http:\/\/www.atecordoba.org\/wp-content\/uploads\/2014\/11\/IMG_7107.jpg\"><img loading=\"lazy\" decoding=\"async\" class=\"aligncenter  wp-image-4817\" src=\"http:\/\/www.atecordoba.org\/wp-content\/uploads\/2014\/11\/IMG_7107.jpg\" alt=\"IMG_7107\" width=\"551\" height=\"310\" \/><\/a><\/p>\n<p>&nbsp;<\/p>\n<p>A media ma\u00f1ana los compa\u00f1eros respondieron a la convocatoria en la sede de ATE. Trabajadores nacionales y provinciales de, junto a integrantes de Ammar, Cispren, Sitos, la organizaci\u00f3n territorial Mal\u00f3n, el sindicato de vigiladores y del centro de jubilados provincial de nuestra gremio, iniciaron la<a href=\"http:\/\/www.atecordoba.org\/wp-content\/uploads\/2014\/11\/jubilados.jpg\"><img loading=\"lazy\" decoding=\"async\" class=\"alignright wp-image-4818 \" src=\"http:\/\/www.atecordoba.org\/wp-content\/uploads\/2014\/11\/jubilados-200x300.jpg\" alt=\"jubilados\" width=\"147\" height=\"221\" \/><\/a> movilizaci\u00f3n hacia la delegaci\u00f3n local del Ministerio de Trabajo de la Naci\u00f3n, en reclamo de reapertura de paritarias, dado el ajuste inflacionario que gravita sobre el conjunto de los trabajadores, el aumento de los despidos y las suspensiones y loa p\u00e9rdida de poder adquisitivo de los jubilados, que en su gran mayor\u00eda cobran habares por debajo del salario m\u00ednimo, vital y m\u00f3vil.<\/p>\n<p>La colorida\u00a0columna atraves\u00f3 el centro de la ciudad mientras el paro de la CTA se hac\u00eda sentir en la administraci\u00f3n p\u00fablica. Frente a la cartera laboral, el secretario General de la CTA C\u00f3rdoba, Guido Dreizik, explic\u00f3 la necesidad de que el gobierno nacional escuche el leg\u00edtimo reclamo de los trabajadores. El dirigente\u00a0se\u00f1al\u00f3 que la CTA ven\u00eda advirtiendo que el 2014 es un a\u00f1o de ajuste y que a esta altura del a\u00f1o es indudable que el gobierno tom\u00f3 el camino de la retracci\u00f3n de los salarios.<\/p>\n<p>A su turno, el secretario General de la CTA Capital e integrante de la conducci\u00f3n de ATE, alert\u00f3 sobre la urgente necesidad de lograr la unidad de los distintos sectores para enfrentar el ajuste. Pav\u00e1n aclar\u00f3 que el pedido de reapertura de paritarias es com\u00fan al gobierno nacional y provincial, que tienen en com\u00fan hacer o\u00eddos sordos a los reclamos por m\u00e1s que los separe la interna de su propio partido. &#8220;Seguiremos insistiendo, organizando desde abajo para que los de arriba entiendan que los trabajadores no <a href=\"http:\/\/www.atecordoba.org\/wp-content\/uploads\/2014\/11\/IMG_7124.jpg\"><img loading=\"lazy\" decoding=\"async\" class=\"alignleft wp-image-4819\" src=\"http:\/\/www.atecordoba.org\/wp-content\/uploads\/2014\/11\/IMG_7124.jpg\" alt=\"IMG_7124\" width=\"302\" height=\"170\" \/><\/a>llegamos a fin de mes&#8221;, afirm\u00f3. &#8220;La precarizaci\u00f3n laboral es otra forma de ajuste que afecta por igual a estatales y trabajadores del campo privado. Esto se da en C\u00f3rdoba de forma masiva,que adem\u00e1s tiene el \u00edndice de desocupaci\u00f3n m\u00e1s alto del pa\u00eds. Los distintos partidos que gobernaron durante los \u00faltimos 20 a\u00f1os han tenido una clara pol\u00edtica de Estado, transversal a todos los gobiernos, nacionales, provinciales y municipales&#8221;. Adem\u00e1s, Pav\u00e1n expres\u00f3 especialmente la solidaridad con los trabajadores despedidos de la firma Aguas Cordobesas, en el marco de una persecusi\u00f3n sindical.<\/p>\n<p>Posteriormente, la columna se dirigi\u00f3 a la hist\u00f3rica esquina de avenida Col\u00f3n y General Paz para cerrar la jornada, donde confluy\u00f3 con la columna de la Corriente Sindical del MST que, por su parte, hab\u00eda realizado un corte del Puente Centenario. All\u00ed se realiz\u00f3 un acto donde habl\u00f3 el secretario Adjunto de ATE, Oscar Mengarelli, que record\u00f3 las figuras de Agust\u00edn Tosco y de Atilio L\u00f3pez.\u00a0&#8220;Hoy los trabajadores del transporte p\u00fablico est\u00e1n parando en solidaridad de un compa\u00f1ero despedido y eso es una muestra cabal que a pesar de los problemas que tenemos en el movimiento obrero, la solidaridad que nos ense\u00f1aron los h\u00e9roes de los &#8217;70 sigue vigente&#8221;.<a href=\"http:\/\/www.atecordoba.org\/wp-content\/uploads\/2014\/11\/paraguas.jpg\"><img loading=\"lazy\" decoding=\"async\" class=\"aligncenter  wp-image-4820\" src=\"http:\/\/www.atecordoba.org\/wp-content\/uploads\/2014\/11\/paraguas.jpg\" alt=\"paraguas\" width=\"409\" height=\"230\" \/><\/a><\/p>\n<p>Mengarelli fustig\u00f3 al C\u00f3digo de Faltas, normativa de car\u00e1cter fascista que criminaliza a los j\u00f3venes de sector empobrecidos, y destac\u00f3 la importancia de La Marcha de Gorra, que se realizar\u00e1 esta tarde &#8220;porque es una reacci\u00f3n sana de la sociedad ante esta polic\u00eda brava de De la Sota&#8221;. Tambi\u00e9n s refiri\u00f3 al impuesto a la ganancias. &#8220;No es que cada vez cobremos m\u00e1s sino que cada vez le cobran m\u00e1s a los trabajadores, mientras ni los bancos ni las transnacionales pagan lo que correspoende&#8221;. Y cerr\u00f3 su alocusi\u00f3n afirmando que el gobierno provincial &#8220;nos quiere arreglar con un bonito que es de los m\u00e1s bajos del pa\u00eds, una verg\u00fcenza&#8221;.<\/p>\n<p><a href=\"http:\/\/www.atecordoba.org\/wp-content\/uploads\/2014\/11\/IMG_7125-e1416515638398.jpg\"><img loading=\"lazy\" decoding=\"async\" class=\"aligncenter  wp-image-4821\" src=\"http:\/\/www.atecordoba.org\/wp-content\/uploads\/2014\/11\/IMG_7125-e1416515638398.jpg\" alt=\"IMG_7125\" width=\"418\" height=\"235\" \/><\/a><\/p>\n<p>El acto tuvo entre sus oradores a la dirigente del Mst y de la CTA Luciana Echeverr\u00eda. La dirigente docente asegur\u00f3 que &#8220;paramos y nos movilizamos contra el presupuesto de ajuste que De la Sota dice haber consensuado con todos los sectores. En realidad s\u00f3lo fue acordado con el empresariado, a los trabajadores nadie nos pregunt\u00f3 nada, pero para que no queden dudas, rechazaremos el ajuste del gobierno provincial. En la C\u00f3rdoba real, no la que pinta De la Sota en su campa\u00f1a presidencial, hay 1.150.000 cordobeses bajo la l\u00ednea de la pobreza, casi un tercio de la provincia. Exigimos que se reabran las paritarias y se aplique la cl\u00e1usula de actualizaci\u00f3n por inflaci\u00f3n que se acord\u00f3 con el gobierno en mayo, un bono de fin de a\u00f1o universal y el 82% m\u00f3vil para nuestros jubilados provincias son superiores al de C\u00f3rdoba&#8221;.<\/p>\n<p>La jornada de Protesta se expres\u00f3 en la seccional Villa Mar\u00eda. Encabezados por el secretario General de la CTA local, Jos\u00e9 Gorozo, los trabajadores se movilizaron por el centro de la ciudad reclamando por el fin de la precarizaci\u00f3n laboral. En un acto realizado en la plaza central de la ciudad hablaron Gorozo y el secretario General de la seccional Villa Mar\u00eda de ATE, Walter Secondino.<\/p>\n<p><a href=\"http:\/\/www.atecordoba.org\/wp-content\/uploads\/2014\/11\/marcha-2-e1416515689472.jpg\"><img loading=\"lazy\" decoding=\"async\" class=\"aligncenter  wp-image-4822\" src=\"http:\/\/www.atecordoba.org\/wp-content\/uploads\/2014\/11\/marcha-2-e1416515689472.jpg\" alt=\"marcha 2\" width=\"436\" height=\"292\" \/><\/a><\/p>\n<p><a href=\"http:\/\/www.atecordoba.org\/wp-content\/uploads\/2014\/11\/bandera-neuro.png\"><img loading=\"lazy\" decoding=\"async\" class=\"aligncenter  wp-image-4823\" src=\"http:\/\/www.atecordoba.org\/wp-content\/uploads\/2014\/11\/bandera-neuro.png\" alt=\"bandera neuro\" width=\"437\" height=\"327\" \/><\/a><\/p>\n<p><a href=\"http:\/\/www.atecordoba.org\/wp-content\/uploads\/2014\/11\/villa-maria.jpg\"><img loading=\"lazy\" decoding=\"async\" class=\"aligncenter  wp-image-4826\" src=\"http:\/\/www.atecordoba.org\/wp-content\/uploads\/2014\/11\/villa-maria.jpg\" alt=\"villa maria\" width=\"443\" height=\"333\" \/><\/a><\/p>\n<p>&nbsp;<\/p>\n<p><a href=\"http:\/\/www.atecordoba.org\/wp-content\/uploads\/2014\/11\/pocho-gorozo-e1416516125244.jpg\"><img loading=\"lazy\" decoding=\"async\" class=\"aligncenter  wp-image-4825\" src=\"http:\/\/www.atecordoba.org\/wp-content\/uploads\/2014\/11\/pocho-gorozo-e1416516125244.jpg\" alt=\"pocho gorozo\" width=\"444\" height=\"249\" \/><\/a><\/p>\n<p>&nbsp;<\/p>\n<p><a href=\"http:\/\/www.atecordoba.org\/wp-content\/uploads\/2014\/11\/villa-maria-2.jpg\"><img loading=\"lazy\" decoding=\"async\" class=\"aligncenter wp-image-4824 \" src=\"http:\/\/www.atecordoba.org\/wp-content\/uploads\/2014\/11\/villa-maria-2-300x225.jpg\" alt=\"villa maria 2\" width=\"445\" height=\"333\" \/><\/a><\/p>\n<p>&nbsp;<\/p>\n<p>&nbsp;<\/p>\n<p>&nbsp;<\/p>\n<p>&nbsp;<\/p>\n","protected":false},"excerpt":{"rendered":"<p>Con importante presencia de los compa\u00f1eros de ATE, la Central marcho por el centro de la ciudad para reclamar reapertura de paritarias, en el marco del reclamo nacional por un bon0 extraordinario de 4000 pesos para trabajadores estatales y privados.\u00a0 &nbsp; A media ma\u00f1ana los compa\u00f1eros respondieron a la convocatoria en la sede de ATE. [&hellip;]<\/p>\n","protected":false},"author":1,"featured_media":19220,"comment_status":"open","ping_status":"open","sticky":false,"template":"","format":"standard","meta":{"_exactmetrics_skip_tracking":false,"_exactmetrics_sitenote_active":false,"_exactmetrics_sitenote_note":"","_exactmetrics_sitenote_category":0,"jnews-multi-image_gallery":[],"jnews_single_post":[],"jnews_primary_category":[],"jnews_social_meta":[],"jnews_review":[],"enable_review":"","type":"","name":"","summary":"","brand":"","sku":"","good":[],"bad":[],"score_override":"","override_value":"","rating":[],"price":[],"jnews_override_counter":[],"jnews_post_split":[],"footnotes":""},"categories":[92],"tags":[],"class_list":["post-4816","post","type-post","status-publish","format-standard","has-post-thumbnail","hentry","category-cta"],"jetpack_featured_media_url":"https:\/\/atecordoba.org\/wp-content\/uploads\/2020\/05\/logo-nuevochico-e1561581322808.png","_links":{"self":[{"href":"https:\/\/atecordoba.org\/index.php?rest_route=\/wp\/v2\/posts\/4816","targetHints":{"allow":["GET"]}}],"collection":[{"href":"https:\/\/atecordoba.org\/index.php?rest_route=\/wp\/v2\/posts"}],"about":[{"href":"https:\/\/atecordoba.org\/index.php?rest_route=\/wp\/v2\/types\/post"}],"author":[{"embeddable":true,"href":"https:\/\/atecordoba.org\/index.php?rest_route=\/wp\/v2\/users\/1"}],"replies":[{"embeddable":true,"href":"https:\/\/atecordoba.org\/index.php?rest_route=%2Fwp%2Fv2%2Fcomments&post=4816"}],"version-history":[{"count":0,"href":"https:\/\/atecordoba.org\/index.php?rest_route=\/wp\/v2\/posts\/4816\/revisions"}],"wp:featuredmedia":[{"embeddable":true,"href":"https:\/\/atecordoba.org\/index.php?rest_route=\/wp\/v2\/media\/19220"}],"wp:attachment":[{"href":"https:\/\/atecordoba.org\/index.php?rest_route=%2Fwp%2Fv2%2Fmedia&parent=4816"}],"wp:term":[{"taxonomy":"category","embeddable":true,"href":"https:\/\/atecordoba.org\/index.php?rest_route=%2Fwp%2Fv2%2Fcategories&post=4816"},{"taxonomy":"post_tag","embeddable":true,"href":"https:\/\/atecordoba.org\/index.php?rest_route=%2Fwp%2Fv2%2Ftags&post=4816"}],"curies":[{"name":"wp","href":"https:\/\/api.w.org\/{rel}","templated":true}]}}