{"id":48150,"date":"2025-03-25T14:24:30","date_gmt":"2025-03-25T17:24:30","guid":{"rendered":"https:\/\/atecordoba.org\/?p=48150"},"modified":"2025-03-25T14:24:30","modified_gmt":"2025-03-25T17:24:30","slug":"rio-primero-extrana-presencia-policial-en-una-asamblea","status":"publish","type":"post","link":"https:\/\/atecordoba.org\/?p=48150","title":{"rendered":"R\u00edo Primero: extra\u00f1a presencia policial en una asamblea"},"content":{"rendered":"<p><img loading=\"lazy\" decoding=\"async\" class=\"aligncenter wp-image-48151 \" src=\"https:\/\/atecordoba.org\/wp-content\/uploads\/2025\/03\/WhatsApp-Image-2025-03-25-at-11.41.52-1024x768.jpeg\" alt=\"\" width=\"611\" height=\"459\" srcset=\"https:\/\/atecordoba.org\/wp-content\/uploads\/2025\/03\/WhatsApp-Image-2025-03-25-at-11.41.52-1024x768.jpeg 1024w, https:\/\/atecordoba.org\/wp-content\/uploads\/2025\/03\/WhatsApp-Image-2025-03-25-at-11.41.52-300x225.jpeg 300w, https:\/\/atecordoba.org\/wp-content\/uploads\/2025\/03\/WhatsApp-Image-2025-03-25-at-11.41.52-768x576.jpeg 768w, https:\/\/atecordoba.org\/wp-content\/uploads\/2025\/03\/WhatsApp-Image-2025-03-25-at-11.41.52-1536x1153.jpeg 1536w, https:\/\/atecordoba.org\/wp-content\/uploads\/2025\/03\/WhatsApp-Image-2025-03-25-at-11.41.52-750x563.jpeg 750w, https:\/\/atecordoba.org\/wp-content\/uploads\/2025\/03\/WhatsApp-Image-2025-03-25-at-11.41.52-1140x856.jpeg 1140w, https:\/\/atecordoba.org\/wp-content\/uploads\/2025\/03\/WhatsApp-Image-2025-03-25-at-11.41.52.jpeg 1599w\" sizes=\"auto, (max-width: 611px) 100vw, 611px\" \/>Durante una asamblea realizada esta ma\u00f1ana en el corral\u00f3n municipal de la localidad de R\u00edo Primero, donde se debat\u00eda una propuesta salarial del Departamento Ejecutivo, se sucedi\u00f3 un extra\u00f1o suceso cuando la intendenta Mari\u00e1ngeles Arneudo se present\u00f3 al lugar, acompa\u00f1ada de una custodia policial.<\/p>\n<p>Los trabajadores presentes se vieron sorprendidos por la presencia de la polic\u00eda, toda vez que se trataba de una asamblea donde el personal debat\u00eda de manera pac\u00edfica, como normalmente sucede en ese tipo de ocasiones.<\/p>\n<p>Cabe mencionar que la asamblea es una instancia gremial propia de las y los trabajadores, donde la patronal no debe tener injerencia.<\/p>\n<p>&nbsp;<\/p>\n","protected":false},"excerpt":{"rendered":"<p>Durante una asamblea realizada esta ma\u00f1ana en el corral\u00f3n municipal de la localidad de R\u00edo Primero, donde se debat\u00eda una propuesta salarial del Departamento Ejecutivo, se sucedi\u00f3 un extra\u00f1o suceso cuando la intendenta Mari\u00e1ngeles Arneudo se present\u00f3 al lugar, acompa\u00f1ada de una custodia policial. Los trabajadores presentes se vieron sorprendidos por la presencia de la [&hellip;]<\/p>\n","protected":false},"author":7,"featured_media":48151,"comment_status":"open","ping_status":"open","sticky":false,"template":"","format":"standard","meta":{"_exactmetrics_skip_tracking":false,"_exactmetrics_sitenote_active":false,"_exactmetrics_sitenote_note":"","_exactmetrics_sitenote_category":0,"jnews-multi-image_gallery":[],"jnews_single_post":{"format":"standard","override":[{"template":"1","parallax":"1","fullscreen":"1","layout":"no-sidebar-narrow","sidebar":"default-sidebar","second_sidebar":"default-sidebar","sticky_sidebar":"1","share_position":"bottom","share_float_style":"share-monocrhome","show_share_counter":"1","show_view_counter":"1","show_post_meta":"1","show_post_author_image":"1","show_post_date":"1","post_date_format":"default","post_date_format_custom":"Y\/m\/d","show_post_category":"1","show_post_reading_time":"0","post_reading_time_wpm":"300","post_calculate_word_method":"str_word_count","show_zoom_button":"0","zoom_button_out_step":"2","zoom_button_in_step":"3","show_post_tag":"1","number_popup_post":"1","show_post_related":"1","show_inline_post_related":"0"}],"image_override":[{"single_post_thumbnail_size":"crop-500","single_post_gallery_size":"crop-500"}],"trending_post_position":"meta","trending_post_label":"Trending","sponsored_post_label":"Sponsored by","disable_ad":"0"},"jnews_primary_category":[],"jnews_social_meta":[],"jnews_review":[],"enable_review":"","type":"percentage","name":"","summary":"","brand":"","sku":"","good":[],"bad":[],"score_override":"","override_value":"","rating":[],"price":[],"jnews_override_counter":{"view_counter_number":"0","share_counter_number":"0","like_counter_number":"0","dislike_counter_number":"0"},"jnews_post_split":{"post_split":[{"template":"1","tag":"h2","numbering":"asc","mode":"normal","first":"0","enable_toc":"0","toc_type":"normal"}]},"footnotes":""},"categories":[20],"tags":[],"class_list":["post-48150","post","type-post","status-publish","format-standard","has-post-thumbnail","hentry","category-municipales"],"jetpack_featured_media_url":"https:\/\/atecordoba.org\/wp-content\/uploads\/2025\/03\/WhatsApp-Image-2025-03-25-at-11.41.52.jpeg","_links":{"self":[{"href":"https:\/\/atecordoba.org\/index.php?rest_route=\/wp\/v2\/posts\/48150","targetHints":{"allow":["GET"]}}],"collection":[{"href":"https:\/\/atecordoba.org\/index.php?rest_route=\/wp\/v2\/posts"}],"about":[{"href":"https:\/\/atecordoba.org\/index.php?rest_route=\/wp\/v2\/types\/post"}],"author":[{"embeddable":true,"href":"https:\/\/atecordoba.org\/index.php?rest_route=\/wp\/v2\/users\/7"}],"replies":[{"embeddable":true,"href":"https:\/\/atecordoba.org\/index.php?rest_route=%2Fwp%2Fv2%2Fcomments&post=48150"}],"version-history":[{"count":1,"href":"https:\/\/atecordoba.org\/index.php?rest_route=\/wp\/v2\/posts\/48150\/revisions"}],"predecessor-version":[{"id":48152,"href":"https:\/\/atecordoba.org\/index.php?rest_route=\/wp\/v2\/posts\/48150\/revisions\/48152"}],"wp:featuredmedia":[{"embeddable":true,"href":"https:\/\/atecordoba.org\/index.php?rest_route=\/wp\/v2\/media\/48151"}],"wp:attachment":[{"href":"https:\/\/atecordoba.org\/index.php?rest_route=%2Fwp%2Fv2%2Fmedia&parent=48150"}],"wp:term":[{"taxonomy":"category","embeddable":true,"href":"https:\/\/atecordoba.org\/index.php?rest_route=%2Fwp%2Fv2%2Fcategories&post=48150"},{"taxonomy":"post_tag","embeddable":true,"href":"https:\/\/atecordoba.org\/index.php?rest_route=%2Fwp%2Fv2%2Ftags&post=48150"}],"curies":[{"name":"wp","href":"https:\/\/api.w.org\/{rel}","templated":true}]}}