{"id":48142,"date":"2025-03-25T12:53:00","date_gmt":"2025-03-25T15:53:00","guid":{"rendered":"https:\/\/atecordoba.org\/?p=48142"},"modified":"2025-03-25T14:42:27","modified_gmt":"2025-03-25T17:42:27","slug":"eleccion-de-dele","status":"publish","type":"post","link":"https:\/\/atecordoba.org\/?p=48142","title":{"rendered":"SENAF: Elecci\u00f3n de delegados en el Complejo Esperanza"},"content":{"rendered":"<p><img loading=\"lazy\" decoding=\"async\" class=\"aligncenter wp-image-48143 \" src=\"https:\/\/atecordoba.org\/wp-content\/uploads\/2025\/03\/Imagen-de-WhatsApp-2023-09-26-a-las-14.26.43-1024x768.jpg\" alt=\"\" width=\"615\" height=\"462\" srcset=\"https:\/\/atecordoba.org\/wp-content\/uploads\/2025\/03\/Imagen-de-WhatsApp-2023-09-26-a-las-14.26.43-1024x768.jpg 1024w, https:\/\/atecordoba.org\/wp-content\/uploads\/2025\/03\/Imagen-de-WhatsApp-2023-09-26-a-las-14.26.43-300x225.jpg 300w, https:\/\/atecordoba.org\/wp-content\/uploads\/2025\/03\/Imagen-de-WhatsApp-2023-09-26-a-las-14.26.43-768x576.jpg 768w, https:\/\/atecordoba.org\/wp-content\/uploads\/2025\/03\/Imagen-de-WhatsApp-2023-09-26-a-las-14.26.43-750x563.jpg 750w, https:\/\/atecordoba.org\/wp-content\/uploads\/2025\/03\/Imagen-de-WhatsApp-2023-09-26-a-las-14.26.43-1140x855.jpg 1140w, https:\/\/atecordoba.org\/wp-content\/uploads\/2025\/03\/Imagen-de-WhatsApp-2023-09-26-a-las-14.26.43.jpg 1280w\" sizes=\"auto, (max-width: 615px) 100vw, 615px\" \/>Desde las 9 horas se desarrolla la elecci\u00f3n de delegadas y delegados de ATE en el Complejo Esperanza, de la Secretaria de Ni\u00f1ez, Adolescencia y Familia (SENAF) de la Provincia.<\/p>\n<p>En otro hecho claro de discriminaci\u00f3n antisindical, las autoridades impidieron que ATE instale la urna dentro del sector, mientras habilita la actualizaci\u00f3n del SEP en el \u00e1rea, gremio amarillo que no cuenta con la legitimidad de las y los trabajadores del Complejo.<\/p>\n<p>&#8220;Ninguno de los funcionarios se acerc\u00f3 para decirnos el por qu\u00e9 de la medida&#8221;, explic\u00f3 el delegado de ATE, Sergio Piedras.<\/p>\n<div id='gallery_1' class='gallery galleryid-48142 gallery-columns-3 gallery-size-thumbnail'><figure class='gallery-item'>\n                <div class='gallery-icon portrait'>\n                    <a href='https:\/\/atecordoba.org\/wp-content\/uploads\/2025\/03\/WhatsApp-Image-2025-03-25-at-12.26.44.jpeg'><img loading=\"lazy\" decoding=\"async\" width=\"150\" height=\"150\" src=\"\" class=\"attachment-thumbnail size-thumbnail lazyload\" alt=\"\" data-src=\"https:\/\/atecordoba.org\/wp-content\/uploads\/2025\/03\/WhatsApp-Image-2025-03-25-at-12.26.44-150x150.jpeg\" data-sizes=\"auto\" data-srcset=\"https:\/\/atecordoba.org\/wp-content\/uploads\/2025\/03\/WhatsApp-Image-2025-03-25-at-12.26.44-150x150.jpeg 150w, https:\/\/atecordoba.org\/wp-content\/uploads\/2025\/03\/WhatsApp-Image-2025-03-25-at-12.26.44-560x560.jpeg 560w, https:\/\/atecordoba.org\/wp-content\/uploads\/2025\/03\/WhatsApp-Image-2025-03-25-at-12.26.44-75x75.jpeg 75w, https:\/\/atecordoba.org\/wp-content\/uploads\/2025\/03\/WhatsApp-Image-2025-03-25-at-12.26.44-350x350.jpeg 350w\" data-expand=\"700\" \/><\/a>\n                <\/div><\/figure><figure class='gallery-item'>\n                <div class='gallery-icon portrait'>\n                    <a href='https:\/\/atecordoba.org\/wp-content\/uploads\/2025\/03\/WhatsApp-Image-2025-03-25-at-12.26.44-2.jpeg'><img loading=\"lazy\" decoding=\"async\" width=\"150\" height=\"150\" src=\"\" class=\"attachment-thumbnail size-thumbnail lazyload\" alt=\"\" data-src=\"https:\/\/atecordoba.org\/wp-content\/uploads\/2025\/03\/WhatsApp-Image-2025-03-25-at-12.26.44-2-150x150.jpeg\" data-sizes=\"auto\" data-srcset=\"https:\/\/atecordoba.org\/wp-content\/uploads\/2025\/03\/WhatsApp-Image-2025-03-25-at-12.26.44-2-150x150.jpeg 150w, https:\/\/atecordoba.org\/wp-content\/uploads\/2025\/03\/WhatsApp-Image-2025-03-25-at-12.26.44-2-560x560.jpeg 560w, https:\/\/atecordoba.org\/wp-content\/uploads\/2025\/03\/WhatsApp-Image-2025-03-25-at-12.26.44-2-75x75.jpeg 75w, https:\/\/atecordoba.org\/wp-content\/uploads\/2025\/03\/WhatsApp-Image-2025-03-25-at-12.26.44-2-350x350.jpeg 350w\" data-expand=\"700\" \/><\/a>\n                <\/div><\/figure><figure class='gallery-item'>\n                <div class='gallery-icon portrait'>\n                    <a href='https:\/\/atecordoba.org\/wp-content\/uploads\/2025\/03\/WhatsApp-Image-2025-03-25-at-12.26.44-1.jpeg'><img loading=\"lazy\" decoding=\"async\" width=\"150\" height=\"150\" src=\"\" class=\"attachment-thumbnail size-thumbnail lazyload\" alt=\"\" data-src=\"https:\/\/atecordoba.org\/wp-content\/uploads\/2025\/03\/WhatsApp-Image-2025-03-25-at-12.26.44-1-150x150.jpeg\" data-sizes=\"auto\" data-srcset=\"https:\/\/atecordoba.org\/wp-content\/uploads\/2025\/03\/WhatsApp-Image-2025-03-25-at-12.26.44-1-150x150.jpeg 150w, https:\/\/atecordoba.org\/wp-content\/uploads\/2025\/03\/WhatsApp-Image-2025-03-25-at-12.26.44-1-560x560.jpeg 560w, https:\/\/atecordoba.org\/wp-content\/uploads\/2025\/03\/WhatsApp-Image-2025-03-25-at-12.26.44-1-75x75.jpeg 75w, https:\/\/atecordoba.org\/wp-content\/uploads\/2025\/03\/WhatsApp-Image-2025-03-25-at-12.26.44-1-350x350.jpeg 350w\" data-expand=\"700\" \/><\/a>\n                <\/div><\/figure><br style=\"clear: both\" \/>\n            <\/div>\n\n<p>En consecuencia, ATE instal\u00f3 la urna en la puerta del Complejo Esperanza, donde las y los compa\u00f1eros debieron concurrir para ejercer su derecho de contar con representantes sindicales. \u201cLos compa\u00f1eros y las compa\u00f1eras son presionados y amedrentados por los funcionarios para que no salgan a votar\u201d, dijo Piedras.<\/p>\n<p>Las y los candidatos son: Lucas Mellano, Sergio Piedras, Juan Pablo Romero y Leticia Wergez.<\/p>\n<p>La elecci\u00f3n se extender\u00e1 hasta ma\u00f1ana para que accedan a votar desde el otro turno de trabajo.<\/p>\n<p>&nbsp;<\/p>\n","protected":false},"excerpt":{"rendered":"<p>Desde las 9 horas se desarrolla la elecci\u00f3n de delegadas y delegados de ATE en el Complejo Esperanza, de la Secretaria de Ni\u00f1ez, Adolescencia y Familia (SENAF) de la Provincia. En otro hecho claro de discriminaci\u00f3n antisindical, las autoridades impidieron que ATE instale la urna dentro del sector, mientras habilita la actualizaci\u00f3n del SEP en [&hellip;]<\/p>\n","protected":false},"author":7,"featured_media":48143,"comment_status":"open","ping_status":"open","sticky":false,"template":"","format":"standard","meta":{"_exactmetrics_skip_tracking":false,"_exactmetrics_sitenote_active":false,"_exactmetrics_sitenote_note":"","_exactmetrics_sitenote_category":0,"jnews-multi-image_gallery":[],"jnews_single_post":{"format":"standard","override":[{"template":"1","parallax":"1","fullscreen":"1","layout":"no-sidebar-narrow","sidebar":"default-sidebar","second_sidebar":"default-sidebar","sticky_sidebar":"1","share_position":"bottom","share_float_style":"share-monocrhome","show_share_counter":"1","show_view_counter":"1","show_post_meta":"1","show_post_author_image":"1","show_post_date":"1","post_date_format":"default","post_date_format_custom":"Y\/m\/d","show_post_category":"1","show_post_reading_time":"0","post_reading_time_wpm":"300","post_calculate_word_method":"str_word_count","show_zoom_button":"0","zoom_button_out_step":"2","zoom_button_in_step":"3","show_post_tag":"1","number_popup_post":"1","show_post_related":"1","show_inline_post_related":"0"}],"image_override":[{"single_post_thumbnail_size":"crop-500","single_post_gallery_size":"crop-500"}],"trending_post_position":"meta","trending_post_label":"Trending","sponsored_post_label":"Sponsored by","disable_ad":"0"},"jnews_primary_category":[],"jnews_social_meta":[],"jnews_review":[],"enable_review":"","type":"percentage","name":"","summary":"","brand":"","sku":"","good":[],"bad":[],"score_override":"","override_value":"","rating":[],"price":[],"jnews_override_counter":{"view_counter_number":"0","share_counter_number":"0","like_counter_number":"0","dislike_counter_number":"0"},"jnews_post_split":{"post_split":[{"template":"1","tag":"h2","numbering":"asc","mode":"normal","first":"0","enable_toc":"0","toc_type":"normal"}]},"footnotes":""},"categories":[8],"tags":[],"class_list":["post-48142","post","type-post","status-publish","format-standard","has-post-thumbnail","hentry","category-provinciales"],"jetpack_featured_media_url":"https:\/\/atecordoba.org\/wp-content\/uploads\/2025\/03\/Imagen-de-WhatsApp-2023-09-26-a-las-14.26.43.jpg","_links":{"self":[{"href":"https:\/\/atecordoba.org\/index.php?rest_route=\/wp\/v2\/posts\/48142","targetHints":{"allow":["GET"]}}],"collection":[{"href":"https:\/\/atecordoba.org\/index.php?rest_route=\/wp\/v2\/posts"}],"about":[{"href":"https:\/\/atecordoba.org\/index.php?rest_route=\/wp\/v2\/types\/post"}],"author":[{"embeddable":true,"href":"https:\/\/atecordoba.org\/index.php?rest_route=\/wp\/v2\/users\/7"}],"replies":[{"embeddable":true,"href":"https:\/\/atecordoba.org\/index.php?rest_route=%2Fwp%2Fv2%2Fcomments&post=48142"}],"version-history":[{"count":3,"href":"https:\/\/atecordoba.org\/index.php?rest_route=\/wp\/v2\/posts\/48142\/revisions"}],"predecessor-version":[{"id":48154,"href":"https:\/\/atecordoba.org\/index.php?rest_route=\/wp\/v2\/posts\/48142\/revisions\/48154"}],"wp:featuredmedia":[{"embeddable":true,"href":"https:\/\/atecordoba.org\/index.php?rest_route=\/wp\/v2\/media\/48143"}],"wp:attachment":[{"href":"https:\/\/atecordoba.org\/index.php?rest_route=%2Fwp%2Fv2%2Fmedia&parent=48142"}],"wp:term":[{"taxonomy":"category","embeddable":true,"href":"https:\/\/atecordoba.org\/index.php?rest_route=%2Fwp%2Fv2%2Fcategories&post=48142"},{"taxonomy":"post_tag","embeddable":true,"href":"https:\/\/atecordoba.org\/index.php?rest_route=%2Fwp%2Fv2%2Ftags&post=48142"}],"curies":[{"name":"wp","href":"https:\/\/api.w.org\/{rel}","templated":true}]}}