{"id":48136,"date":"2025-03-25T12:02:31","date_gmt":"2025-03-25T15:02:31","guid":{"rendered":"https:\/\/atecordoba.org\/?p=48136"},"modified":"2025-03-25T12:02:31","modified_gmt":"2025-03-25T15:02:31","slug":"ate-marcha-el-27-de-marzo-a-la-secretaria-de-trabajo-contra-los-despidos","status":"publish","type":"post","link":"https:\/\/atecordoba.org\/?p=48136","title":{"rendered":"ATE marcha el 27 de marzo a la Secretaria de Trabajo contra los despidos"},"content":{"rendered":"<p><img loading=\"lazy\" decoding=\"async\" class=\"alignleft wp-image-48137 \" src=\"https:\/\/atecordoba.org\/wp-content\/uploads\/2025\/03\/WhatsApp-Image-2025-03-25-at-08.56.48-819x1024.jpeg\" alt=\"\" width=\"458\" height=\"573\" srcset=\"https:\/\/atecordoba.org\/wp-content\/uploads\/2025\/03\/WhatsApp-Image-2025-03-25-at-08.56.48-819x1024.jpeg 819w, https:\/\/atecordoba.org\/wp-content\/uploads\/2025\/03\/WhatsApp-Image-2025-03-25-at-08.56.48-240x300.jpeg 240w, https:\/\/atecordoba.org\/wp-content\/uploads\/2025\/03\/WhatsApp-Image-2025-03-25-at-08.56.48-768x960.jpeg 768w, https:\/\/atecordoba.org\/wp-content\/uploads\/2025\/03\/WhatsApp-Image-2025-03-25-at-08.56.48-750x938.jpeg 750w, https:\/\/atecordoba.org\/wp-content\/uploads\/2025\/03\/WhatsApp-Image-2025-03-25-at-08.56.48.jpeg 1080w\" sizes=\"auto, (max-width: 458px) 100vw, 458px\" \/>Este jueves 27 de marzo ATE C\u00f3rdoba convoca a marchar, a las 10:00 horas, a la Secretar\u00eda de Trabajo para decirle &#8220;NO a los despidos&#8221; masivos que el Presidente Javier Milei y su ministra de Capital Humano Sandra Pettovello planean ejecutar a fin de mes.<\/p>\n<p>&#8220;No vamos a permitir que cientos de familias queden en la calle por un ajuste brutal que castiga a las y los trabajadores&#8221;, reza la convocatoria. La movilizaci\u00f3n partir\u00e1 de Plaza San Mart\u00edn, a la sede de cartera laboral, cita en 27 de abril 351, para exigir &#8220;\u00a1Basta de precarizaci\u00f3n y vaciamiento del Estado!&#8221;.<\/p>\n<p>La medida se realizar\u00e1 en el marco del Paro Nacional de estatales que anunci\u00f3 ATE Argentina. \u201cLos estatales no podemos esperar hasta abril. Tenemos que evitar que a fin de mes el Gobierno ejecute un nuevo recorte en el Estado. Todos los contratos que vencen el 31 deben ser renovados de manera autom\u00e1tica. No toleraremos cesant\u00edas masivas\u201d, asegur\u00f3 Rodolfo Aguiar, Secretario General.<\/p>\n<p>Son m\u00e1s de 50 mil los v\u00ednculos laborales que vencen el 31 de marzo y ATE exige que cumplan con la renovaci\u00f3n autom\u00e1tica y anual, seg\u00fan lo establecido en la Resoluci\u00f3n 26\/24 del Ministerio de Desregulaci\u00f3n y Transformaci\u00f3n del Estado.<\/p>\n<p>\u201cAdem\u00e1s tenemos que romper con el congelamiento salarial en la Administraci\u00f3n P\u00fablica. Deben reabrirse de manera inmediata las paritarias y garantizar que el da\u00f1o que sufrieron los salarios sea reparado\u201d, agreg\u00f3 Rodolfo Aguiar. La paritaria estatal qued\u00f3 44,4% por debajo de la inflaci\u00f3n en 2024 y este a\u00f1o los aumentos en los primeros meses tambi\u00e9n quedaron relegados frente al IPC: 1,5% en enero y 1,2% en febrero, con las negociaciones habiendo pasado a un cuarto intermedio desde entonces&#8221;, dijo Aguiar.<\/p>\n<p>&nbsp;<\/p>\n","protected":false},"excerpt":{"rendered":"<p>Este jueves 27 de marzo ATE C\u00f3rdoba convoca a marchar, a las 10:00 horas, a la Secretar\u00eda de Trabajo para decirle &#8220;NO a los despidos&#8221; masivos que el Presidente Javier Milei y su ministra de Capital Humano Sandra Pettovello planean ejecutar a fin de mes. &#8220;No vamos a permitir que cientos de familias queden en [&hellip;]<\/p>\n","protected":false},"author":7,"featured_media":48138,"comment_status":"open","ping_status":"open","sticky":false,"template":"","format":"standard","meta":{"_exactmetrics_skip_tracking":false,"_exactmetrics_sitenote_active":false,"_exactmetrics_sitenote_note":"","_exactmetrics_sitenote_category":0,"jnews-multi-image_gallery":[],"jnews_single_post":{"format":"standard","override":[{"template":"1","parallax":"1","fullscreen":"1","layout":"no-sidebar-narrow","sidebar":"default-sidebar","second_sidebar":"default-sidebar","sticky_sidebar":"1","share_position":"bottom","share_float_style":"share-monocrhome","show_share_counter":"1","show_view_counter":"1","show_post_meta":"1","show_post_author_image":"1","show_post_date":"1","post_date_format":"default","post_date_format_custom":"Y\/m\/d","show_post_category":"1","show_post_reading_time":"0","post_reading_time_wpm":"300","post_calculate_word_method":"str_word_count","show_zoom_button":"0","zoom_button_out_step":"2","zoom_button_in_step":"3","show_post_tag":"1","number_popup_post":"1","show_post_related":"1","show_inline_post_related":"0"}],"image_override":[{"single_post_thumbnail_size":"crop-500","single_post_gallery_size":"crop-500"}],"trending_post_position":"meta","trending_post_label":"Trending","sponsored_post_label":"Sponsored by","disable_ad":"0"},"jnews_primary_category":[],"jnews_social_meta":[],"jnews_review":[],"enable_review":"","type":"percentage","name":"","summary":"","brand":"","sku":"","good":[],"bad":[],"score_override":"","override_value":"","rating":[],"price":[],"jnews_override_counter":{"view_counter_number":"0","share_counter_number":"0","like_counter_number":"0","dislike_counter_number":"0"},"jnews_post_split":{"post_split":[{"template":"1","tag":"h2","numbering":"asc","mode":"normal","first":"0","enable_toc":"0","toc_type":"normal"}]},"footnotes":""},"categories":[18],"tags":[],"class_list":["post-48136","post","type-post","status-publish","format-standard","has-post-thumbnail","hentry","category-nacionales"],"jetpack_featured_media_url":"https:\/\/atecordoba.org\/wp-content\/uploads\/2025\/03\/WhatsApp-Image-2025-03-25-at-08.56.48-1.jpeg","_links":{"self":[{"href":"https:\/\/atecordoba.org\/index.php?rest_route=\/wp\/v2\/posts\/48136","targetHints":{"allow":["GET"]}}],"collection":[{"href":"https:\/\/atecordoba.org\/index.php?rest_route=\/wp\/v2\/posts"}],"about":[{"href":"https:\/\/atecordoba.org\/index.php?rest_route=\/wp\/v2\/types\/post"}],"author":[{"embeddable":true,"href":"https:\/\/atecordoba.org\/index.php?rest_route=\/wp\/v2\/users\/7"}],"replies":[{"embeddable":true,"href":"https:\/\/atecordoba.org\/index.php?rest_route=%2Fwp%2Fv2%2Fcomments&post=48136"}],"version-history":[{"count":1,"href":"https:\/\/atecordoba.org\/index.php?rest_route=\/wp\/v2\/posts\/48136\/revisions"}],"predecessor-version":[{"id":48139,"href":"https:\/\/atecordoba.org\/index.php?rest_route=\/wp\/v2\/posts\/48136\/revisions\/48139"}],"wp:featuredmedia":[{"embeddable":true,"href":"https:\/\/atecordoba.org\/index.php?rest_route=\/wp\/v2\/media\/48138"}],"wp:attachment":[{"href":"https:\/\/atecordoba.org\/index.php?rest_route=%2Fwp%2Fv2%2Fmedia&parent=48136"}],"wp:term":[{"taxonomy":"category","embeddable":true,"href":"https:\/\/atecordoba.org\/index.php?rest_route=%2Fwp%2Fv2%2Fcategories&post=48136"},{"taxonomy":"post_tag","embeddable":true,"href":"https:\/\/atecordoba.org\/index.php?rest_route=%2Fwp%2Fv2%2Ftags&post=48136"}],"curies":[{"name":"wp","href":"https:\/\/api.w.org\/{rel}","templated":true}]}}