{"id":48129,"date":"2025-03-25T11:52:23","date_gmt":"2025-03-25T14:52:23","guid":{"rendered":"https:\/\/atecordoba.org\/?p=48129"},"modified":"2025-03-25T11:52:23","modified_gmt":"2025-03-25T14:52:23","slug":"apross-el-gobierno-de-llaryora-aumenta-el-fec-y-profundiza-el-robo-al-salario-de-las-y-los-provinciales","status":"publish","type":"post","link":"https:\/\/atecordoba.org\/?p=48129","title":{"rendered":"APROSS: el gobierno de Llaryora aumenta el FEC y profundiza el robo al salario de las y los provinciales"},"content":{"rendered":"<p><img loading=\"lazy\" decoding=\"async\" class=\"aligncenter wp-image-48132 \" src=\"https:\/\/atecordoba.org\/wp-content\/uploads\/2025\/03\/IMG-20241106-WA0057-1024x769.jpg\" alt=\"\" width=\"633\" height=\"475\" \/>ATE C\u00f3rdoba rechaza el aumento de los aportes a la APROSS a trav\u00e9s de un incremento en el Fondo de Enfermedades Catastr\u00f3ficas (FED) que el gobierno de Llaryora notific\u00f3 hoy por medio de una resoluci\u00f3n del organismo, imponi\u00e9ndolo a fecha del 1\u00ba de marzo.<\/p>\n<p>El aumento del valor del aporte constituye un nuevo robo al magro ingreso de los haberes provinciales y municipales, as\u00ed como a las y los jubilados, en una nueva evidencia que las APROSS funciona como caja recaudatoria del Gobierno de C\u00f3rdoba, mientras las prestaciones son cada d\u00eda peores. Esto sucede tanto en Capital como en el interior provincial.<\/p>\n<p><img loading=\"lazy\" decoding=\"async\" class=\"aligncenter wp-image-48133 \" src=\"https:\/\/atecordoba.org\/wp-content\/uploads\/2025\/03\/WhatsApp-Image-2025-03-25-at-10.26.09.jpeg\" alt=\"\" width=\"615\" height=\"615\" srcset=\"https:\/\/atecordoba.org\/wp-content\/uploads\/2025\/03\/WhatsApp-Image-2025-03-25-at-10.26.09.jpeg 720w, https:\/\/atecordoba.org\/wp-content\/uploads\/2025\/03\/WhatsApp-Image-2025-03-25-at-10.26.09-300x300.jpeg 300w, https:\/\/atecordoba.org\/wp-content\/uploads\/2025\/03\/WhatsApp-Image-2025-03-25-at-10.26.09-150x150.jpeg 150w, https:\/\/atecordoba.org\/wp-content\/uploads\/2025\/03\/WhatsApp-Image-2025-03-25-at-10.26.09-560x560.jpeg 560w, https:\/\/atecordoba.org\/wp-content\/uploads\/2025\/03\/WhatsApp-Image-2025-03-25-at-10.26.09-75x75.jpeg 75w, https:\/\/atecordoba.org\/wp-content\/uploads\/2025\/03\/WhatsApp-Image-2025-03-25-at-10.26.09-350x350.jpeg 350w\" sizes=\"auto, (max-width: 615px) 100vw, 615px\" \/><\/p>\n<p>Desde nuestro sindicato insistimos que esta contribuci\u00f3n es ilegal e ileg\u00edtima. los porcentajes de descuentos actuales son desmedidos, que se suman a los co-seguros que los profesionales cobran por las prestaciones que realizan. Esto lleva a muchos afiliados a dejar de pedir la atenci\u00f3n necesaria. &#8220;\u00bfQu\u00e9 pasa con nuestros aportes? \u00bfVan a alguna caja negra? Este reclamo es importante porque estamos hablando de la salud de la gente. En estos momentos de angustia, de crisis econ\u00f3mica, de retiro del Estado nacional con los medicamentos, donde hay coberturas que no se garantizan, queremos prestaciones de calidad y transparencia en el manejo financiero de APROSS&#8221;, ya hab\u00eda reclamado la secretaria de Prensa de ATE C\u00f3rdoba, Julia Giuliani, a fines del a\u00f1o pasado.<\/p>\n<p>La obra social solo est\u00e1 cubriendo el 30% del costo de los medicamentos en C\u00f3rdoba y solo cuatro medicamentos por mes. \u201cSi un afiliado o afiliada tiene alguna enfermedad cr\u00f3nica seguramente no se podr\u00e1 agarrar una angina porque no le va a cubrir el antibi\u00f3tico\u201d, lament\u00f3 en la oportunidad la secretaria de Prensa.<\/p>\n<p>Ahora, Llaryora insiste en ajustar los ingresos de las y los trabajadores, dando cuenta que la atenci\u00f3n m\u00e9dica del personal provincial y municipal no es una prioridad para el Gobierno.<\/p>\n<p>&nbsp;<\/p>\n<p>&nbsp;<\/p>\n","protected":false},"excerpt":{"rendered":"<p>ATE C\u00f3rdoba rechaza el aumento de los aportes a la APROSS a trav\u00e9s de un incremento en el Fondo de Enfermedades Catastr\u00f3ficas (FED) que el gobierno de Llaryora notific\u00f3 hoy por medio de una resoluci\u00f3n del organismo, imponi\u00e9ndolo a fecha del 1\u00ba de marzo. El aumento del valor del aporte constituye un nuevo robo al [&hellip;]<\/p>\n","protected":false},"author":7,"featured_media":48132,"comment_status":"open","ping_status":"open","sticky":false,"template":"","format":"standard","meta":{"_exactmetrics_skip_tracking":false,"_exactmetrics_sitenote_active":false,"_exactmetrics_sitenote_note":"","_exactmetrics_sitenote_category":0,"jnews-multi-image_gallery":[],"jnews_single_post":{"format":"standard","override":[{"template":"1","parallax":"1","fullscreen":"1","layout":"no-sidebar-narrow","sidebar":"default-sidebar","second_sidebar":"default-sidebar","sticky_sidebar":"1","share_position":"bottom","share_float_style":"share-monocrhome","show_share_counter":"1","show_view_counter":"1","show_post_meta":"1","show_post_author_image":"1","show_post_date":"1","post_date_format":"default","post_date_format_custom":"Y\/m\/d","show_post_category":"1","show_post_reading_time":"0","post_reading_time_wpm":"300","post_calculate_word_method":"str_word_count","show_zoom_button":"0","zoom_button_out_step":"2","zoom_button_in_step":"3","show_post_tag":"1","number_popup_post":"1","show_post_related":"1","show_inline_post_related":"0"}],"image_override":[{"single_post_thumbnail_size":"crop-500","single_post_gallery_size":"crop-500"}],"trending_post_position":"meta","trending_post_label":"Trending","sponsored_post_label":"Sponsored by","disable_ad":"0"},"jnews_primary_category":[],"jnews_social_meta":[],"jnews_review":[],"enable_review":"","type":"percentage","name":"","summary":"","brand":"","sku":"","good":[],"bad":[],"score_override":"","override_value":"","rating":[],"price":[],"jnews_override_counter":{"view_counter_number":"0","share_counter_number":"0","like_counter_number":"0","dislike_counter_number":"0"},"jnews_post_split":{"post_split":[{"template":"1","tag":"h2","numbering":"asc","mode":"normal","first":"0","enable_toc":"0","toc_type":"normal"}]},"footnotes":""},"categories":[20,8],"tags":[],"class_list":["post-48129","post","type-post","status-publish","format-standard","has-post-thumbnail","hentry","category-municipales","category-provinciales"],"jetpack_featured_media_url":"https:\/\/atecordoba.org\/wp-content\/uploads\/2025\/03\/IMG-20241106-WA0057-scaled-e1742914290921.jpg","_links":{"self":[{"href":"https:\/\/atecordoba.org\/index.php?rest_route=\/wp\/v2\/posts\/48129","targetHints":{"allow":["GET"]}}],"collection":[{"href":"https:\/\/atecordoba.org\/index.php?rest_route=\/wp\/v2\/posts"}],"about":[{"href":"https:\/\/atecordoba.org\/index.php?rest_route=\/wp\/v2\/types\/post"}],"author":[{"embeddable":true,"href":"https:\/\/atecordoba.org\/index.php?rest_route=\/wp\/v2\/users\/7"}],"replies":[{"embeddable":true,"href":"https:\/\/atecordoba.org\/index.php?rest_route=%2Fwp%2Fv2%2Fcomments&post=48129"}],"version-history":[{"count":1,"href":"https:\/\/atecordoba.org\/index.php?rest_route=\/wp\/v2\/posts\/48129\/revisions"}],"predecessor-version":[{"id":48134,"href":"https:\/\/atecordoba.org\/index.php?rest_route=\/wp\/v2\/posts\/48129\/revisions\/48134"}],"wp:featuredmedia":[{"embeddable":true,"href":"https:\/\/atecordoba.org\/index.php?rest_route=\/wp\/v2\/media\/48132"}],"wp:attachment":[{"href":"https:\/\/atecordoba.org\/index.php?rest_route=%2Fwp%2Fv2%2Fmedia&parent=48129"}],"wp:term":[{"taxonomy":"category","embeddable":true,"href":"https:\/\/atecordoba.org\/index.php?rest_route=%2Fwp%2Fv2%2Fcategories&post=48129"},{"taxonomy":"post_tag","embeddable":true,"href":"https:\/\/atecordoba.org\/index.php?rest_route=%2Fwp%2Fv2%2Ftags&post=48129"}],"curies":[{"name":"wp","href":"https:\/\/api.w.org\/{rel}","templated":true}]}}