{"id":48123,"date":"2025-03-25T11:09:45","date_gmt":"2025-03-25T14:09:45","guid":{"rendered":"https:\/\/atecordoba.org\/?p=48123"},"modified":"2025-03-25T11:37:45","modified_gmt":"2025-03-25T14:37:45","slug":"se-constituyo-la-mesa-sindical-de-ciencia-y-tecnica-de-cordoba","status":"publish","type":"post","link":"https:\/\/atecordoba.org\/?p=48123","title":{"rendered":"Se constituy\u00f3 la Mesa Sindical de Ciencia y T\u00e9cnica de C\u00f3rdoba"},"content":{"rendered":"<p><img loading=\"lazy\" decoding=\"async\" class=\"alignright wp-image-48124 \" src=\"https:\/\/atecordoba.org\/wp-content\/uploads\/2025\/03\/WhatsApp-Image-2025-03-25-at-08.52.04-576x1024.jpeg\" alt=\"\" width=\"372\" height=\"661\" \/>En una iniciativa para avanzar en la organizaci\u00f3n de los sectores nacionales que integran el complejo cient\u00edfico-t\u00e9cnico en C\u00f3rdoba, se constituy\u00f3 la Mesa Sindical de Ciencia y T\u00e9cnica de C\u00f3rdoba, espacio compuesto por ATE CONEA, ATE CONICET, ATE VENG, ATE INTI, ATE DIOXITEK, ADIUC Y APINTA (gremio de INTA seccional Manfredi).<\/p>\n<p>En su declaraci\u00f3n fundacional, la Mesa declar\u00f3 que &#8220;el profundo ajuste implementado por el gobierno nacional impacta en la inmensa mayor\u00eda del pueblo argentino con medidas que deterioran el poder adquisitivo de las y los trabajadores y ponen en riesgo su acceso a la alimentaci\u00f3n, la salud y la educaci\u00f3n. El sector de Ciencia y T\u00e9cnica nacional no es ajeno a estas pol\u00edticas de deterioro salarial y desmantelamiento de lo p\u00fablico&#8221;.<\/p>\n<p>&#8220;Por esta raz\u00f3n, las organizaciones sindicales del sector hemos decidido organizarnos para enfrentar el ajuste liderado por Javier Milei (&#8216;el topo que viene a destruir el Estado desde adentro&#8217;, seg\u00fan sus propias palabras) y su &#8216;c\u00edrculo de hierro&#8217;. Un ajuste que, con el respaldo de distintos actores pol\u00edticos, econ\u00f3micos y medi\u00e1ticos, y avanzando mediante leyes y decretos que amenazan el desarrollo cient\u00edfico y tecnol\u00f3gico logrado en los \u00faltimos a\u00f1os. No podemos olvidar las l\u00e1grimas del diputado De Loredo (UCR) o el &#8216;opo-oficialismo&#8217; constante del PRO, que han permitido con su voto la implementaci\u00f3n de estas pol\u00edticas regresivas&#8221;.<\/p>\n<p>&#8220;Desde la asunci\u00f3n del gobierno de Milei, m\u00e1s de 44.000 trabajadores han sido despedidos o han visto extinguirse sus contratos en el \u00e1mbito estatal. A su vez, se tomaron un sin n\u00famero de medidas para cerrar o desmembrar organismos del Estado. A esto se suma la fuga de numerosos compa\u00f1eros y compa\u00f1eras hacia el sector privado o directamente fuera del pa\u00eds, ante un escenario de incertidumbre y desfinanciamiento (por la decisi\u00f3n de incumplir la Ley de Financiamiento del Sistema Nacional de Ciencia, Tecnolog\u00eda e Innovaci\u00f3n N\u00b027.614) que pone en jaque los proyectos en los que ven\u00edan trabajando y las instituciones a las que pertenecen&#8221;.<\/p>\n<p><strong>Primarizaci\u00f3n<\/strong><\/p>\n<p>En esa l\u00ednea, la Mesa afirm\u00f3 que &#8220;la ausencia de pol\u00edticas de Estado tiene, a nivel social, algunas consecuencias inmediatas y otras que se manifestar\u00e1n en el futuro. Ejemplos visibles son el deterioro de la infraestructura vial o la falta de prevenci\u00f3n de incendios como los ocurridos en el sur del pa\u00eds. Pero tambi\u00e9n existen impactos menos perceptibles a corto plazo, que marcar\u00e1n el rumbo de la Argentina en las pr\u00f3ximas d\u00e9cadas. La historia nos ha mostrado c\u00f3mo la Noche de los Bastones Largos, la persecuci\u00f3n durante la \u00faltima dictadura militar o las pol\u00edticas neoliberales de los a\u00f1os \u201890 provocaron la migraci\u00f3n de equipos enteros de cient\u00edficos y tecn\u00f3logos, generando grandes retrocesos y profundizando la dependencia econ\u00f3mica del pa\u00eds. Hoy, el gobierno insiste en un modelo basado en la explotaci\u00f3n de recursos energ\u00e9ticos y mineros (en mano de empresas no nacionales), perpetuando la primarizaci\u00f3n de nuestra econom\u00eda y su vulnerabilidad ante los vaivenes del mercado global&#8221;.<\/p>\n<p>&#8220;Sin embargo, este contexto de debilidad estructural no es nuevo. Se ha visto alimentado por a\u00f1os de precarizaci\u00f3n laboral y salarios en ca\u00edda, una realidad que venimos denunciando desde hace tiempo. Este proceso comenz\u00f3 con el gobierno del PRO, que en su primer a\u00f1o de gesti\u00f3n ya hab\u00eda reducido un 30% el salario real de los trabajadores del sector, acompa\u00f1ado de un fuerte recorte presupuestario&#8221;.<\/p>\n<p>&#8220;Por eso, desde la Mesa Sindical de Ciencia y T\u00e9cnica de C\u00f3rdoba convocamos a realizar todas las acciones necesarias para enfrentar las pol\u00edticas antinacionales del gobierno de La Libertad Avanza y construir un futuro en el que las y los trabajadores del sector tengamos participaci\u00f3n activa en las pol\u00edticas p\u00fablicas de ciencia y t\u00e9cnica para el desarrollo soberano de la Naci\u00f3n. Es imprescindible generar espacios donde podamos accionar e incidir en el dise\u00f1o y desarrollo de planes estrat\u00e9gicos nacionales de corto, mediano y largo plazo, ya que los gobiernos pasan, mientras que los trabajadores estatales permanecemos, a pesar las embestidas de algunos gobernantes&#8221;!, finaliza el espacio.<\/p>\n<p>&nbsp;<\/p>\n<p>&nbsp;<\/p>\n","protected":false},"excerpt":{"rendered":"<p>En una iniciativa para avanzar en la organizaci\u00f3n de los sectores nacionales que integran el complejo cient\u00edfico-t\u00e9cnico en C\u00f3rdoba, se constituy\u00f3 la Mesa Sindical de Ciencia y T\u00e9cnica de C\u00f3rdoba, espacio compuesto por ATE CONEA, ATE CONICET, ATE VENG, ATE INTI, ATE DIOXITEK, ADIUC Y APINTA (gremio de INTA seccional Manfredi). En su declaraci\u00f3n fundacional, [&hellip;]<\/p>\n","protected":false},"author":7,"featured_media":48124,"comment_status":"open","ping_status":"open","sticky":false,"template":"","format":"standard","meta":{"_exactmetrics_skip_tracking":false,"_exactmetrics_sitenote_active":false,"_exactmetrics_sitenote_note":"","_exactmetrics_sitenote_category":0,"jnews-multi-image_gallery":[],"jnews_single_post":{"format":"standard","override":[{"template":"1","parallax":"1","fullscreen":"1","layout":"no-sidebar-narrow","sidebar":"default-sidebar","second_sidebar":"default-sidebar","sticky_sidebar":"1","share_position":"bottom","share_float_style":"share-monocrhome","show_share_counter":"1","show_view_counter":"1","show_post_meta":"1","show_post_author_image":"1","show_post_date":"1","post_date_format":"default","post_date_format_custom":"Y\/m\/d","show_post_category":"1","show_post_reading_time":"0","post_reading_time_wpm":"300","post_calculate_word_method":"str_word_count","show_zoom_button":"0","zoom_button_out_step":"2","zoom_button_in_step":"3","show_post_tag":"1","number_popup_post":"1","show_post_related":"1","show_inline_post_related":"0"}],"image_override":[{"single_post_thumbnail_size":"crop-500","single_post_gallery_size":"crop-500"}],"trending_post_position":"meta","trending_post_label":"Trending","sponsored_post_label":"Sponsored by","disable_ad":"0"},"jnews_primary_category":[],"jnews_social_meta":[],"jnews_review":[],"enable_review":"","type":"percentage","name":"","summary":"","brand":"","sku":"","good":[],"bad":[],"score_override":"","override_value":"","rating":[],"price":[],"jnews_override_counter":{"view_counter_number":"0","share_counter_number":"0","like_counter_number":"0","dislike_counter_number":"0"},"jnews_post_split":{"post_split":[{"template":"1","tag":"h2","numbering":"asc","mode":"normal","first":"0","enable_toc":"0","toc_type":"normal"}]},"footnotes":""},"categories":[18],"tags":[],"class_list":["post-48123","post","type-post","status-publish","format-standard","has-post-thumbnail","hentry","category-nacionales"],"jetpack_featured_media_url":"https:\/\/atecordoba.org\/wp-content\/uploads\/2025\/03\/WhatsApp-Image-2025-03-25-at-08.52.04-e1742911774302.jpeg","_links":{"self":[{"href":"https:\/\/atecordoba.org\/index.php?rest_route=\/wp\/v2\/posts\/48123","targetHints":{"allow":["GET"]}}],"collection":[{"href":"https:\/\/atecordoba.org\/index.php?rest_route=\/wp\/v2\/posts"}],"about":[{"href":"https:\/\/atecordoba.org\/index.php?rest_route=\/wp\/v2\/types\/post"}],"author":[{"embeddable":true,"href":"https:\/\/atecordoba.org\/index.php?rest_route=\/wp\/v2\/users\/7"}],"replies":[{"embeddable":true,"href":"https:\/\/atecordoba.org\/index.php?rest_route=%2Fwp%2Fv2%2Fcomments&post=48123"}],"version-history":[{"count":3,"href":"https:\/\/atecordoba.org\/index.php?rest_route=\/wp\/v2\/posts\/48123\/revisions"}],"predecessor-version":[{"id":48131,"href":"https:\/\/atecordoba.org\/index.php?rest_route=\/wp\/v2\/posts\/48123\/revisions\/48131"}],"wp:featuredmedia":[{"embeddable":true,"href":"https:\/\/atecordoba.org\/index.php?rest_route=\/wp\/v2\/media\/48124"}],"wp:attachment":[{"href":"https:\/\/atecordoba.org\/index.php?rest_route=%2Fwp%2Fv2%2Fmedia&parent=48123"}],"wp:term":[{"taxonomy":"category","embeddable":true,"href":"https:\/\/atecordoba.org\/index.php?rest_route=%2Fwp%2Fv2%2Fcategories&post=48123"},{"taxonomy":"post_tag","embeddable":true,"href":"https:\/\/atecordoba.org\/index.php?rest_route=%2Fwp%2Fv2%2Ftags&post=48123"}],"curies":[{"name":"wp","href":"https:\/\/api.w.org\/{rel}","templated":true}]}}