{"id":4811,"date":"2014-11-18T19:22:51","date_gmt":"2014-11-18T22:22:51","guid":{"rendered":"http:\/\/www.atecordoba.org\/?p=4811"},"modified":"2014-11-18T19:22:51","modified_gmt":"2014-11-18T22:22:51","slug":"la-cta-convoca-a-una-jornada-nacional-de-lucha-para-este-jueves","status":"publish","type":"post","link":"https:\/\/atecordoba.org\/?p=4811","title":{"rendered":"La CTA convoca a una Jornada Nacional de Lucha para este jueves"},"content":{"rendered":"<p><em>La Central de Trabajadores de la Argentina realizar\u00e1 la medida de fuerza en reclamo de una serie de mejoras laborales, como el pago de un bono salarial de fin de A\u00f1o a trabajadores registrados, precarios, de planes sociales y jubilados. En C\u00f3rdoba, los estatales nacionales reclaman un bono de 4000 pesos para activos y jubilados -con las particularidades de cada sector-, en tanto que los provinciales exigen la reapertura de paritarias y que el bono ya otorgado se incorpore al salario b\u00e1sico.\u00a0<\/em><\/p>\n<p><a href=\"http:\/\/www.atecordoba.org\/wp-content\/uploads\/2014\/03\/IMG_5953.jpg\"><img loading=\"lazy\" decoding=\"async\" class=\"aligncenter  wp-image-3859\" src=\"http:\/\/www.atecordoba.org\/wp-content\/uploads\/2014\/03\/IMG_5953.jpg\" alt=\"IMG_5953\" width=\"575\" height=\"431\" \/><\/a><\/p>\n<p>La CTA que conduce el estatal Pablo Micheli, que exige un Bono de Fin de A\u00f1o de 4 mil pesos para todos los trabajadores; Salario M\u00ednimo, Vital y M\u00f3vil de 9 mil pesos y aumento de emergencia para los jubilados. Adem\u00e1s, reclama la excepci\u00f3n del Impuesto a las Ganancias sobre el medio aguinaldo de Fin de A\u00f1o.<\/p>\n<p>&#8220;La necesidad de volver a salir a la calle, nos pone en el desaf\u00edo de seguir construyendo unidad de acci\u00f3n con otros sectores que, al igual que nosotros, ven que su salario se degrada con la inflaci\u00f3n y con el injusto cobro del impuesto a las ganancias que cada vez perjudica a m\u00e1s trabajadores&#8221;, justific\u00f3 un comunicado de prensa de la CTA.<\/p>\n<p>Adem\u00e1s, remarca que &#8220;2014 ha sido un a\u00f1o lleno de contradicciones para un Gobierno nacional que en el discurso dice una cosa, pero en la pr\u00e1ctica hace otra&#8221;.<\/p>\n<p>En tal sentido, puso como ejemplo &#8220;la sanci\u00f3n de la nueva Ley de Hidrocarburos que desde la CTA Aut\u00f3noma, junto a otros sectores, se defini\u00f3 en llamarla ley del Saqueo del Petr\u00f3leo de los argentinos&#8221;.<\/p>\n<p>En varias oportunidades, Micheli hab\u00eda manifestado su intenci\u00f3n de reclamar por el Bono de Fin de A\u00f1o para contrarrestar los efectos de la inflaci\u00f3n. &#8220;La situaci\u00f3n es bastante angustiante, particularmente en los trabajadores que tienen salarios m\u00e1s bajos y en el sector de los jubilados. Siempre para Fin de A\u00f1o se ha reclamado la necesidad de una recomposici\u00f3n, mucho m\u00e1s en los \u00faltimos tiempos, y este a\u00f1o no va a ser la excepci\u00f3n&#8221;, hab\u00eda dicho.<\/p>\n<p>En C\u00f3rdoba el paro se llevar\u00e1 a cabo con abandono de tareas a partir de las 9 horas y concentraci\u00f3n en nuestra sede a las 10, para posteriormente marchar al centro. En tanto, las seccionales Villa Mar\u00eda,Rio Tercero y R\u00edo Cuarto desarrollar\u00e1n la medida de fuerza con su propia modalidad.<\/p>\n","protected":false},"excerpt":{"rendered":"<p>La Central de Trabajadores de la Argentina realizar\u00e1 la medida de fuerza en reclamo de una serie de mejoras laborales, como el pago de un bono salarial de fin de A\u00f1o a trabajadores registrados, precarios, de planes sociales y jubilados. En C\u00f3rdoba, los estatales nacionales reclaman un bono de 4000 pesos para activos y jubilados [&hellip;]<\/p>\n","protected":false},"author":1,"featured_media":19220,"comment_status":"open","ping_status":"open","sticky":false,"template":"","format":"standard","meta":{"_exactmetrics_skip_tracking":false,"_exactmetrics_sitenote_active":false,"_exactmetrics_sitenote_note":"","_exactmetrics_sitenote_category":0,"jnews-multi-image_gallery":[],"jnews_single_post":[],"jnews_primary_category":[],"jnews_social_meta":[],"jnews_review":[],"enable_review":"","type":"","name":"","summary":"","brand":"","sku":"","good":[],"bad":[],"score_override":"","override_value":"","rating":[],"price":[],"jnews_override_counter":[],"jnews_post_split":[],"footnotes":""},"categories":[20,18,8],"tags":[],"class_list":["post-4811","post","type-post","status-publish","format-standard","has-post-thumbnail","hentry","category-municipales","category-nacionales","category-provinciales"],"jetpack_featured_media_url":"https:\/\/atecordoba.org\/wp-content\/uploads\/2020\/05\/logo-nuevochico-e1561581322808.png","_links":{"self":[{"href":"https:\/\/atecordoba.org\/index.php?rest_route=\/wp\/v2\/posts\/4811","targetHints":{"allow":["GET"]}}],"collection":[{"href":"https:\/\/atecordoba.org\/index.php?rest_route=\/wp\/v2\/posts"}],"about":[{"href":"https:\/\/atecordoba.org\/index.php?rest_route=\/wp\/v2\/types\/post"}],"author":[{"embeddable":true,"href":"https:\/\/atecordoba.org\/index.php?rest_route=\/wp\/v2\/users\/1"}],"replies":[{"embeddable":true,"href":"https:\/\/atecordoba.org\/index.php?rest_route=%2Fwp%2Fv2%2Fcomments&post=4811"}],"version-history":[{"count":0,"href":"https:\/\/atecordoba.org\/index.php?rest_route=\/wp\/v2\/posts\/4811\/revisions"}],"wp:featuredmedia":[{"embeddable":true,"href":"https:\/\/atecordoba.org\/index.php?rest_route=\/wp\/v2\/media\/19220"}],"wp:attachment":[{"href":"https:\/\/atecordoba.org\/index.php?rest_route=%2Fwp%2Fv2%2Fmedia&parent=4811"}],"wp:term":[{"taxonomy":"category","embeddable":true,"href":"https:\/\/atecordoba.org\/index.php?rest_route=%2Fwp%2Fv2%2Fcategories&post=4811"},{"taxonomy":"post_tag","embeddable":true,"href":"https:\/\/atecordoba.org\/index.php?rest_route=%2Fwp%2Fv2%2Ftags&post=4811"}],"curies":[{"name":"wp","href":"https:\/\/api.w.org\/{rel}","templated":true}]}}