{"id":48098,"date":"2025-03-25T10:44:31","date_gmt":"2025-03-25T13:44:31","guid":{"rendered":"https:\/\/atecordoba.org\/?p=48098"},"modified":"2025-03-25T11:11:43","modified_gmt":"2025-03-25T14:11:43","slug":"24m-ate-marcho-junto-a-una-multitud-contra-el-negacionismo-y-el-ajuste-de-milei","status":"publish","type":"post","link":"https:\/\/atecordoba.org\/?p=48098","title":{"rendered":"24M: ATE march\u00f3 junto a una multitud contra el negacionismo y el ajuste de Milei"},"content":{"rendered":"<p><img loading=\"lazy\" decoding=\"async\" class=\"aligncenter wp-image-48099 \" src=\"https:\/\/atecordoba.org\/wp-content\/uploads\/2025\/03\/WhatsApp-Image-2025-03-25-at-08.59.57-1-1024x768.jpeg\" alt=\"\" width=\"621\" height=\"466\" srcset=\"https:\/\/atecordoba.org\/wp-content\/uploads\/2025\/03\/WhatsApp-Image-2025-03-25-at-08.59.57-1-1024x768.jpeg 1024w, https:\/\/atecordoba.org\/wp-content\/uploads\/2025\/03\/WhatsApp-Image-2025-03-25-at-08.59.57-1-300x225.jpeg 300w, https:\/\/atecordoba.org\/wp-content\/uploads\/2025\/03\/WhatsApp-Image-2025-03-25-at-08.59.57-1-768x576.jpeg 768w, https:\/\/atecordoba.org\/wp-content\/uploads\/2025\/03\/WhatsApp-Image-2025-03-25-at-08.59.57-1-750x563.jpeg 750w, https:\/\/atecordoba.org\/wp-content\/uploads\/2025\/03\/WhatsApp-Image-2025-03-25-at-08.59.57-1-1140x855.jpeg 1140w, https:\/\/atecordoba.org\/wp-content\/uploads\/2025\/03\/WhatsApp-Image-2025-03-25-at-08.59.57-1.jpeg 1280w\" sizes=\"auto, (max-width: 621px) 100vw, 621px\" \/>En un 24 de Marzo con lluvia, ATE C\u00f3rdoba fue parte de una masiva movilizaci\u00f3n, donde miles marcharon bajo la consigna de \u201cFrente a la crueldad y la impunidad, la Memoria nos une por un pa\u00eds solidario\u201d, lanzada por la convocatoria de la Mesa de Trabajo por los Derechos Humanos al cumplirse 49 a\u00f1os del Golpe c\u00edvico militar.<img loading=\"lazy\" decoding=\"async\" class=\"aligncenter wp-image-48100 \" src=\"https:\/\/atecordoba.org\/wp-content\/uploads\/2025\/03\/WhatsApp-Image-2025-03-25-at-08.59.52-1024x768.jpeg\" alt=\"\" width=\"618\" height=\"464\" srcset=\"https:\/\/atecordoba.org\/wp-content\/uploads\/2025\/03\/WhatsApp-Image-2025-03-25-at-08.59.52-1024x768.jpeg 1024w, https:\/\/atecordoba.org\/wp-content\/uploads\/2025\/03\/WhatsApp-Image-2025-03-25-at-08.59.52-300x225.jpeg 300w, https:\/\/atecordoba.org\/wp-content\/uploads\/2025\/03\/WhatsApp-Image-2025-03-25-at-08.59.52-768x576.jpeg 768w, https:\/\/atecordoba.org\/wp-content\/uploads\/2025\/03\/WhatsApp-Image-2025-03-25-at-08.59.52-1536x1152.jpeg 1536w, https:\/\/atecordoba.org\/wp-content\/uploads\/2025\/03\/WhatsApp-Image-2025-03-25-at-08.59.52-2048x1536.jpeg 2048w, https:\/\/atecordoba.org\/wp-content\/uploads\/2025\/03\/WhatsApp-Image-2025-03-25-at-08.59.52-750x563.jpeg 750w, https:\/\/atecordoba.org\/wp-content\/uploads\/2025\/03\/WhatsApp-Image-2025-03-25-at-08.59.52-1140x855.jpeg 1140w\" sizes=\"auto, (max-width: 618px) 100vw, 618px\" \/><\/p>\n<p>Se trat\u00f3 de una contundente respuesta popular en todo el territorio nacional a las consignas negacionistas que a las 0 horas del mismo lunes el gobierno expuso en redes sociales, en abierta provocaci\u00f3n a la convocatoria, que se sab\u00eda multitudinaria. Y as\u00ed lo fue. En las principales capitales del pa\u00eds la poblaci\u00f3n sali\u00f3 a respaldar el pacto social por los DDHH y la convivencia pac\u00edfica, por Memoria, Verdad y Justicia. En C\u00f3rdoba la respuesta fue masiva y emocionante. La organizaci\u00f3n calcul\u00f3 arriba de 100 mil personas la cantidad de asistentes. No hay otra concentraci\u00f3n de convoque esa multitud en la provincia. <img loading=\"lazy\" decoding=\"async\" class=\"aligncenter wp-image-48101 \" src=\"https:\/\/atecordoba.org\/wp-content\/uploads\/2025\/03\/WhatsApp-Image-2025-03-25-at-08.59.53-1-768x1024.jpeg\" alt=\"\" width=\"628\" height=\"837\" srcset=\"https:\/\/atecordoba.org\/wp-content\/uploads\/2025\/03\/WhatsApp-Image-2025-03-25-at-08.59.53-1-768x1024.jpeg 768w, https:\/\/atecordoba.org\/wp-content\/uploads\/2025\/03\/WhatsApp-Image-2025-03-25-at-08.59.53-1-225x300.jpeg 225w, https:\/\/atecordoba.org\/wp-content\/uploads\/2025\/03\/WhatsApp-Image-2025-03-25-at-08.59.53-1-1152x1536.jpeg 1152w, https:\/\/atecordoba.org\/wp-content\/uploads\/2025\/03\/WhatsApp-Image-2025-03-25-at-08.59.53-1-1536x2048.jpeg 1536w, https:\/\/atecordoba.org\/wp-content\/uploads\/2025\/03\/WhatsApp-Image-2025-03-25-at-08.59.53-1-750x1000.jpeg 750w, https:\/\/atecordoba.org\/wp-content\/uploads\/2025\/03\/WhatsApp-Image-2025-03-25-at-08.59.53-1-1140x1520.jpeg 1140w, https:\/\/atecordoba.org\/wp-content\/uploads\/2025\/03\/WhatsApp-Image-2025-03-25-at-08.59.53-1-scaled.jpeg 1920w\" sizes=\"auto, (max-width: 628px) 100vw, 628px\" \/><\/p>\n<p>Claramente, la ausencia evidente de fuerzas policiales, apenas camufladas en los alrededores, dieron cuenta que la violencia siempre se desata de arriba para abajo, como sucedi\u00f3 en las marchas de los jubilados en el Congreso Nacional. Ayer un pueblo siempre pac\u00edfico reclam\u00f3 no volver a un pasado que los discursos violentos que emana el Gobierno nacional, y sus sat\u00e9lites marginales, intentan instalar en el imaginario colectivo.<img loading=\"lazy\" decoding=\"async\" class=\"aligncenter wp-image-48102 \" src=\"https:\/\/atecordoba.org\/wp-content\/uploads\/2025\/03\/WhatsApp-Image-2025-03-25-at-08.59.56-1-1024x768.jpeg\" alt=\"\" width=\"633\" height=\"475\" srcset=\"https:\/\/atecordoba.org\/wp-content\/uploads\/2025\/03\/WhatsApp-Image-2025-03-25-at-08.59.56-1-1024x768.jpeg 1024w, https:\/\/atecordoba.org\/wp-content\/uploads\/2025\/03\/WhatsApp-Image-2025-03-25-at-08.59.56-1-300x225.jpeg 300w, https:\/\/atecordoba.org\/wp-content\/uploads\/2025\/03\/WhatsApp-Image-2025-03-25-at-08.59.56-1-768x576.jpeg 768w, https:\/\/atecordoba.org\/wp-content\/uploads\/2025\/03\/WhatsApp-Image-2025-03-25-at-08.59.56-1-1536x1152.jpeg 1536w, https:\/\/atecordoba.org\/wp-content\/uploads\/2025\/03\/WhatsApp-Image-2025-03-25-at-08.59.56-1-2048x1536.jpeg 2048w, https:\/\/atecordoba.org\/wp-content\/uploads\/2025\/03\/WhatsApp-Image-2025-03-25-at-08.59.56-1-750x563.jpeg 750w, https:\/\/atecordoba.org\/wp-content\/uploads\/2025\/03\/WhatsApp-Image-2025-03-25-at-08.59.56-1-1140x855.jpeg 1140w\" sizes=\"auto, (max-width: 633px) 100vw, 633px\" \/><\/p>\n<p>La respuesta organizativa popular fue monumental y habla de un tejido social aun vigoroso para rechazar un seudofascismo de alcantarilla que cada vez pierde m\u00e1s apoyo social, atento el color de las encuestas de este a\u00f1o.<\/p>\n<p>ATE C\u00f3rdoba y la CTA Aut\u00f3noma participaron con una columna encabezada por Silvia Alcoba, Secretaria Adjunta de CTAA; Julia Giuliani, Secretaria de Prensa de ATE; Jorge Chalup, Gremial y secretario General de la CTA-A Regional C\u00f3rdoba Capital; Javier Bracamonte, Organizaci\u00f3n; y Cintia Silva, de la Federaci\u00f3n Nacional Territorial (FeNaT-CTAA); entre otros y otras.<img loading=\"lazy\" decoding=\"async\" class=\"aligncenter wp-image-48103 \" src=\"https:\/\/atecordoba.org\/wp-content\/uploads\/2025\/03\/WhatsApp-Image-2025-03-25-at-08.59.56-1024x768.jpeg\" alt=\"\" width=\"621\" height=\"466\" srcset=\"https:\/\/atecordoba.org\/wp-content\/uploads\/2025\/03\/WhatsApp-Image-2025-03-25-at-08.59.56-1024x768.jpeg 1024w, https:\/\/atecordoba.org\/wp-content\/uploads\/2025\/03\/WhatsApp-Image-2025-03-25-at-08.59.56-300x225.jpeg 300w, https:\/\/atecordoba.org\/wp-content\/uploads\/2025\/03\/WhatsApp-Image-2025-03-25-at-08.59.56-768x576.jpeg 768w, https:\/\/atecordoba.org\/wp-content\/uploads\/2025\/03\/WhatsApp-Image-2025-03-25-at-08.59.56-1536x1152.jpeg 1536w, https:\/\/atecordoba.org\/wp-content\/uploads\/2025\/03\/WhatsApp-Image-2025-03-25-at-08.59.56-2048x1536.jpeg 2048w, https:\/\/atecordoba.org\/wp-content\/uploads\/2025\/03\/WhatsApp-Image-2025-03-25-at-08.59.56-750x563.jpeg 750w, https:\/\/atecordoba.org\/wp-content\/uploads\/2025\/03\/WhatsApp-Image-2025-03-25-at-08.59.56-1140x855.jpeg 1140w\" sizes=\"auto, (max-width: 621px) 100vw, 621px\" \/><\/p>\n<p>A 49 a\u00f1os del Golpe de Estado c\u00edvico-militar, C\u00f3rdoba volvi\u00f3 a salir a las calles para reclamar \u201cMemoria, Verdad y Justicia\u201d, en esta oportunidad bajo la consigna de\u00a0\u201cFrente a la crueldad y la impunidad, la Memoria nos une por un pa\u00eds solidario\u201d.<\/p>\n<p>La movilizaci\u00f3n comenz\u00f3 a las 17 en la esquina de Col\u00f3n y Ca\u00f1ada y se desarroll\u00f3 en medio de condiciones clim\u00e1ticas adversas. Pese a ello, los manifestantes llegaron a ocupar\u00a0alrededor de 15 cuadras que permanecieron cortadas al tr\u00e1nsito automotor.<img loading=\"lazy\" decoding=\"async\" class=\"aligncenter wp-image-48104 \" src=\"https:\/\/atecordoba.org\/wp-content\/uploads\/2025\/03\/WhatsApp-Image-2025-03-25-at-08.59.59-1-1024x768.jpeg\" alt=\"\" width=\"619\" height=\"465\" srcset=\"https:\/\/atecordoba.org\/wp-content\/uploads\/2025\/03\/WhatsApp-Image-2025-03-25-at-08.59.59-1-1024x768.jpeg 1024w, https:\/\/atecordoba.org\/wp-content\/uploads\/2025\/03\/WhatsApp-Image-2025-03-25-at-08.59.59-1-300x225.jpeg 300w, https:\/\/atecordoba.org\/wp-content\/uploads\/2025\/03\/WhatsApp-Image-2025-03-25-at-08.59.59-1-768x576.jpeg 768w, https:\/\/atecordoba.org\/wp-content\/uploads\/2025\/03\/WhatsApp-Image-2025-03-25-at-08.59.59-1-1536x1152.jpeg 1536w, https:\/\/atecordoba.org\/wp-content\/uploads\/2025\/03\/WhatsApp-Image-2025-03-25-at-08.59.59-1-2048x1536.jpeg 2048w, https:\/\/atecordoba.org\/wp-content\/uploads\/2025\/03\/WhatsApp-Image-2025-03-25-at-08.59.59-1-750x563.jpeg 750w, https:\/\/atecordoba.org\/wp-content\/uploads\/2025\/03\/WhatsApp-Image-2025-03-25-at-08.59.59-1-1140x855.jpeg 1140w\" sizes=\"auto, (max-width: 619px) 100vw, 619px\" \/><\/p>\n<p>La barredora estuvo encabezada por organismos locales de Derechos Humanos y a lo largo de la movilizaci\u00f3n se pudieron ver columnas integradas por asociaciones civiles, religiosas, grupos art\u00edsticos, sindicatos, agrupaciones estudiantiles, movimientos sociales y partidos pol\u00edticos.<\/p>\n<p>La manifestaci\u00f3n se dio luego de que el Gobierno Nacional publicara un video en el que se enfatiza sobre el rol de las agrupaciones guerrilleras durante la d\u00e9cada de 1970, mientras que se omite casi completamente hablar sobre los cr\u00edmenes de la \u00faltima dictadura.<\/p>\n<p><img loading=\"lazy\" decoding=\"async\" class=\"aligncenter wp-image-48105 \" src=\"https:\/\/atecordoba.org\/wp-content\/uploads\/2025\/03\/WhatsApp-Image-2025-03-25-at-08.59.50-1024x768.jpeg\" alt=\"\" width=\"610\" height=\"458\" srcset=\"https:\/\/atecordoba.org\/wp-content\/uploads\/2025\/03\/WhatsApp-Image-2025-03-25-at-08.59.50-1024x768.jpeg 1024w, https:\/\/atecordoba.org\/wp-content\/uploads\/2025\/03\/WhatsApp-Image-2025-03-25-at-08.59.50-300x225.jpeg 300w, https:\/\/atecordoba.org\/wp-content\/uploads\/2025\/03\/WhatsApp-Image-2025-03-25-at-08.59.50-768x576.jpeg 768w, https:\/\/atecordoba.org\/wp-content\/uploads\/2025\/03\/WhatsApp-Image-2025-03-25-at-08.59.50-750x563.jpeg 750w, https:\/\/atecordoba.org\/wp-content\/uploads\/2025\/03\/WhatsApp-Image-2025-03-25-at-08.59.50-1140x855.jpeg 1140w, https:\/\/atecordoba.org\/wp-content\/uploads\/2025\/03\/WhatsApp-Image-2025-03-25-at-08.59.50.jpeg 1280w\" sizes=\"auto, (max-width: 610px) 100vw, 610px\" \/><\/p>\n<p>\u201cAnte un contexto de vulnerabilidad social y econ\u00f3mica, de intentos de impunidad y de violencia autoritaria, marchamos por un pa\u00eds que nos incluya a todos y todas\u201d, dice el comunicado de la organizaci\u00f3n y agrega que la lucha por los derechos \u201cnos hermana\u201d y \u201cla Memoria no se borra\u201d.<\/p>\n<p>\u201cDefender la democracia es defendernos unos a otros, nos volvemos a encontrar en las calles que jam\u00e1s dejamos\u201d,\u00a0expres\u00f3 la Mesa y llam\u00f3 a honrar el legado de los 30.000\u00a0 desaparecidos.<\/p>\n<p>Cabe se\u00f1alar que la destrucci\u00f3n sistem\u00e1tica que pretende realizar el gobierno de Milei contra el Estado nacional ya se cobr\u00f3 a miles de trabajadoras y trabajadores de dependencia donde se aplicaban pol\u00edticas p\u00fablicas de DDHH en todo el pa\u00eds, cerrando organismos y cercenando la aplicaci\u00f3n de las leyes reparatorias, que deber\u00e1n ser reestablecidas con celeridad.<\/p>\n<p><strong>Actividades<\/strong><\/p>\n<p>Al margen de la marcha, toda la semana previa se llevaron a cabo actividades que refrendaron el compromiso de nuestro organizaci\u00f3n sindical con los DDHH.<\/p>\n<p>As\u00ed, el 21 de marzo ATE C\u00f3rdoba firm\u00f3 un convenio con Abuelas de Plaza de Mayo para fortalecer institucionalmente nuestro compromiso con la lucha por Memoria, Verdad y Justicia. El acto se celebr\u00f3 junto a la presidenta del organismo, Bel\u00e9n Altamiranda Taranto, Nieta Recuperada Numero 88. Por el sindicato estuvieron el secretario General, Federico Giuliani, junto a el Gremial Jorge Chalup, el de Organizaci\u00f3n Javier Bracamonte, la Administrativa Cintia Conesta e integrantes de comisi\u00f3n directiva.<\/p>\n<div id='gallery_1' class='gallery galleryid-48098 gallery-columns-3 gallery-size-thumbnail'><figure class='gallery-item'>\n                <div class='gallery-icon landscape'>\n                    <a href='https:\/\/atecordoba.org\/wp-content\/uploads\/2025\/03\/485959344_1056158063200774_2867626889096654623_n.jpg'><img loading=\"lazy\" decoding=\"async\" width=\"150\" height=\"150\" src=\"\" class=\"attachment-thumbnail size-thumbnail lazyload\" alt=\"\" data-src=\"https:\/\/atecordoba.org\/wp-content\/uploads\/2025\/03\/485959344_1056158063200774_2867626889096654623_n-150x150.jpg\" data-sizes=\"auto\" data-srcset=\"https:\/\/atecordoba.org\/wp-content\/uploads\/2025\/03\/485959344_1056158063200774_2867626889096654623_n-150x150.jpg 150w, https:\/\/atecordoba.org\/wp-content\/uploads\/2025\/03\/485959344_1056158063200774_2867626889096654623_n-560x560.jpg 560w, https:\/\/atecordoba.org\/wp-content\/uploads\/2025\/03\/485959344_1056158063200774_2867626889096654623_n-75x75.jpg 75w, https:\/\/atecordoba.org\/wp-content\/uploads\/2025\/03\/485959344_1056158063200774_2867626889096654623_n-350x350.jpg 350w\" data-expand=\"700\" \/><\/a>\n                <\/div><\/figure><figure class='gallery-item'>\n                <div class='gallery-icon landscape'>\n                    <a href='https:\/\/atecordoba.org\/wp-content\/uploads\/2025\/03\/485619109_1056160183200562_6411811087192540157_n.jpg'><img loading=\"lazy\" decoding=\"async\" width=\"150\" height=\"150\" src=\"\" class=\"attachment-thumbnail size-thumbnail lazyload\" alt=\"\" data-src=\"https:\/\/atecordoba.org\/wp-content\/uploads\/2025\/03\/485619109_1056160183200562_6411811087192540157_n-150x150.jpg\" data-sizes=\"auto\" data-srcset=\"https:\/\/atecordoba.org\/wp-content\/uploads\/2025\/03\/485619109_1056160183200562_6411811087192540157_n-150x150.jpg 150w, https:\/\/atecordoba.org\/wp-content\/uploads\/2025\/03\/485619109_1056160183200562_6411811087192540157_n-560x560.jpg 560w, https:\/\/atecordoba.org\/wp-content\/uploads\/2025\/03\/485619109_1056160183200562_6411811087192540157_n-75x75.jpg 75w, https:\/\/atecordoba.org\/wp-content\/uploads\/2025\/03\/485619109_1056160183200562_6411811087192540157_n-350x350.jpg 350w\" data-expand=\"700\" \/><\/a>\n                <\/div><\/figure><figure class='gallery-item'>\n                <div class='gallery-icon landscape'>\n                    <a href='https:\/\/atecordoba.org\/wp-content\/uploads\/2025\/03\/485778901_1056158163200764_884022877966259387_n.jpg'><img loading=\"lazy\" decoding=\"async\" width=\"150\" height=\"150\" src=\"\" class=\"attachment-thumbnail size-thumbnail lazyload\" alt=\"\" data-src=\"https:\/\/atecordoba.org\/wp-content\/uploads\/2025\/03\/485778901_1056158163200764_884022877966259387_n-150x150.jpg\" data-sizes=\"auto\" data-srcset=\"https:\/\/atecordoba.org\/wp-content\/uploads\/2025\/03\/485778901_1056158163200764_884022877966259387_n-150x150.jpg 150w, https:\/\/atecordoba.org\/wp-content\/uploads\/2025\/03\/485778901_1056158163200764_884022877966259387_n-560x560.jpg 560w, https:\/\/atecordoba.org\/wp-content\/uploads\/2025\/03\/485778901_1056158163200764_884022877966259387_n-75x75.jpg 75w, https:\/\/atecordoba.org\/wp-content\/uploads\/2025\/03\/485778901_1056158163200764_884022877966259387_n-350x350.jpg 350w\" data-expand=\"700\" \/><\/a>\n                <\/div><\/figure><br style=\"clear: both\" \/>\n            <\/div>\n\n<p>Al siguiente 22 de marzo, en la sede de ATE C\u00f3rdoba plantamos con la compa\u00f1erada un Aromito como s\u00edmbolo de lucha y resistencia, en el rinc\u00f3n del Patio del Sindicato. Grandes y chicos participaron de esa hermosa propuesta, de car\u00e1cter simb\u00f3lico que nos recuerda la necesidad de continuar sembrando memoria, verdad y justicia.<\/p>\n<div id='gallery_2' class='gallery galleryid-48098 gallery-columns-3 gallery-size-thumbnail'><figure class='gallery-item'>\n                <div class='gallery-icon landscape'>\n                    <a href='https:\/\/atecordoba.org\/wp-content\/uploads\/2025\/03\/485978318_1056828429800404_53128503753177206_n.jpg'><img loading=\"lazy\" decoding=\"async\" width=\"150\" height=\"150\" src=\"\" class=\"attachment-thumbnail size-thumbnail lazyload\" alt=\"\" data-src=\"https:\/\/atecordoba.org\/wp-content\/uploads\/2025\/03\/485978318_1056828429800404_53128503753177206_n-150x150.jpg\" data-sizes=\"auto\" data-srcset=\"https:\/\/atecordoba.org\/wp-content\/uploads\/2025\/03\/485978318_1056828429800404_53128503753177206_n-150x150.jpg 150w, https:\/\/atecordoba.org\/wp-content\/uploads\/2025\/03\/485978318_1056828429800404_53128503753177206_n-300x300.jpg 300w, https:\/\/atecordoba.org\/wp-content\/uploads\/2025\/03\/485978318_1056828429800404_53128503753177206_n-768x768.jpg 768w, https:\/\/atecordoba.org\/wp-content\/uploads\/2025\/03\/485978318_1056828429800404_53128503753177206_n-560x560.jpg 560w, https:\/\/atecordoba.org\/wp-content\/uploads\/2025\/03\/485978318_1056828429800404_53128503753177206_n-75x75.jpg 75w, https:\/\/atecordoba.org\/wp-content\/uploads\/2025\/03\/485978318_1056828429800404_53128503753177206_n-350x350.jpg 350w, https:\/\/atecordoba.org\/wp-content\/uploads\/2025\/03\/485978318_1056828429800404_53128503753177206_n-750x750.jpg 750w, https:\/\/atecordoba.org\/wp-content\/uploads\/2025\/03\/485978318_1056828429800404_53128503753177206_n.jpg 900w\" data-expand=\"700\" \/><\/a>\n                <\/div><\/figure><figure class='gallery-item'>\n                <div class='gallery-icon landscape'>\n                    <a href='https:\/\/atecordoba.org\/wp-content\/uploads\/2025\/03\/480941782_1056828469800400_3921925633990302432_n.jpg'><img loading=\"lazy\" decoding=\"async\" width=\"150\" height=\"150\" src=\"\" class=\"attachment-thumbnail size-thumbnail lazyload\" alt=\"\" data-src=\"https:\/\/atecordoba.org\/wp-content\/uploads\/2025\/03\/480941782_1056828469800400_3921925633990302432_n-150x150.jpg\" data-sizes=\"auto\" data-srcset=\"https:\/\/atecordoba.org\/wp-content\/uploads\/2025\/03\/480941782_1056828469800400_3921925633990302432_n-150x150.jpg 150w, https:\/\/atecordoba.org\/wp-content\/uploads\/2025\/03\/480941782_1056828469800400_3921925633990302432_n-300x300.jpg 300w, https:\/\/atecordoba.org\/wp-content\/uploads\/2025\/03\/480941782_1056828469800400_3921925633990302432_n-768x768.jpg 768w, https:\/\/atecordoba.org\/wp-content\/uploads\/2025\/03\/480941782_1056828469800400_3921925633990302432_n-560x560.jpg 560w, https:\/\/atecordoba.org\/wp-content\/uploads\/2025\/03\/480941782_1056828469800400_3921925633990302432_n-75x75.jpg 75w, https:\/\/atecordoba.org\/wp-content\/uploads\/2025\/03\/480941782_1056828469800400_3921925633990302432_n-350x350.jpg 350w, https:\/\/atecordoba.org\/wp-content\/uploads\/2025\/03\/480941782_1056828469800400_3921925633990302432_n-750x750.jpg 750w, https:\/\/atecordoba.org\/wp-content\/uploads\/2025\/03\/480941782_1056828469800400_3921925633990302432_n.jpg 900w\" data-expand=\"700\" \/><\/a>\n                <\/div><\/figure><figure class='gallery-item'>\n                <div class='gallery-icon landscape'>\n                    <a href='https:\/\/atecordoba.org\/wp-content\/uploads\/2025\/03\/480960755_1056828173133763_8126548510135446007_n.jpg'><img loading=\"lazy\" decoding=\"async\" width=\"150\" height=\"150\" src=\"\" class=\"attachment-thumbnail size-thumbnail lazyload\" alt=\"\" data-src=\"https:\/\/atecordoba.org\/wp-content\/uploads\/2025\/03\/480960755_1056828173133763_8126548510135446007_n-150x150.jpg\" data-sizes=\"auto\" data-srcset=\"https:\/\/atecordoba.org\/wp-content\/uploads\/2025\/03\/480960755_1056828173133763_8126548510135446007_n-150x150.jpg 150w, https:\/\/atecordoba.org\/wp-content\/uploads\/2025\/03\/480960755_1056828173133763_8126548510135446007_n-300x300.jpg 300w, https:\/\/atecordoba.org\/wp-content\/uploads\/2025\/03\/480960755_1056828173133763_8126548510135446007_n-768x768.jpg 768w, https:\/\/atecordoba.org\/wp-content\/uploads\/2025\/03\/480960755_1056828173133763_8126548510135446007_n-560x560.jpg 560w, https:\/\/atecordoba.org\/wp-content\/uploads\/2025\/03\/480960755_1056828173133763_8126548510135446007_n-75x75.jpg 75w, https:\/\/atecordoba.org\/wp-content\/uploads\/2025\/03\/480960755_1056828173133763_8126548510135446007_n-350x350.jpg 350w, https:\/\/atecordoba.org\/wp-content\/uploads\/2025\/03\/480960755_1056828173133763_8126548510135446007_n-750x750.jpg 750w, https:\/\/atecordoba.org\/wp-content\/uploads\/2025\/03\/480960755_1056828173133763_8126548510135446007_n.jpg 900w\" data-expand=\"700\" \/><\/a>\n                <\/div><\/figure><br style=\"clear: both\" \/><figure class='gallery-item'>\n                <div class='gallery-icon landscape'>\n                    <a href='https:\/\/atecordoba.org\/wp-content\/uploads\/2025\/03\/481316284_1056828513133729_8047361178810077893_n.jpg'><img loading=\"lazy\" decoding=\"async\" width=\"150\" height=\"150\" src=\"\" class=\"attachment-thumbnail size-thumbnail lazyload\" alt=\"\" data-src=\"https:\/\/atecordoba.org\/wp-content\/uploads\/2025\/03\/481316284_1056828513133729_8047361178810077893_n-150x150.jpg\" data-sizes=\"auto\" data-srcset=\"https:\/\/atecordoba.org\/wp-content\/uploads\/2025\/03\/481316284_1056828513133729_8047361178810077893_n-150x150.jpg 150w, https:\/\/atecordoba.org\/wp-content\/uploads\/2025\/03\/481316284_1056828513133729_8047361178810077893_n-300x300.jpg 300w, https:\/\/atecordoba.org\/wp-content\/uploads\/2025\/03\/481316284_1056828513133729_8047361178810077893_n-768x768.jpg 768w, https:\/\/atecordoba.org\/wp-content\/uploads\/2025\/03\/481316284_1056828513133729_8047361178810077893_n-560x560.jpg 560w, https:\/\/atecordoba.org\/wp-content\/uploads\/2025\/03\/481316284_1056828513133729_8047361178810077893_n-75x75.jpg 75w, https:\/\/atecordoba.org\/wp-content\/uploads\/2025\/03\/481316284_1056828513133729_8047361178810077893_n-350x350.jpg 350w, https:\/\/atecordoba.org\/wp-content\/uploads\/2025\/03\/481316284_1056828513133729_8047361178810077893_n-750x750.jpg 750w, https:\/\/atecordoba.org\/wp-content\/uploads\/2025\/03\/481316284_1056828513133729_8047361178810077893_n.jpg 900w\" data-expand=\"700\" \/><\/a>\n                <\/div><\/figure><figure class='gallery-item'>\n                <div class='gallery-icon landscape'>\n                    <a href='https:\/\/atecordoba.org\/wp-content\/uploads\/2025\/03\/485858845_1056828126467101_8240675647589753013_n.jpg'><img loading=\"lazy\" decoding=\"async\" width=\"150\" height=\"150\" src=\"\" class=\"attachment-thumbnail size-thumbnail lazyload\" alt=\"\" data-src=\"https:\/\/atecordoba.org\/wp-content\/uploads\/2025\/03\/485858845_1056828126467101_8240675647589753013_n-150x150.jpg\" data-sizes=\"auto\" data-srcset=\"https:\/\/atecordoba.org\/wp-content\/uploads\/2025\/03\/485858845_1056828126467101_8240675647589753013_n-150x150.jpg 150w, https:\/\/atecordoba.org\/wp-content\/uploads\/2025\/03\/485858845_1056828126467101_8240675647589753013_n-300x300.jpg 300w, https:\/\/atecordoba.org\/wp-content\/uploads\/2025\/03\/485858845_1056828126467101_8240675647589753013_n-768x768.jpg 768w, https:\/\/atecordoba.org\/wp-content\/uploads\/2025\/03\/485858845_1056828126467101_8240675647589753013_n-560x560.jpg 560w, https:\/\/atecordoba.org\/wp-content\/uploads\/2025\/03\/485858845_1056828126467101_8240675647589753013_n-75x75.jpg 75w, https:\/\/atecordoba.org\/wp-content\/uploads\/2025\/03\/485858845_1056828126467101_8240675647589753013_n-350x350.jpg 350w, https:\/\/atecordoba.org\/wp-content\/uploads\/2025\/03\/485858845_1056828126467101_8240675647589753013_n-750x750.jpg 750w, https:\/\/atecordoba.org\/wp-content\/uploads\/2025\/03\/485858845_1056828126467101_8240675647589753013_n.jpg 960w\" data-expand=\"700\" \/><\/a>\n                <\/div><\/figure><figure class='gallery-item'>\n                <div class='gallery-icon landscape'>\n                    <a href='https:\/\/atecordoba.org\/wp-content\/uploads\/2025\/03\/485892937_1056828219800425_1860424871503757668_n.jpg'><img loading=\"lazy\" decoding=\"async\" width=\"150\" height=\"150\" src=\"\" class=\"attachment-thumbnail size-thumbnail lazyload\" alt=\"\" data-src=\"https:\/\/atecordoba.org\/wp-content\/uploads\/2025\/03\/485892937_1056828219800425_1860424871503757668_n-150x150.jpg\" data-sizes=\"auto\" data-srcset=\"https:\/\/atecordoba.org\/wp-content\/uploads\/2025\/03\/485892937_1056828219800425_1860424871503757668_n-150x150.jpg 150w, https:\/\/atecordoba.org\/wp-content\/uploads\/2025\/03\/485892937_1056828219800425_1860424871503757668_n-300x300.jpg 300w, https:\/\/atecordoba.org\/wp-content\/uploads\/2025\/03\/485892937_1056828219800425_1860424871503757668_n-768x768.jpg 768w, https:\/\/atecordoba.org\/wp-content\/uploads\/2025\/03\/485892937_1056828219800425_1860424871503757668_n-560x560.jpg 560w, https:\/\/atecordoba.org\/wp-content\/uploads\/2025\/03\/485892937_1056828219800425_1860424871503757668_n-75x75.jpg 75w, https:\/\/atecordoba.org\/wp-content\/uploads\/2025\/03\/485892937_1056828219800425_1860424871503757668_n-350x350.jpg 350w, https:\/\/atecordoba.org\/wp-content\/uploads\/2025\/03\/485892937_1056828219800425_1860424871503757668_n-750x750.jpg 750w, https:\/\/atecordoba.org\/wp-content\/uploads\/2025\/03\/485892937_1056828219800425_1860424871503757668_n.jpg 900w\" data-expand=\"700\" \/><\/a>\n                <\/div><\/figure><br style=\"clear: both\" \/><figure class='gallery-item'>\n                <div class='gallery-icon landscape'>\n                    <a href='https:\/\/atecordoba.org\/wp-content\/uploads\/2025\/03\/485899562_1056828296467084_1376475483347474257_n.jpg'><img loading=\"lazy\" decoding=\"async\" width=\"150\" height=\"150\" src=\"\" class=\"attachment-thumbnail size-thumbnail lazyload\" alt=\"\" data-src=\"https:\/\/atecordoba.org\/wp-content\/uploads\/2025\/03\/485899562_1056828296467084_1376475483347474257_n-150x150.jpg\" data-sizes=\"auto\" data-srcset=\"https:\/\/atecordoba.org\/wp-content\/uploads\/2025\/03\/485899562_1056828296467084_1376475483347474257_n-150x150.jpg 150w, https:\/\/atecordoba.org\/wp-content\/uploads\/2025\/03\/485899562_1056828296467084_1376475483347474257_n-300x300.jpg 300w, https:\/\/atecordoba.org\/wp-content\/uploads\/2025\/03\/485899562_1056828296467084_1376475483347474257_n-768x768.jpg 768w, https:\/\/atecordoba.org\/wp-content\/uploads\/2025\/03\/485899562_1056828296467084_1376475483347474257_n-560x560.jpg 560w, https:\/\/atecordoba.org\/wp-content\/uploads\/2025\/03\/485899562_1056828296467084_1376475483347474257_n-75x75.jpg 75w, https:\/\/atecordoba.org\/wp-content\/uploads\/2025\/03\/485899562_1056828296467084_1376475483347474257_n-350x350.jpg 350w, https:\/\/atecordoba.org\/wp-content\/uploads\/2025\/03\/485899562_1056828296467084_1376475483347474257_n-750x750.jpg 750w, https:\/\/atecordoba.org\/wp-content\/uploads\/2025\/03\/485899562_1056828296467084_1376475483347474257_n.jpg 900w\" data-expand=\"700\" \/><\/a>\n                <\/div><\/figure><figure class='gallery-item'>\n                <div class='gallery-icon landscape'>\n                    <a href='https:\/\/atecordoba.org\/wp-content\/uploads\/2025\/03\/485907403_1056828376467076_5006668024678651520_n.jpg'><img loading=\"lazy\" decoding=\"async\" width=\"150\" height=\"150\" src=\"\" class=\"attachment-thumbnail size-thumbnail lazyload\" alt=\"\" data-src=\"https:\/\/atecordoba.org\/wp-content\/uploads\/2025\/03\/485907403_1056828376467076_5006668024678651520_n-150x150.jpg\" data-sizes=\"auto\" data-srcset=\"https:\/\/atecordoba.org\/wp-content\/uploads\/2025\/03\/485907403_1056828376467076_5006668024678651520_n-150x150.jpg 150w, https:\/\/atecordoba.org\/wp-content\/uploads\/2025\/03\/485907403_1056828376467076_5006668024678651520_n-300x300.jpg 300w, https:\/\/atecordoba.org\/wp-content\/uploads\/2025\/03\/485907403_1056828376467076_5006668024678651520_n-768x768.jpg 768w, https:\/\/atecordoba.org\/wp-content\/uploads\/2025\/03\/485907403_1056828376467076_5006668024678651520_n-560x560.jpg 560w, https:\/\/atecordoba.org\/wp-content\/uploads\/2025\/03\/485907403_1056828376467076_5006668024678651520_n-75x75.jpg 75w, https:\/\/atecordoba.org\/wp-content\/uploads\/2025\/03\/485907403_1056828376467076_5006668024678651520_n-350x350.jpg 350w, https:\/\/atecordoba.org\/wp-content\/uploads\/2025\/03\/485907403_1056828376467076_5006668024678651520_n-750x750.jpg 750w, https:\/\/atecordoba.org\/wp-content\/uploads\/2025\/03\/485907403_1056828376467076_5006668024678651520_n.jpg 900w\" data-expand=\"700\" \/><\/a>\n                <\/div><\/figure><figure class='gallery-item'>\n                <div class='gallery-icon landscape'>\n                    <a href='https:\/\/atecordoba.org\/wp-content\/uploads\/2025\/03\/485968624_1056828263133754_7328183738739000295_n.jpg'><img loading=\"lazy\" decoding=\"async\" width=\"150\" height=\"150\" src=\"\" class=\"attachment-thumbnail size-thumbnail lazyload\" alt=\"\" data-src=\"https:\/\/atecordoba.org\/wp-content\/uploads\/2025\/03\/485968624_1056828263133754_7328183738739000295_n-150x150.jpg\" data-sizes=\"auto\" data-srcset=\"https:\/\/atecordoba.org\/wp-content\/uploads\/2025\/03\/485968624_1056828263133754_7328183738739000295_n-150x150.jpg 150w, https:\/\/atecordoba.org\/wp-content\/uploads\/2025\/03\/485968624_1056828263133754_7328183738739000295_n-300x300.jpg 300w, https:\/\/atecordoba.org\/wp-content\/uploads\/2025\/03\/485968624_1056828263133754_7328183738739000295_n-768x768.jpg 768w, https:\/\/atecordoba.org\/wp-content\/uploads\/2025\/03\/485968624_1056828263133754_7328183738739000295_n-560x560.jpg 560w, https:\/\/atecordoba.org\/wp-content\/uploads\/2025\/03\/485968624_1056828263133754_7328183738739000295_n-75x75.jpg 75w, https:\/\/atecordoba.org\/wp-content\/uploads\/2025\/03\/485968624_1056828263133754_7328183738739000295_n-350x350.jpg 350w, https:\/\/atecordoba.org\/wp-content\/uploads\/2025\/03\/485968624_1056828263133754_7328183738739000295_n-750x750.jpg 750w, https:\/\/atecordoba.org\/wp-content\/uploads\/2025\/03\/485968624_1056828263133754_7328183738739000295_n.jpg 900w\" data-expand=\"700\" \/><\/a>\n                <\/div><\/figure><br style=\"clear: both\" \/>\n            <\/div>\n\n","protected":false},"excerpt":{"rendered":"<p>En un 24 de Marzo con lluvia, ATE C\u00f3rdoba fue parte de una masiva movilizaci\u00f3n, donde miles marcharon bajo la consigna de \u201cFrente a la crueldad y la impunidad, la Memoria nos une por un pa\u00eds solidario\u201d, lanzada por la convocatoria de la Mesa de Trabajo por los Derechos Humanos al cumplirse 49 a\u00f1os del [&hellip;]<\/p>\n","protected":false},"author":7,"featured_media":48099,"comment_status":"open","ping_status":"open","sticky":false,"template":"","format":"standard","meta":{"_exactmetrics_skip_tracking":false,"_exactmetrics_sitenote_active":false,"_exactmetrics_sitenote_note":"","_exactmetrics_sitenote_category":0,"jnews-multi-image_gallery":[],"jnews_single_post":{"format":"standard","override":[{"template":"1","parallax":"1","fullscreen":"1","layout":"no-sidebar-narrow","sidebar":"default-sidebar","second_sidebar":"default-sidebar","sticky_sidebar":"1","share_position":"bottom","share_float_style":"share-monocrhome","show_share_counter":"1","show_view_counter":"1","show_post_meta":"1","show_post_author_image":"1","show_post_date":"1","post_date_format":"default","post_date_format_custom":"Y\/m\/d","show_post_category":"1","show_post_reading_time":"0","post_reading_time_wpm":"300","post_calculate_word_method":"str_word_count","show_zoom_button":"0","zoom_button_out_step":"2","zoom_button_in_step":"3","show_post_tag":"1","number_popup_post":"1","show_post_related":"1","show_inline_post_related":"0"}],"image_override":[{"single_post_thumbnail_size":"crop-500","single_post_gallery_size":"crop-500"}],"trending_post_position":"meta","trending_post_label":"Trending","sponsored_post_label":"Sponsored by","disable_ad":"0"},"jnews_primary_category":[],"jnews_social_meta":[],"jnews_review":[],"enable_review":"","type":"percentage","name":"","summary":"","brand":"","sku":"","good":[],"bad":[],"score_override":"","override_value":"","rating":[],"price":[],"jnews_override_counter":{"view_counter_number":"0","share_counter_number":"0","like_counter_number":"0","dislike_counter_number":"0"},"jnews_post_split":{"post_split":[{"template":"1","tag":"h2","numbering":"asc","mode":"normal","first":"0","enable_toc":"0","toc_type":"normal"}]},"footnotes":""},"categories":[122],"tags":[],"class_list":["post-48098","post","type-post","status-publish","format-standard","has-post-thumbnail","hentry","category-ddhh"],"jetpack_featured_media_url":"https:\/\/atecordoba.org\/wp-content\/uploads\/2025\/03\/WhatsApp-Image-2025-03-25-at-08.59.57-1.jpeg","_links":{"self":[{"href":"https:\/\/atecordoba.org\/index.php?rest_route=\/wp\/v2\/posts\/48098","targetHints":{"allow":["GET"]}}],"collection":[{"href":"https:\/\/atecordoba.org\/index.php?rest_route=\/wp\/v2\/posts"}],"about":[{"href":"https:\/\/atecordoba.org\/index.php?rest_route=\/wp\/v2\/types\/post"}],"author":[{"embeddable":true,"href":"https:\/\/atecordoba.org\/index.php?rest_route=\/wp\/v2\/users\/7"}],"replies":[{"embeddable":true,"href":"https:\/\/atecordoba.org\/index.php?rest_route=%2Fwp%2Fv2%2Fcomments&post=48098"}],"version-history":[{"count":5,"href":"https:\/\/atecordoba.org\/index.php?rest_route=\/wp\/v2\/posts\/48098\/revisions"}],"predecessor-version":[{"id":48127,"href":"https:\/\/atecordoba.org\/index.php?rest_route=\/wp\/v2\/posts\/48098\/revisions\/48127"}],"wp:featuredmedia":[{"embeddable":true,"href":"https:\/\/atecordoba.org\/index.php?rest_route=\/wp\/v2\/media\/48099"}],"wp:attachment":[{"href":"https:\/\/atecordoba.org\/index.php?rest_route=%2Fwp%2Fv2%2Fmedia&parent=48098"}],"wp:term":[{"taxonomy":"category","embeddable":true,"href":"https:\/\/atecordoba.org\/index.php?rest_route=%2Fwp%2Fv2%2Fcategories&post=48098"},{"taxonomy":"post_tag","embeddable":true,"href":"https:\/\/atecordoba.org\/index.php?rest_route=%2Fwp%2Fv2%2Ftags&post=48098"}],"curies":[{"name":"wp","href":"https:\/\/api.w.org\/{rel}","templated":true}]}}