{"id":48086,"date":"2025-03-21T12:35:18","date_gmt":"2025-03-21T15:35:18","guid":{"rendered":"https:\/\/atecordoba.org\/?p=48086"},"modified":"2025-03-21T12:54:41","modified_gmt":"2025-03-21T15:54:41","slug":"trabajo-asamblea-general-en-capital-federal-declara-estado-de-alerta-movilizacion-y-asamblea-permanente-ante-el-riesgo-de-mas-despidos","status":"publish","type":"post","link":"https:\/\/atecordoba.org\/?p=48086","title":{"rendered":"Trabajo: Asamblea General en Capital Federal declara estado de alerta, movilizaci\u00f3n y asamblea permanente ante el riesgo de m\u00e1s despidos"},"content":{"rendered":"<p><img loading=\"lazy\" decoding=\"async\" class=\"aligncenter wp-image-48087 \" src=\"https:\/\/atecordoba.org\/wp-content\/uploads\/2025\/03\/WhatsApp-Image-2025-03-21-at-11.09.02-1024x768.jpeg\" alt=\"\" width=\"621\" height=\"466\" srcset=\"https:\/\/atecordoba.org\/wp-content\/uploads\/2025\/03\/WhatsApp-Image-2025-03-21-at-11.09.02-1024x768.jpeg 1024w, https:\/\/atecordoba.org\/wp-content\/uploads\/2025\/03\/WhatsApp-Image-2025-03-21-at-11.09.02-300x225.jpeg 300w, https:\/\/atecordoba.org\/wp-content\/uploads\/2025\/03\/WhatsApp-Image-2025-03-21-at-11.09.02-768x576.jpeg 768w, https:\/\/atecordoba.org\/wp-content\/uploads\/2025\/03\/WhatsApp-Image-2025-03-21-at-11.09.02-1536x1152.jpeg 1536w, https:\/\/atecordoba.org\/wp-content\/uploads\/2025\/03\/WhatsApp-Image-2025-03-21-at-11.09.02-750x563.jpeg 750w, https:\/\/atecordoba.org\/wp-content\/uploads\/2025\/03\/WhatsApp-Image-2025-03-21-at-11.09.02-1140x855.jpeg 1140w, https:\/\/atecordoba.org\/wp-content\/uploads\/2025\/03\/WhatsApp-Image-2025-03-21-at-11.09.02.jpeg 1600w\" sizes=\"auto, (max-width: 621px) 100vw, 621px\" \/>El pasado mi\u00e9rcoles 18 de marzo se realiz\u00f3 una Asamblea General de trabajadoras y trabajadores de la Secretar\u00eda de Trabajo del Ministerio de Capital Humano de la Naci\u00f3n, que resolvi\u00f3 declararse en estado de alerta, movilizaci\u00f3n y asamblea permanente ante el riesgo de nuevos despidos en el sector, frente a la falta de definiciones concretas de los funcionarios del \u00e1rea sobre las versiones de posibles cesant\u00edas en el organismo.<\/p>\n<p>En la sede central de Alem 650 hubo una importante presencia de compa\u00f1eros\/as de los edificios de Capital Federal y de compa\u00f1eros\/as de las Agencias Territoriales de C\u00f3rdoba, La Plata, Lan\u00fas, La Matanza y San Mart\u00edn, donde se definieron las acciones a llevar adelante en defensa de las pol\u00edticas p\u00fablicas de la STEySS y la plena continuidad de todos los puestos de trabajo.<\/p>\n<p>En representaci\u00f3n de C\u00f3rdoba estuvieron presentes el delegado Emiliano Navarro, la afiliada Barbara Barolat y el secretario Gremial del Consejo Directivo Provincial, Jorge Chalup. Posteriormente, las y los compa\u00f1eros participaron de la movilizaci\u00f3n al Congreso Nacional en defensa de las y los jubilados.<\/p>\n<p>\u201cNo hay normalidad posible en ning\u00fan sector del organismo, mientras corran riesgo los puestos de trabajo de nuestros compa\u00f1eros y compa\u00f1eras en todo el pa\u00eds\u201d, declar\u00f3 la asamblea, al tiempo que ratific\u00f3 la masiva participaci\u00f3n en el paro nacional del pr\u00f3ximo 27 de marzo.<\/p>\n<p>La medida de fuerza fue respuesta a una reuni\u00f3n que ATE mantuvo con anterioridad con el director de Articulaci\u00f3n Territorial de la Secretar\u00eda, Fernando Gervasi, donde nuestra organizaci\u00f3n plante\u00f3 la preocupaci\u00f3n por los posibles despidos de trabajadoras\/es (art 9 y Planta Permanente) de esta Secretar\u00eda, en base a la auditor\u00eda del Ministerio de Desregulaci\u00f3n de Federico Sturzenegger en Trabajo. El funcionario hab\u00eda realizado declaraciones acerca del supuesto sobredimencionamiento de las Agencias territoriales y las pol\u00edticas p\u00fablicas que necesariamente son nuestras herramientas de trabajo y atenci\u00f3n a poblaciones.<\/p>\n<p>Sobre ese punto, explicaron desde la Junta Interna ATE Trabajo a la asamblea, Gervasi plante\u00f3 que son las \u00e1reas sustantivas (Empleo y Trabajo) las que deben dar respuesta sobre las l\u00edneas de trabajo propiamente dichas, aunque tom\u00f3 el guante en referencia por la cantidad de trabajadoras\/es en agencias territoriales y que en el caso de un esquema de dotaci\u00f3n \u00f3ptima \u00e9l aplicar\u00eda su presunto \u201ccriterio de justicia\u201d, a asegurar que \u201cno paguen justos por pecadores\u201d (sic).<img loading=\"lazy\" decoding=\"async\" class=\"aligncenter wp-image-48088 \" src=\"https:\/\/atecordoba.org\/wp-content\/uploads\/2025\/03\/WhatsApp-Image-2025-03-21-at-11.09.03-1024x576.jpeg\" alt=\"\" width=\"626\" height=\"352\" \/><\/p>\n<p>Gervasi plante\u00f3 adem\u00e1s que habr\u00e1 cambios estructurales en \u00e1reas sustantivas (Trabajo &#8211; Empleo) buscando eximirse de responsabilidad, ante lo cual desde ATE se manifest\u00f3 la preocupaci\u00f3n de que las respuestas que podamos dar desde las agencias territoriales ante la demanda creciente\u00a0 est\u00e1 totalmente ligada a las decisiones pol\u00edticas de par\u00e1lisis de la Secretar\u00eda. Y \u00e9sta es una decisi\u00f3n pol\u00edtica que lleva al vaciamiento y la justificaci\u00f3n de los despidos.<\/p>\n<p>La Junta Interna aclar\u00f3 tambi\u00e9n que cada uno de sus comentarios fue discutido por las\/los delegados, gener\u00e1ndose tensi\u00f3n por momentos durante la audiencia, sobre todo en la caracterizaci\u00f3n del funcionario de trabajadores.<\/p>\n<p>En consecuencia, la asamblea resolvi\u00f3:<\/p>\n<p>-Rechazar la injerencia del Ministerio de Desregulaci\u00f3n y Transformaci\u00f3n del Estado en nuestro organismo, y exigir a la Ministra Sandra Petovello y al Secretario Julio Cordero que garanticen la continuidad laboral de todas\/os los trabajadores del organismo.<\/p>\n<p>-Participar masivamente de la movilizaci\u00f3n al Congreso en defensa de nuestros jubilados, que se realiz\u00f3 ese mismo mi\u00e9rcoles, exigiendo el aumento inmediato de las jubilaciones y la continuidad de la moratoria; y rechazar el nuevo acuerdo con el Fondo Monetario Internacional (FMI) impuesto por DNU.<\/p>\n<p>-Promover una masiva participaci\u00f3n en unidad en el Paro Nacional y movilizaci\u00f3n al Ministerio de Sturzenegger, convocado por nuestra ATE para el jueves 27 de marzo, en defensa los puestos de trabajo, el salario y todas las pol\u00edticas p\u00fablicas que est\u00e1n siendo atacadas por el gobierno de Milei.<\/p>\n","protected":false},"excerpt":{"rendered":"<p>El pasado mi\u00e9rcoles 18 de marzo se realiz\u00f3 una Asamblea General de trabajadoras y trabajadores de la Secretar\u00eda de Trabajo del Ministerio de Capital Humano de la Naci\u00f3n, que resolvi\u00f3 declararse en estado de alerta, movilizaci\u00f3n y asamblea permanente ante el riesgo de nuevos despidos en el sector, frente a la falta de definiciones concretas [&hellip;]<\/p>\n","protected":false},"author":7,"featured_media":48093,"comment_status":"open","ping_status":"open","sticky":false,"template":"","format":"standard","meta":{"_exactmetrics_skip_tracking":false,"_exactmetrics_sitenote_active":false,"_exactmetrics_sitenote_note":"","_exactmetrics_sitenote_category":0,"jnews-multi-image_gallery":[],"jnews_single_post":{"format":"standard","override":[{"template":"1","parallax":"1","fullscreen":"1","layout":"no-sidebar-narrow","sidebar":"default-sidebar","second_sidebar":"default-sidebar","sticky_sidebar":"1","share_position":"bottom","share_float_style":"share-monocrhome","show_share_counter":"1","show_view_counter":"1","show_post_meta":"1","show_post_author_image":"1","show_post_date":"1","post_date_format":"default","post_date_format_custom":"Y\/m\/d","show_post_category":"1","show_post_reading_time":"0","post_reading_time_wpm":"300","post_calculate_word_method":"str_word_count","show_zoom_button":"0","zoom_button_out_step":"2","zoom_button_in_step":"3","show_post_tag":"1","number_popup_post":"1","show_post_related":"1","show_inline_post_related":"0"}],"image_override":[{"single_post_thumbnail_size":"crop-500","single_post_gallery_size":"crop-500"}],"trending_post_position":"meta","trending_post_label":"Trending","sponsored_post_label":"Sponsored by","disable_ad":"0"},"jnews_primary_category":[],"jnews_social_meta":[],"jnews_review":[],"enable_review":"","type":"percentage","name":"","summary":"","brand":"","sku":"","good":[],"bad":[],"score_override":"","override_value":"","rating":[],"price":[],"jnews_override_counter":{"view_counter_number":"0","share_counter_number":"0","like_counter_number":"0","dislike_counter_number":"0"},"jnews_post_split":{"post_split":[{"template":"1","tag":"h2","numbering":"asc","mode":"normal","first":"0","enable_toc":"0","toc_type":"normal"}]},"footnotes":""},"categories":[18],"tags":[417,1254,164,1498],"class_list":["post-48086","post","type-post","status-publish","format-standard","has-post-thumbnail","hentry","category-nacionales","tag-ajuste","tag-argentina","tag-despidos","tag-estado-nacional-argentino"],"jetpack_featured_media_url":"https:\/\/atecordoba.org\/wp-content\/uploads\/2025\/03\/WhatsApp-Image-2025-03-21-at-11.09.03-1.jpeg","_links":{"self":[{"href":"https:\/\/atecordoba.org\/index.php?rest_route=\/wp\/v2\/posts\/48086","targetHints":{"allow":["GET"]}}],"collection":[{"href":"https:\/\/atecordoba.org\/index.php?rest_route=\/wp\/v2\/posts"}],"about":[{"href":"https:\/\/atecordoba.org\/index.php?rest_route=\/wp\/v2\/types\/post"}],"author":[{"embeddable":true,"href":"https:\/\/atecordoba.org\/index.php?rest_route=\/wp\/v2\/users\/7"}],"replies":[{"embeddable":true,"href":"https:\/\/atecordoba.org\/index.php?rest_route=%2Fwp%2Fv2%2Fcomments&post=48086"}],"version-history":[{"count":4,"href":"https:\/\/atecordoba.org\/index.php?rest_route=\/wp\/v2\/posts\/48086\/revisions"}],"predecessor-version":[{"id":48092,"href":"https:\/\/atecordoba.org\/index.php?rest_route=\/wp\/v2\/posts\/48086\/revisions\/48092"}],"wp:featuredmedia":[{"embeddable":true,"href":"https:\/\/atecordoba.org\/index.php?rest_route=\/wp\/v2\/media\/48093"}],"wp:attachment":[{"href":"https:\/\/atecordoba.org\/index.php?rest_route=%2Fwp%2Fv2%2Fmedia&parent=48086"}],"wp:term":[{"taxonomy":"category","embeddable":true,"href":"https:\/\/atecordoba.org\/index.php?rest_route=%2Fwp%2Fv2%2Fcategories&post=48086"},{"taxonomy":"post_tag","embeddable":true,"href":"https:\/\/atecordoba.org\/index.php?rest_route=%2Fwp%2Fv2%2Ftags&post=48086"}],"curies":[{"name":"wp","href":"https:\/\/api.w.org\/{rel}","templated":true}]}}