{"id":48081,"date":"2025-03-20T14:46:44","date_gmt":"2025-03-20T17:46:44","guid":{"rendered":"https:\/\/atecordoba.org\/?p=48081"},"modified":"2025-03-20T14:46:44","modified_gmt":"2025-03-20T17:46:44","slug":"salsipuedes-ate-logra-aumento-salarial-y-mantiene-el-bono-no-remunerativo-para-becarios-y-planta-permanente","status":"publish","type":"post","link":"https:\/\/atecordoba.org\/?p=48081","title":{"rendered":"Salsipuedes: ATE logra aumento salarial y mantiene el bono no remunerativo para becarios y planta permanente"},"content":{"rendered":"<p><img loading=\"lazy\" decoding=\"async\" class=\"aligncenter wp-image-48083 \" src=\"https:\/\/atecordoba.org\/wp-content\/uploads\/2025\/03\/WhatsApp-Image-2025-03-20-at-13.56.14-1-1.jpeg\" alt=\"\" width=\"603\" height=\"511\" \/><\/p>\n<p>En una audiencia paritaria celebrada hoy, ATE logr\u00f3 un acuerdo salarial que significar\u00e1 un aumento del 4% mensual para el trimestre febrero-marzo-abril.<\/p>\n<p>La paritaria se cerr\u00f3 tras una ardua negociaci\u00f3n que incluy\u00f3 cinco reuniones entre la representaci\u00f3n sindical y el Departamento Ejecutivo. Por ATE estuvieron presentes los delegados municipales Luis Tapia y Vladimir Su\u00e1rez.<\/p>\n<p>El acuerdo incluye mantener la bonificaci\u00f3n no remunerativa de 28600, como monto fijo pesos para todo el personal de planta y los becarios, y un aumento de 10 mil pesos para el \u00edtem salarial &#8220;refrigerio&#8221;.<\/p>\n<p>De esta forma, el salario inicial para la categor\u00eda 1 se establece en 528 mil pesos, sin contar \u00edtems como presentismo y puntualidad, adicionales, nivel de estudios completados, etc.<\/p>\n<p>&#8220;Si bien no es el mejor acuerdo, logramos el compromiso de reabrir la paritaria en junio con el objetivo de seguir mejorando los ingresos de las y los compa\u00f1eros de Salsipuedes&#8221;, resumieron los delegados al finalizar la reuni\u00f3n.<\/p>\n<p>&nbsp;<\/p>\n","protected":false},"excerpt":{"rendered":"<p>En una audiencia paritaria celebrada hoy, ATE logr\u00f3 un acuerdo salarial que significar\u00e1 un aumento del 4% mensual para el trimestre febrero-marzo-abril. La paritaria se cerr\u00f3 tras una ardua negociaci\u00f3n que incluy\u00f3 cinco reuniones entre la representaci\u00f3n sindical y el Departamento Ejecutivo. Por ATE estuvieron presentes los delegados municipales Luis Tapia y Vladimir Su\u00e1rez. El [&hellip;]<\/p>\n","protected":false},"author":7,"featured_media":48083,"comment_status":"open","ping_status":"open","sticky":false,"template":"","format":"standard","meta":{"_exactmetrics_skip_tracking":false,"_exactmetrics_sitenote_active":false,"_exactmetrics_sitenote_note":"","_exactmetrics_sitenote_category":0,"jnews-multi-image_gallery":[],"jnews_single_post":{"format":"standard","override":[{"template":"1","parallax":"1","fullscreen":"1","layout":"no-sidebar-narrow","sidebar":"default-sidebar","second_sidebar":"default-sidebar","sticky_sidebar":"1","share_position":"bottom","share_float_style":"share-monocrhome","show_share_counter":"1","show_view_counter":"1","show_post_meta":"1","show_post_author_image":"1","show_post_date":"1","post_date_format":"default","post_date_format_custom":"Y\/m\/d","show_post_category":"1","show_post_reading_time":"0","post_reading_time_wpm":"300","post_calculate_word_method":"str_word_count","show_zoom_button":"0","zoom_button_out_step":"2","zoom_button_in_step":"3","show_post_tag":"1","number_popup_post":"1","show_post_related":"1","show_inline_post_related":"0"}],"image_override":[{"single_post_thumbnail_size":"crop-500","single_post_gallery_size":"crop-500"}],"trending_post_position":"meta","trending_post_label":"Trending","sponsored_post_label":"Sponsored by","disable_ad":"0"},"jnews_primary_category":[],"jnews_social_meta":[],"jnews_review":[],"enable_review":"","type":"percentage","name":"","summary":"","brand":"","sku":"","good":[],"bad":[],"score_override":"","override_value":"","rating":[],"price":[],"jnews_override_counter":{"view_counter_number":"0","share_counter_number":"0","like_counter_number":"0","dislike_counter_number":"0"},"jnews_post_split":{"post_split":[{"template":"1","tag":"h2","numbering":"asc","mode":"normal","first":"0","enable_toc":"0","toc_type":"normal"}]},"footnotes":""},"categories":[20],"tags":[],"class_list":["post-48081","post","type-post","status-publish","format-standard","has-post-thumbnail","hentry","category-municipales"],"jetpack_featured_media_url":"https:\/\/atecordoba.org\/wp-content\/uploads\/2025\/03\/WhatsApp-Image-2025-03-20-at-13.56.14-1-1-e1742492772511.jpeg","_links":{"self":[{"href":"https:\/\/atecordoba.org\/index.php?rest_route=\/wp\/v2\/posts\/48081","targetHints":{"allow":["GET"]}}],"collection":[{"href":"https:\/\/atecordoba.org\/index.php?rest_route=\/wp\/v2\/posts"}],"about":[{"href":"https:\/\/atecordoba.org\/index.php?rest_route=\/wp\/v2\/types\/post"}],"author":[{"embeddable":true,"href":"https:\/\/atecordoba.org\/index.php?rest_route=\/wp\/v2\/users\/7"}],"replies":[{"embeddable":true,"href":"https:\/\/atecordoba.org\/index.php?rest_route=%2Fwp%2Fv2%2Fcomments&post=48081"}],"version-history":[{"count":1,"href":"https:\/\/atecordoba.org\/index.php?rest_route=\/wp\/v2\/posts\/48081\/revisions"}],"predecessor-version":[{"id":48084,"href":"https:\/\/atecordoba.org\/index.php?rest_route=\/wp\/v2\/posts\/48081\/revisions\/48084"}],"wp:featuredmedia":[{"embeddable":true,"href":"https:\/\/atecordoba.org\/index.php?rest_route=\/wp\/v2\/media\/48083"}],"wp:attachment":[{"href":"https:\/\/atecordoba.org\/index.php?rest_route=%2Fwp%2Fv2%2Fmedia&parent=48081"}],"wp:term":[{"taxonomy":"category","embeddable":true,"href":"https:\/\/atecordoba.org\/index.php?rest_route=%2Fwp%2Fv2%2Fcategories&post=48081"},{"taxonomy":"post_tag","embeddable":true,"href":"https:\/\/atecordoba.org\/index.php?rest_route=%2Fwp%2Fv2%2Ftags&post=48081"}],"curies":[{"name":"wp","href":"https:\/\/api.w.org\/{rel}","templated":true}]}}