{"id":48074,"date":"2025-03-20T10:37:59","date_gmt":"2025-03-20T13:37:59","guid":{"rendered":"https:\/\/atecordoba.org\/?p=48074"},"modified":"2025-03-20T13:01:12","modified_gmt":"2025-03-20T16:01:12","slug":"personal-civil-de-las-ff-aa-abrazo-solidario-al-liceo-general-paz-por-los-bajos-salarios","status":"publish","type":"post","link":"https:\/\/atecordoba.org\/?p=48074","title":{"rendered":"Personal Civil de las FF.AA.: Abrazo solidario al Liceo General Paz por los bajos salarios"},"content":{"rendered":"<p><img loading=\"lazy\" decoding=\"async\" class=\"aligncenter wp-image-48075 size-full\" src=\"https:\/\/atecordoba.org\/wp-content\/uploads\/2025\/03\/WhatsApp-Image-2025-03-20-at-09.30.53.jpeg\" alt=\"\" width=\"478\" height=\"425\" srcset=\"https:\/\/atecordoba.org\/wp-content\/uploads\/2025\/03\/WhatsApp-Image-2025-03-20-at-09.30.53.jpeg 478w, https:\/\/atecordoba.org\/wp-content\/uploads\/2025\/03\/WhatsApp-Image-2025-03-20-at-09.30.53-300x267.jpeg 300w\" sizes=\"auto, (max-width: 478px) 100vw, 478px\" \/><\/p>\n<p>Una asamblea de trabajadoras y trabajadores docentes civiles del Liceo Militar General Paz resolvi\u00f3 realizar hoy a las 18 horas un abrazo solidario a la sede de la instituci\u00f3n educativa, en reclamo de una mejora salarial.<\/p>\n<p>El personal solicita en principio una equiparaci\u00f3n con los haberes de otros centros educativos: a la fecha llevan un acumulado de 120 % de diferencia salarial a la baja comparado con\u00a0 CABA\u00a0 y provincia de Buenos Aires y un 60% menos que sus pares en la provincia de C\u00f3rdoba.<\/p>\n<p>En ese marco, ATE hab\u00eda mantenido una reuni\u00f3n con el Director Nacional de Formaci\u00f3n, Emilio Vilari\u00f1o, para ponerlo al tanto de la Situaci\u00f3n de cada Jurisdicci\u00f3n y se busque una soluci\u00f3n al tema. Por otro lado se le solicito reuni\u00f3n al Ministerio de defensa en febrero, y obtener respuesta hasta el momento.<\/p>\n<p>A la falta de atenci\u00f3n positiva y en consonancia con los Liceos de todo el pa\u00eds, los trabajadores\/as del Liceo C\u00f3rdoba, se organizan para dar la lucha y ser escuchados.<\/p>\n<p>El abrazo solidario forma parte de un plan de lucha en protesta a no ser escuchados.<\/p>\n<p>\u201c Las trabajadoras docentes se encuentran con salarios por debajo del costo de la canasta b\u00e1sica, esto las lleva a tener que trabajar en otros lugares para poder cubrir sus gastos de familia. Desde ATE acompa\u00f1amos al cuerpo docente y nos ponemos al frente de la lucha para que ning\u00fan trabajador este bajo la l\u00ednea de la pobreza. Nos encontramos con docentes que pasan m\u00e1s de 12 horas por d\u00eda en su lugar de trabajo, ya sea porque necesitan sumar horas docentes o cubriendo cargos de docentes que renunciaron por mejor propuesta laboral en la educaci\u00f3n privada\u201d, resumi\u00f3 el secretario de Organizaci\u00f3n del Consejo Directivo Provincial, Javier Bracamonte.<\/p>\n","protected":false},"excerpt":{"rendered":"<p>Una asamblea de trabajadoras y trabajadores docentes civiles del Liceo Militar General Paz resolvi\u00f3 realizar hoy a las 18 horas un abrazo solidario a la sede de la instituci\u00f3n educativa, en reclamo de una mejora salarial. El personal solicita en principio una equiparaci\u00f3n con los haberes de otros centros educativos: a la fecha llevan un [&hellip;]<\/p>\n","protected":false},"author":7,"featured_media":48075,"comment_status":"open","ping_status":"open","sticky":false,"template":"","format":"standard","meta":{"_exactmetrics_skip_tracking":false,"_exactmetrics_sitenote_active":false,"_exactmetrics_sitenote_note":"","_exactmetrics_sitenote_category":0,"jnews-multi-image_gallery":[],"jnews_single_post":{"format":"standard","override":[{"template":"1","parallax":"1","fullscreen":"1","layout":"no-sidebar-narrow","sidebar":"default-sidebar","second_sidebar":"default-sidebar","sticky_sidebar":"1","share_position":"bottom","share_float_style":"share-monocrhome","show_share_counter":"1","show_view_counter":"1","show_post_meta":"1","show_post_author_image":"1","show_post_date":"1","post_date_format":"default","post_date_format_custom":"Y\/m\/d","show_post_category":"1","show_post_reading_time":"0","post_reading_time_wpm":"300","post_calculate_word_method":"str_word_count","show_zoom_button":"0","zoom_button_out_step":"2","zoom_button_in_step":"3","show_post_tag":"1","number_popup_post":"1","show_post_related":"1","show_inline_post_related":"0"}],"image_override":[{"single_post_thumbnail_size":"crop-500","single_post_gallery_size":"crop-500"}],"trending_post_position":"meta","trending_post_label":"Trending","sponsored_post_label":"Sponsored by","disable_ad":"0"},"jnews_primary_category":[],"jnews_social_meta":[],"jnews_review":[],"enable_review":"","type":"percentage","name":"","summary":"","brand":"","sku":"","good":[],"bad":[],"score_override":"","override_value":"","rating":[],"price":[],"jnews_override_counter":{"view_counter_number":"0","share_counter_number":"0","like_counter_number":"0","dislike_counter_number":"0"},"jnews_post_split":{"post_split":[{"template":"1","tag":"h2","numbering":"asc","mode":"normal","first":"0","enable_toc":"0","toc_type":"normal"}]},"footnotes":""},"categories":[18],"tags":[],"class_list":["post-48074","post","type-post","status-publish","format-standard","has-post-thumbnail","hentry","category-nacionales"],"jetpack_featured_media_url":"https:\/\/atecordoba.org\/wp-content\/uploads\/2025\/03\/WhatsApp-Image-2025-03-20-at-09.30.53.jpeg","_links":{"self":[{"href":"https:\/\/atecordoba.org\/index.php?rest_route=\/wp\/v2\/posts\/48074","targetHints":{"allow":["GET"]}}],"collection":[{"href":"https:\/\/atecordoba.org\/index.php?rest_route=\/wp\/v2\/posts"}],"about":[{"href":"https:\/\/atecordoba.org\/index.php?rest_route=\/wp\/v2\/types\/post"}],"author":[{"embeddable":true,"href":"https:\/\/atecordoba.org\/index.php?rest_route=\/wp\/v2\/users\/7"}],"replies":[{"embeddable":true,"href":"https:\/\/atecordoba.org\/index.php?rest_route=%2Fwp%2Fv2%2Fcomments&post=48074"}],"version-history":[{"count":1,"href":"https:\/\/atecordoba.org\/index.php?rest_route=\/wp\/v2\/posts\/48074\/revisions"}],"predecessor-version":[{"id":48076,"href":"https:\/\/atecordoba.org\/index.php?rest_route=\/wp\/v2\/posts\/48074\/revisions\/48076"}],"wp:featuredmedia":[{"embeddable":true,"href":"https:\/\/atecordoba.org\/index.php?rest_route=\/wp\/v2\/media\/48075"}],"wp:attachment":[{"href":"https:\/\/atecordoba.org\/index.php?rest_route=%2Fwp%2Fv2%2Fmedia&parent=48074"}],"wp:term":[{"taxonomy":"category","embeddable":true,"href":"https:\/\/atecordoba.org\/index.php?rest_route=%2Fwp%2Fv2%2Fcategories&post=48074"},{"taxonomy":"post_tag","embeddable":true,"href":"https:\/\/atecordoba.org\/index.php?rest_route=%2Fwp%2Fv2%2Ftags&post=48074"}],"curies":[{"name":"wp","href":"https:\/\/api.w.org\/{rel}","templated":true}]}}