{"id":4807,"date":"2014-11-18T18:45:05","date_gmt":"2014-11-18T21:45:05","guid":{"rendered":"http:\/\/www.atecordoba.org\/?p=4807"},"modified":"2014-11-18T18:45:05","modified_gmt":"2014-11-18T21:45:05","slug":"ate-presente-en-el-juicio-a-los-estatales-santacrucenos","status":"publish","type":"post","link":"https:\/\/atecordoba.org\/?p=4807","title":{"rendered":"ATE, presente en el juicio a los estatales santacruce\u00f1os"},"content":{"rendered":"<p><em>En\u00a02013 los estatales santacruce\u00f1os protagonizaban una pelea por aumento salarial y el fin de la precarizaci\u00f3n laboral, llevando adelante medidas de fuerza que eran ignoradas por el Ejecutivo provincial. En ese contexto se produjo el incendio de un edificio p\u00fablico, hecho que fue utilizado como excusa para perseguir y detener a los compa\u00f1eros que peleaban por sus derechos.\u00a0Ernesto Apendino, Diego Reyes, Juan Jos\u00e9 Vera, Alberto Arteaga y Patricia Ben\u00edtez son los trabajadores y paritarios de ATE, detenidos arbitrariamente.<\/em><\/p>\n<p><a href=\"http:\/\/www.atecordoba.org\/wp-content\/uploads\/2014\/11\/santa-cruz.jpg\"><img loading=\"lazy\" decoding=\"async\" class=\"aligncenter  wp-image-4808\" src=\"http:\/\/www.atecordoba.org\/wp-content\/uploads\/2014\/11\/santa-cruz.jpg\" alt=\"santa cruz\" width=\"507\" height=\"380\" \/><\/a><\/p>\n<p><span style=\"font-style: inherit; font-weight: inherit;\">Estuvo presente tambi\u00e9n el Secretario General de la Asociaci\u00f3n Trabajadores del Estado (ATE), Julio Fuentes, quien record\u00f3 que por haber negado la excarcelaci\u00f3n de los compa\u00f1eros: \u201ctambi\u00e9n castigaron a sus familias, quienes desde hace un a\u00f1o no perciben m\u00e1s el salario\u201d.<\/span><\/p>\n<p><span style=\"font-style: inherit; font-weight: inherit;\"><span style=\"font-style: inherit; font-weight: inherit;\">\u201cLe queremos decir a la justicia de Santa Cruz que es en la interna del Frente para la Victoria donde se encuentra la explicaci\u00f3n de lo que ocurri\u00f3 tanto en Las Heras como con los 5 compa\u00f1eros presos de ATE\u201d, agreg\u00f3 el dirigente estatal.<\/span><\/span><\/p>\n<p><span style=\"font-style: inherit; font-weight: inherit;\"><span style=\"font-style: inherit; font-weight: inherit;\">Finalmente, Julio Fuentes agradeci\u00f3 a todas las organizaciones por acompa\u00f1ar esta lucha: \u201cQuieren juzgarlos y est\u00e1n detenidos mientras la justicia no tiene ni una sola prueba en su contra\u201d. Adem\u00e1s, el titular de ATE afirm\u00f3 que \u201cen estas condiciones el Estado tiene a estos trabajadores como secuestradores, es una infamia\u201d.<\/span><\/span><\/p>\n<p><span style=\"font-style: inherit; font-weight: inherit;\"><span style=\"font-style: inherit; font-weight: inherit;\">La justicia de Santa Cruz deneg\u00f3 sistem\u00e1ticamente la excarcelaci\u00f3n, ignorando todo principio moral y jur\u00eddico de la Constituci\u00f3n Nacional y de la Convenci\u00f3n Internacional de Derechos Humanos, en este caso tratando de criminalizar la protesta social.<\/span><\/span><\/p>\n","protected":false},"excerpt":{"rendered":"<p>En\u00a02013 los estatales santacruce\u00f1os protagonizaban una pelea por aumento salarial y el fin de la precarizaci\u00f3n laboral, llevando adelante medidas de fuerza que eran ignoradas por el Ejecutivo provincial. En ese contexto se produjo el incendio de un edificio p\u00fablico, hecho que fue utilizado como excusa para perseguir y detener a los compa\u00f1eros que peleaban [&hellip;]<\/p>\n","protected":false},"author":1,"featured_media":19220,"comment_status":"open","ping_status":"open","sticky":false,"template":"","format":"standard","meta":{"_exactmetrics_skip_tracking":false,"_exactmetrics_sitenote_active":false,"_exactmetrics_sitenote_note":"","_exactmetrics_sitenote_category":0,"jnews-multi-image_gallery":[],"jnews_single_post":[],"jnews_primary_category":[],"jnews_social_meta":[],"jnews_review":[],"enable_review":"","type":"","name":"","summary":"","brand":"","sku":"","good":[],"bad":[],"score_override":"","override_value":"","rating":[],"price":[],"jnews_override_counter":[],"jnews_post_split":[],"footnotes":""},"categories":[18],"tags":[],"class_list":["post-4807","post","type-post","status-publish","format-standard","has-post-thumbnail","hentry","category-nacionales"],"jetpack_featured_media_url":"https:\/\/atecordoba.org\/wp-content\/uploads\/2020\/05\/logo-nuevochico-e1561581322808.png","_links":{"self":[{"href":"https:\/\/atecordoba.org\/index.php?rest_route=\/wp\/v2\/posts\/4807","targetHints":{"allow":["GET"]}}],"collection":[{"href":"https:\/\/atecordoba.org\/index.php?rest_route=\/wp\/v2\/posts"}],"about":[{"href":"https:\/\/atecordoba.org\/index.php?rest_route=\/wp\/v2\/types\/post"}],"author":[{"embeddable":true,"href":"https:\/\/atecordoba.org\/index.php?rest_route=\/wp\/v2\/users\/1"}],"replies":[{"embeddable":true,"href":"https:\/\/atecordoba.org\/index.php?rest_route=%2Fwp%2Fv2%2Fcomments&post=4807"}],"version-history":[{"count":0,"href":"https:\/\/atecordoba.org\/index.php?rest_route=\/wp\/v2\/posts\/4807\/revisions"}],"wp:featuredmedia":[{"embeddable":true,"href":"https:\/\/atecordoba.org\/index.php?rest_route=\/wp\/v2\/media\/19220"}],"wp:attachment":[{"href":"https:\/\/atecordoba.org\/index.php?rest_route=%2Fwp%2Fv2%2Fmedia&parent=4807"}],"wp:term":[{"taxonomy":"category","embeddable":true,"href":"https:\/\/atecordoba.org\/index.php?rest_route=%2Fwp%2Fv2%2Fcategories&post=4807"},{"taxonomy":"post_tag","embeddable":true,"href":"https:\/\/atecordoba.org\/index.php?rest_route=%2Fwp%2Fv2%2Ftags&post=4807"}],"curies":[{"name":"wp","href":"https:\/\/api.w.org\/{rel}","templated":true}]}}