{"id":48061,"date":"2025-03-20T10:01:11","date_gmt":"2025-03-20T13:01:11","guid":{"rendered":"https:\/\/atecordoba.org\/?p=48061"},"modified":"2025-03-20T12:19:15","modified_gmt":"2025-03-20T15:19:15","slug":"semana-de-la-memoria-son-30-000-imagenes-contra-el-olvido","status":"publish","type":"post","link":"https:\/\/atecordoba.org\/?p=48061","title":{"rendered":"Semana de la Memoria: Son 30.000, im\u00e1genes contra el olvido"},"content":{"rendered":"<p class=\"has-text-align-justify\"><img loading=\"lazy\" decoding=\"async\" class=\"aligncenter wp-image-48062 \" src=\"https:\/\/atecordoba.org\/wp-content\/uploads\/2025\/03\/WhatsApp-Image-2025-03-19-at-14.41.36-1024x769.jpeg\" alt=\"\" width=\"634\" height=\"476\" \/>Fotograf\u00edas originales e intervenidas. Siluetas y murales que fueron usados a lo largo de estos 46 a\u00f1os para poner en presencia a las personas desaparecidas por el Terrorismo de Estado en Argentina. Im\u00e1genes, testimonios que sobreviven y potencian a\u00f1o tras a\u00f1o con nuevos significados.<\/p>\n<p class=\"has-text-align-justify\"><strong>En el marco del D\u00eda Nacional de la Memoria por la Verdad y la Justicia <\/strong>que conmemora el \u00faltimo golpe de Estado, que instal\u00f3 la dictadura militar en 1976, la Secretaria de Prensa y Comunicaci\u00f3n del Consejo Directivo Provincial, inauguran esta muestra en homenaje a la militancia por los Derechos Humanos, junto al resto de las secretar\u00edas que coordinan actividades sobre el #24M.<\/p>\n<div id='gallery_1' class='gallery galleryid-48061 gallery-columns-3 gallery-size-thumbnail'><figure class='gallery-item'>\n                <div class='gallery-icon landscape'>\n                    <a href='https:\/\/atecordoba.org\/wp-content\/uploads\/2025\/03\/WhatsApp-Image-2025-03-19-at-14.41.32-scaled.jpeg'><img loading=\"lazy\" decoding=\"async\" width=\"150\" height=\"150\" src=\"\" class=\"attachment-thumbnail size-thumbnail lazyload\" alt=\"\" data-src=\"https:\/\/atecordoba.org\/wp-content\/uploads\/2025\/03\/WhatsApp-Image-2025-03-19-at-14.41.32-150x150.jpeg\" data-sizes=\"auto\" data-srcset=\"https:\/\/atecordoba.org\/wp-content\/uploads\/2025\/03\/WhatsApp-Image-2025-03-19-at-14.41.32-150x150.jpeg 150w, https:\/\/atecordoba.org\/wp-content\/uploads\/2025\/03\/WhatsApp-Image-2025-03-19-at-14.41.32-560x560.jpeg 560w, https:\/\/atecordoba.org\/wp-content\/uploads\/2025\/03\/WhatsApp-Image-2025-03-19-at-14.41.32-75x75.jpeg 75w, https:\/\/atecordoba.org\/wp-content\/uploads\/2025\/03\/WhatsApp-Image-2025-03-19-at-14.41.32-350x350.jpeg 350w\" data-expand=\"700\" \/><\/a>\n                <\/div><\/figure><figure class='gallery-item'>\n                <div class='gallery-icon landscape'>\n                    <a href='https:\/\/atecordoba.org\/wp-content\/uploads\/2025\/03\/WhatsApp-Image-2025-03-19-at-14.41.35-2-scaled.jpeg'><img loading=\"lazy\" decoding=\"async\" width=\"150\" height=\"150\" src=\"\" class=\"attachment-thumbnail size-thumbnail lazyload\" alt=\"\" data-src=\"https:\/\/atecordoba.org\/wp-content\/uploads\/2025\/03\/WhatsApp-Image-2025-03-19-at-14.41.35-2-150x150.jpeg\" data-sizes=\"auto\" data-srcset=\"https:\/\/atecordoba.org\/wp-content\/uploads\/2025\/03\/WhatsApp-Image-2025-03-19-at-14.41.35-2-150x150.jpeg 150w, https:\/\/atecordoba.org\/wp-content\/uploads\/2025\/03\/WhatsApp-Image-2025-03-19-at-14.41.35-2-560x560.jpeg 560w, https:\/\/atecordoba.org\/wp-content\/uploads\/2025\/03\/WhatsApp-Image-2025-03-19-at-14.41.35-2-75x75.jpeg 75w, https:\/\/atecordoba.org\/wp-content\/uploads\/2025\/03\/WhatsApp-Image-2025-03-19-at-14.41.35-2-350x350.jpeg 350w\" data-expand=\"700\" \/><\/a>\n                <\/div><\/figure><figure class='gallery-item'>\n                <div class='gallery-icon landscape'>\n                    <a href='https:\/\/atecordoba.org\/wp-content\/uploads\/2025\/03\/WhatsApp-Image-2025-03-19-at-14.41.31-scaled.jpeg'><img loading=\"lazy\" decoding=\"async\" width=\"150\" height=\"150\" src=\"\" class=\"attachment-thumbnail size-thumbnail lazyload\" alt=\"\" data-src=\"https:\/\/atecordoba.org\/wp-content\/uploads\/2025\/03\/WhatsApp-Image-2025-03-19-at-14.41.31-150x150.jpeg\" data-sizes=\"auto\" data-srcset=\"https:\/\/atecordoba.org\/wp-content\/uploads\/2025\/03\/WhatsApp-Image-2025-03-19-at-14.41.31-150x150.jpeg 150w, https:\/\/atecordoba.org\/wp-content\/uploads\/2025\/03\/WhatsApp-Image-2025-03-19-at-14.41.31-560x560.jpeg 560w, https:\/\/atecordoba.org\/wp-content\/uploads\/2025\/03\/WhatsApp-Image-2025-03-19-at-14.41.31-75x75.jpeg 75w, https:\/\/atecordoba.org\/wp-content\/uploads\/2025\/03\/WhatsApp-Image-2025-03-19-at-14.41.31-350x350.jpeg 350w\" data-expand=\"700\" \/><\/a>\n                <\/div><\/figure><br style=\"clear: both\" \/>\n            <\/div>\n\n<p>Con fotos aportadas a la muestra por el Departamento de Cultura de ATE Nacional, el auditorio H\u00e9ctor La Perra Castro recibi\u00f3 ayer en sus paredes una muestra fotogr\u00e1fica de indudable calidad y talento, que registra momentos de la historia de la lucha por los DDHH en Argentina.<\/p>\n<p>En el montaje de la muestra debe mencionarse a la Secretar\u00eda de Organizaci\u00f3n, junto a Camila Acu\u00f1a y Federico Sander, delegadas\/os de ATE en la Secretar\u00eda de Cultura de la naci\u00f3n en la provincia.<\/p>\n<p>&#8220;Esta muestra buscar mantener presentes a los 30 mil, como venimos sosteniendo desde hace 49 a\u00f1os. Con im\u00e1genes de compa\u00f1eras y compa\u00f1eros que siempre est\u00e1n presentes en cada marcha de ATE y de la CTAA, retratando e inmortalizando aquellos momentos en que estamos defendiendo derechos. Destacamos que esta muestra se inaugur\u00f3 en homenaje a esos 30 mil compa\u00f1eros, as\u00ed como en homenaje tambi\u00e9n al fot\u00f3grafo Pablo Grillo, reconociendo en su figura a todas y todos los fotoreporteros que permiten mantener viva la memoria e informando la verdad de lo que sucede&#8221;, resumi\u00f3 la secretaria de Prensa de ATE C\u00f3rdoba, Julia Giuliani.<\/p>\n<p><strong>Registro hist\u00f3rico<\/strong><\/p>\n<p>Desde el inicio mismo de la \u00faltima dictadura c\u00edvico-militar los familiares de los detenidos desaparecidos realizaron distintas acciones con el fin de conocer el destino de sus hijos, hermanos, padres, etc. Presentaron habeas corpus, publicaron solicitadas en la prensa peri\u00f3dica y recurrieron a dependencias estatales con el fin de buscar alguna informaci\u00f3n que les permitiera conocer el paradero de su familiar. Uno de los recursos utilizados en aquella b\u00fasqueda inicial, fueron las fotograf\u00edas.<\/p>\n<div id='gallery_2' class='gallery galleryid-48061 gallery-columns-3 gallery-size-thumbnail'><figure class='gallery-item'>\n                <div class='gallery-icon landscape'>\n                    <a href='https:\/\/atecordoba.org\/wp-content\/uploads\/2025\/03\/WhatsApp-Image-2025-03-19-at-14.41.37-scaled.jpeg'><img loading=\"lazy\" decoding=\"async\" width=\"150\" height=\"150\" src=\"\" class=\"attachment-thumbnail size-thumbnail lazyload\" alt=\"\" data-src=\"https:\/\/atecordoba.org\/wp-content\/uploads\/2025\/03\/WhatsApp-Image-2025-03-19-at-14.41.37-150x150.jpeg\" data-sizes=\"auto\" data-srcset=\"https:\/\/atecordoba.org\/wp-content\/uploads\/2025\/03\/WhatsApp-Image-2025-03-19-at-14.41.37-150x150.jpeg 150w, https:\/\/atecordoba.org\/wp-content\/uploads\/2025\/03\/WhatsApp-Image-2025-03-19-at-14.41.37-560x560.jpeg 560w, https:\/\/atecordoba.org\/wp-content\/uploads\/2025\/03\/WhatsApp-Image-2025-03-19-at-14.41.37-75x75.jpeg 75w, https:\/\/atecordoba.org\/wp-content\/uploads\/2025\/03\/WhatsApp-Image-2025-03-19-at-14.41.37-350x350.jpeg 350w\" data-expand=\"700\" \/><\/a>\n                <\/div><\/figure><figure class='gallery-item'>\n                <div class='gallery-icon portrait'>\n                    <a href='https:\/\/atecordoba.org\/wp-content\/uploads\/2025\/03\/WhatsApp-Image-2025-03-19-at-14.41.33-1-scaled.jpeg'><img loading=\"lazy\" decoding=\"async\" width=\"150\" height=\"150\" src=\"\" class=\"attachment-thumbnail size-thumbnail lazyload\" alt=\"\" data-src=\"https:\/\/atecordoba.org\/wp-content\/uploads\/2025\/03\/WhatsApp-Image-2025-03-19-at-14.41.33-1-150x150.jpeg\" data-sizes=\"auto\" data-srcset=\"https:\/\/atecordoba.org\/wp-content\/uploads\/2025\/03\/WhatsApp-Image-2025-03-19-at-14.41.33-1-150x150.jpeg 150w, https:\/\/atecordoba.org\/wp-content\/uploads\/2025\/03\/WhatsApp-Image-2025-03-19-at-14.41.33-1-560x560.jpeg 560w, https:\/\/atecordoba.org\/wp-content\/uploads\/2025\/03\/WhatsApp-Image-2025-03-19-at-14.41.33-1-75x75.jpeg 75w, https:\/\/atecordoba.org\/wp-content\/uploads\/2025\/03\/WhatsApp-Image-2025-03-19-at-14.41.33-1-350x350.jpeg 350w\" data-expand=\"700\" \/><\/a>\n                <\/div><\/figure><figure class='gallery-item'>\n                <div class='gallery-icon portrait'>\n                    <a href='https:\/\/atecordoba.org\/wp-content\/uploads\/2025\/03\/WhatsApp-Image-2025-03-19-at-14.41.36-2-scaled.jpeg'><img loading=\"lazy\" decoding=\"async\" width=\"150\" height=\"150\" src=\"\" class=\"attachment-thumbnail size-thumbnail lazyload\" alt=\"\" data-src=\"https:\/\/atecordoba.org\/wp-content\/uploads\/2025\/03\/WhatsApp-Image-2025-03-19-at-14.41.36-2-150x150.jpeg\" data-sizes=\"auto\" data-srcset=\"https:\/\/atecordoba.org\/wp-content\/uploads\/2025\/03\/WhatsApp-Image-2025-03-19-at-14.41.36-2-150x150.jpeg 150w, https:\/\/atecordoba.org\/wp-content\/uploads\/2025\/03\/WhatsApp-Image-2025-03-19-at-14.41.36-2-560x560.jpeg 560w, https:\/\/atecordoba.org\/wp-content\/uploads\/2025\/03\/WhatsApp-Image-2025-03-19-at-14.41.36-2-75x75.jpeg 75w, https:\/\/atecordoba.org\/wp-content\/uploads\/2025\/03\/WhatsApp-Image-2025-03-19-at-14.41.36-2-350x350.jpeg 350w\" data-expand=\"700\" \/><\/a>\n                <\/div><\/figure><br style=\"clear: both\" \/>\n            <\/div>\n\n<p>\u00bfCu\u00e1les fueron las fotos escogidas? Aquellas en las que el rostro se pod\u00eda visibilizar con claridad, por ejemplo, las fotos carnet que hab\u00edan sido sacadas para certificaciones oficiales tales como documentos y\/o c\u00e9dulas de identidad. Constitu\u00edan un recurso para demostrar que aquellos por los que se reclamaba realmente exist\u00edan. Su foto era constancia de vida. Las fotograf\u00edas no solo se utilizaron para denunciar la desaparici\u00f3n de personas ante dependencias estatales sino tambi\u00e9n para reclamar en espacios p\u00fablicos. As\u00ed puede observarse en la movilizaci\u00f3n en Plaza de Mayo de 1983, en la emblem\u00e1tica foto de Daniel Garc\u00eda.<\/p>\n<p>Las fotos expuestas son de las\/los compa\u00f1eros Fabi\u00e1n Piedras, Paloma Garc\u00eda y Luciano Di Costanzo.<\/p>\n<p>El uso de las fotograf\u00edas en manifestaciones tiene continuidad hasta nuestros d\u00edas. Un ejemplo es la marcha que los organismos de DDHH, acompa\u00f1ados por organizaciones sociales, sindicales y pol\u00edticas y gran parte de la sociedad que no est\u00e1 organizada, realizan cada 24 de marzo. Los organismos entran a la Plaza de Mayo con una extensa bandera con las fotos de los desaparecidos, esas mismas fotos carnet que los familiares acercaron a las Madres. La bandera como soporte y los rostros como contenido tienen un prop\u00f3sito a favor de la memoria y contra los genocidios.<\/p>\n<p>La muestra fotogr\u00e1fica &#8220;Im\u00e1genes contra el Olvido&#8221; estar\u00e1 abierta al p\u00fablico todos los d\u00edas, de 9 a 15 horas.<\/p>\n<div id='gallery_3' class='gallery galleryid-48061 gallery-columns-3 gallery-size-thumbnail'><figure class='gallery-item'>\n                <div class='gallery-icon landscape'>\n                    <a href='https:\/\/atecordoba.org\/wp-content\/uploads\/2025\/03\/WhatsApp-Image-2025-03-19-at-14.41.34-1-scaled.jpeg'><img loading=\"lazy\" decoding=\"async\" width=\"150\" height=\"150\" src=\"\" class=\"attachment-thumbnail size-thumbnail lazyload\" alt=\"\" data-src=\"https:\/\/atecordoba.org\/wp-content\/uploads\/2025\/03\/WhatsApp-Image-2025-03-19-at-14.41.34-1-150x150.jpeg\" data-sizes=\"auto\" data-srcset=\"https:\/\/atecordoba.org\/wp-content\/uploads\/2025\/03\/WhatsApp-Image-2025-03-19-at-14.41.34-1-150x150.jpeg 150w, https:\/\/atecordoba.org\/wp-content\/uploads\/2025\/03\/WhatsApp-Image-2025-03-19-at-14.41.34-1-560x560.jpeg 560w, https:\/\/atecordoba.org\/wp-content\/uploads\/2025\/03\/WhatsApp-Image-2025-03-19-at-14.41.34-1-75x75.jpeg 75w, https:\/\/atecordoba.org\/wp-content\/uploads\/2025\/03\/WhatsApp-Image-2025-03-19-at-14.41.34-1-350x350.jpeg 350w\" data-expand=\"700\" \/><\/a>\n                <\/div><\/figure><figure class='gallery-item'>\n                <div class='gallery-icon landscape'>\n                    <a href='https:\/\/atecordoba.org\/wp-content\/uploads\/2025\/03\/WhatsApp-Image-2025-03-19-at-14.41.35-scaled.jpeg'><img loading=\"lazy\" decoding=\"async\" width=\"150\" height=\"150\" src=\"\" class=\"attachment-thumbnail size-thumbnail lazyload\" alt=\"\" data-src=\"https:\/\/atecordoba.org\/wp-content\/uploads\/2025\/03\/WhatsApp-Image-2025-03-19-at-14.41.35-150x150.jpeg\" data-sizes=\"auto\" data-srcset=\"https:\/\/atecordoba.org\/wp-content\/uploads\/2025\/03\/WhatsApp-Image-2025-03-19-at-14.41.35-150x150.jpeg 150w, https:\/\/atecordoba.org\/wp-content\/uploads\/2025\/03\/WhatsApp-Image-2025-03-19-at-14.41.35-560x560.jpeg 560w, https:\/\/atecordoba.org\/wp-content\/uploads\/2025\/03\/WhatsApp-Image-2025-03-19-at-14.41.35-75x75.jpeg 75w, https:\/\/atecordoba.org\/wp-content\/uploads\/2025\/03\/WhatsApp-Image-2025-03-19-at-14.41.35-350x350.jpeg 350w\" data-expand=\"700\" \/><\/a>\n                <\/div><\/figure><figure class='gallery-item'>\n                <div class='gallery-icon landscape'>\n                    <a href='https:\/\/atecordoba.org\/wp-content\/uploads\/2025\/03\/WhatsApp-Image-2025-03-19-at-14.41.35-1-scaled.jpeg'><img loading=\"lazy\" decoding=\"async\" width=\"150\" height=\"150\" src=\"\" class=\"attachment-thumbnail size-thumbnail lazyload\" alt=\"\" data-src=\"https:\/\/atecordoba.org\/wp-content\/uploads\/2025\/03\/WhatsApp-Image-2025-03-19-at-14.41.35-1-150x150.jpeg\" data-sizes=\"auto\" data-srcset=\"https:\/\/atecordoba.org\/wp-content\/uploads\/2025\/03\/WhatsApp-Image-2025-03-19-at-14.41.35-1-150x150.jpeg 150w, https:\/\/atecordoba.org\/wp-content\/uploads\/2025\/03\/WhatsApp-Image-2025-03-19-at-14.41.35-1-560x560.jpeg 560w, https:\/\/atecordoba.org\/wp-content\/uploads\/2025\/03\/WhatsApp-Image-2025-03-19-at-14.41.35-1-75x75.jpeg 75w, https:\/\/atecordoba.org\/wp-content\/uploads\/2025\/03\/WhatsApp-Image-2025-03-19-at-14.41.35-1-350x350.jpeg 350w\" data-expand=\"700\" \/><\/a>\n                <\/div><\/figure><br style=\"clear: both\" \/>\n            <\/div>\n\n<p>&nbsp;<\/p>\n","protected":false},"excerpt":{"rendered":"<p>Fotograf\u00edas originales e intervenidas. Siluetas y murales que fueron usados a lo largo de estos 46 a\u00f1os para poner en presencia a las personas desaparecidas por el Terrorismo de Estado en Argentina. Im\u00e1genes, testimonios que sobreviven y potencian a\u00f1o tras a\u00f1o con nuevos significados. En el marco del D\u00eda Nacional de la Memoria por la [&hellip;]<\/p>\n","protected":false},"author":7,"featured_media":48062,"comment_status":"open","ping_status":"open","sticky":false,"template":"","format":"standard","meta":{"_exactmetrics_skip_tracking":false,"_exactmetrics_sitenote_active":false,"_exactmetrics_sitenote_note":"","_exactmetrics_sitenote_category":0,"jnews-multi-image_gallery":[],"jnews_single_post":{"format":"standard","override":[{"template":"1","parallax":"1","fullscreen":"1","layout":"no-sidebar-narrow","sidebar":"default-sidebar","second_sidebar":"default-sidebar","sticky_sidebar":"1","share_position":"bottom","share_float_style":"share-monocrhome","show_share_counter":"1","show_view_counter":"1","show_post_meta":"1","show_post_author_image":"1","show_post_date":"1","post_date_format":"default","post_date_format_custom":"Y\/m\/d","show_post_category":"1","show_post_reading_time":"0","post_reading_time_wpm":"300","post_calculate_word_method":"str_word_count","show_zoom_button":"0","zoom_button_out_step":"2","zoom_button_in_step":"3","show_post_tag":"1","number_popup_post":"1","show_post_related":"1","show_inline_post_related":"0"}],"image_override":[{"single_post_thumbnail_size":"crop-500","single_post_gallery_size":"crop-500"}],"trending_post_position":"meta","trending_post_label":"Trending","sponsored_post_label":"Sponsored by","disable_ad":"0"},"jnews_primary_category":[],"jnews_social_meta":[],"jnews_review":[],"enable_review":"","type":"percentage","name":"","summary":"","brand":"","sku":"","good":[],"bad":[],"score_override":"","override_value":"","rating":[],"price":[],"jnews_override_counter":{"view_counter_number":"0","share_counter_number":"0","like_counter_number":"0","dislike_counter_number":"0"},"jnews_post_split":{"post_split":[{"template":"1","tag":"h2","numbering":"asc","mode":"normal","first":"0","enable_toc":"0","toc_type":"normal"}]},"footnotes":""},"categories":[122],"tags":[],"class_list":["post-48061","post","type-post","status-publish","format-standard","has-post-thumbnail","hentry","category-ddhh"],"jetpack_featured_media_url":"https:\/\/atecordoba.org\/wp-content\/uploads\/2025\/03\/WhatsApp-Image-2025-03-19-at-14.41.36-scaled-e1742475666385.jpeg","_links":{"self":[{"href":"https:\/\/atecordoba.org\/index.php?rest_route=\/wp\/v2\/posts\/48061","targetHints":{"allow":["GET"]}}],"collection":[{"href":"https:\/\/atecordoba.org\/index.php?rest_route=\/wp\/v2\/posts"}],"about":[{"href":"https:\/\/atecordoba.org\/index.php?rest_route=\/wp\/v2\/types\/post"}],"author":[{"embeddable":true,"href":"https:\/\/atecordoba.org\/index.php?rest_route=\/wp\/v2\/users\/7"}],"replies":[{"embeddable":true,"href":"https:\/\/atecordoba.org\/index.php?rest_route=%2Fwp%2Fv2%2Fcomments&post=48061"}],"version-history":[{"count":3,"href":"https:\/\/atecordoba.org\/index.php?rest_route=\/wp\/v2\/posts\/48061\/revisions"}],"predecessor-version":[{"id":48079,"href":"https:\/\/atecordoba.org\/index.php?rest_route=\/wp\/v2\/posts\/48061\/revisions\/48079"}],"wp:featuredmedia":[{"embeddable":true,"href":"https:\/\/atecordoba.org\/index.php?rest_route=\/wp\/v2\/media\/48062"}],"wp:attachment":[{"href":"https:\/\/atecordoba.org\/index.php?rest_route=%2Fwp%2Fv2%2Fmedia&parent=48061"}],"wp:term":[{"taxonomy":"category","embeddable":true,"href":"https:\/\/atecordoba.org\/index.php?rest_route=%2Fwp%2Fv2%2Fcategories&post=48061"},{"taxonomy":"post_tag","embeddable":true,"href":"https:\/\/atecordoba.org\/index.php?rest_route=%2Fwp%2Fv2%2Ftags&post=48061"}],"curies":[{"name":"wp","href":"https:\/\/api.w.org\/{rel}","templated":true}]}}