{"id":48052,"date":"2025-03-19T14:59:30","date_gmt":"2025-03-19T17:59:30","guid":{"rendered":"https:\/\/atecordoba.org\/?p=48052"},"modified":"2025-03-19T14:59:30","modified_gmt":"2025-03-19T17:59:30","slug":"semana-de-la-memoria-ate-visito-el-archivo-provincial-de-la-memoria","status":"publish","type":"post","link":"https:\/\/atecordoba.org\/?p=48052","title":{"rendered":"Semana de la Memoria: ATE visit\u00f3 el Archivo Provincial de la Memoria"},"content":{"rendered":"<p><img loading=\"lazy\" decoding=\"async\" class=\"aligncenter wp-image-48053 \" src=\"https:\/\/atecordoba.org\/wp-content\/uploads\/2025\/03\/WhatsApp-Image-2025-03-19-at-13.30.52-1-1024x768.jpeg\" alt=\"\" width=\"629\" height=\"472\" srcset=\"https:\/\/atecordoba.org\/wp-content\/uploads\/2025\/03\/WhatsApp-Image-2025-03-19-at-13.30.52-1-1024x768.jpeg 1024w, https:\/\/atecordoba.org\/wp-content\/uploads\/2025\/03\/WhatsApp-Image-2025-03-19-at-13.30.52-1-300x225.jpeg 300w, https:\/\/atecordoba.org\/wp-content\/uploads\/2025\/03\/WhatsApp-Image-2025-03-19-at-13.30.52-1-768x576.jpeg 768w, https:\/\/atecordoba.org\/wp-content\/uploads\/2025\/03\/WhatsApp-Image-2025-03-19-at-13.30.52-1-1536x1152.jpeg 1536w, https:\/\/atecordoba.org\/wp-content\/uploads\/2025\/03\/WhatsApp-Image-2025-03-19-at-13.30.52-1-2048x1536.jpeg 2048w, https:\/\/atecordoba.org\/wp-content\/uploads\/2025\/03\/WhatsApp-Image-2025-03-19-at-13.30.52-1-750x563.jpeg 750w, https:\/\/atecordoba.org\/wp-content\/uploads\/2025\/03\/WhatsApp-Image-2025-03-19-at-13.30.52-1-1140x855.jpeg 1140w\" sizes=\"auto, (max-width: 629px) 100vw, 629px\" \/>En la primera actividad de la Semana de la Memoria, hoy ATE visit\u00f3 el Archivo Provincial de la Memoria, con el objetivo de dar un enfoque formativo y pol\u00edtico a compa\u00f1eros y compa\u00f1eras estatales &#8220;porque creemos que es necesario para construir un presente distinto donde tengamos lugar todos y todas. La idea es mantener viva la memoria, reflexionar colectivamente y confluir para el presente que nos merecemos&#8221;, explic\u00f3 Irina Silberman, integrante del Consejo Directivo Provincial, que encabez\u00f3 la comitiva de estatales esta ma\u00f1ana.<\/p>\n<p><img loading=\"lazy\" decoding=\"async\" class=\"aligncenter wp-image-48054 \" src=\"https:\/\/atecordoba.org\/wp-content\/uploads\/2025\/03\/WhatsApp-Image-2025-03-19-at-13.30.51-1024x769.jpeg\" alt=\"\" width=\"622\" height=\"467\" \/><\/p>\n<p>La delegaci\u00f3n fue recibida por integrantes del \u00e1rea de Pedagog\u00eda del organismo, que les\u00a0presentaron c\u00f3mo funciona el lugar, para conocer el trabajo que se vino realizando estos \u00faltimos a\u00f1os en la reconstrucci\u00f3n de la memoria. &#8220;Luego se realiz\u00f3 una visita libre por todas las instalaciones de la D2, para terminar haciendo un cierre colectivo muy enriquecedor en el Patio de la Luces&#8221;, concluy\u00f3 Silberman.<\/p>\n<p><img loading=\"lazy\" decoding=\"async\" class=\"aligncenter wp-image-48055 \" src=\"https:\/\/atecordoba.org\/wp-content\/uploads\/2025\/03\/WhatsApp-Image-2025-03-19-at-13.30.52-2-1024x769.jpeg\" alt=\"\" width=\"622\" height=\"467\" srcset=\"https:\/\/atecordoba.org\/wp-content\/uploads\/2025\/03\/WhatsApp-Image-2025-03-19-at-13.30.52-2-1024x769.jpeg 1024w, https:\/\/atecordoba.org\/wp-content\/uploads\/2025\/03\/WhatsApp-Image-2025-03-19-at-13.30.52-2-300x225.jpeg 300w, https:\/\/atecordoba.org\/wp-content\/uploads\/2025\/03\/WhatsApp-Image-2025-03-19-at-13.30.52-2-768x577.jpeg 768w, https:\/\/atecordoba.org\/wp-content\/uploads\/2025\/03\/WhatsApp-Image-2025-03-19-at-13.30.52-2-1536x1153.jpeg 1536w, https:\/\/atecordoba.org\/wp-content\/uploads\/2025\/03\/WhatsApp-Image-2025-03-19-at-13.30.52-2-2048x1537.jpeg 2048w, https:\/\/atecordoba.org\/wp-content\/uploads\/2025\/03\/WhatsApp-Image-2025-03-19-at-13.30.52-2-750x563.jpeg 750w, https:\/\/atecordoba.org\/wp-content\/uploads\/2025\/03\/WhatsApp-Image-2025-03-19-at-13.30.52-2-1140x856.jpeg 1140w\" sizes=\"auto, (max-width: 622px) 100vw, 622px\" \/><\/p>\n<p>En tal sentido, Angelina Ag\u00fcero:, como parte del \u00e1rea de Pedagog\u00eda y expresi\u00f3n de un proceso de construcci\u00f3n colectiva, explic\u00f3 que la propuesta del Archivo, dependencia a cargo del Estado provincial, es recibir a distintos colectivos y &#8220;creemos muy necesaria la presencia de los trabajadores en este contexto de pa\u00eds que estamos viviendo hoy&#8221;. &#8220;Recorrimos el lugar, charlamos e hicimos puente entre la violaci\u00f3n de los DDHH en la dictadura y el ejercicio de los derechos actualmente&#8221;, apunt\u00f3.<img loading=\"lazy\" decoding=\"async\" class=\"aligncenter wp-image-48056 \" src=\"https:\/\/atecordoba.org\/wp-content\/uploads\/2025\/03\/WhatsApp-Image-2025-03-19-at-13.30.53-1-769x1024.jpeg\" alt=\"\" width=\"623\" height=\"830\" srcset=\"https:\/\/atecordoba.org\/wp-content\/uploads\/2025\/03\/WhatsApp-Image-2025-03-19-at-13.30.53-1-769x1024.jpeg 769w, https:\/\/atecordoba.org\/wp-content\/uploads\/2025\/03\/WhatsApp-Image-2025-03-19-at-13.30.53-1-225x300.jpeg 225w, https:\/\/atecordoba.org\/wp-content\/uploads\/2025\/03\/WhatsApp-Image-2025-03-19-at-13.30.53-1-768x1023.jpeg 768w, https:\/\/atecordoba.org\/wp-content\/uploads\/2025\/03\/WhatsApp-Image-2025-03-19-at-13.30.53-1-1153x1536.jpeg 1153w, https:\/\/atecordoba.org\/wp-content\/uploads\/2025\/03\/WhatsApp-Image-2025-03-19-at-13.30.53-1-1537x2048.jpeg 1537w, https:\/\/atecordoba.org\/wp-content\/uploads\/2025\/03\/WhatsApp-Image-2025-03-19-at-13.30.53-1-750x999.jpeg 750w, https:\/\/atecordoba.org\/wp-content\/uploads\/2025\/03\/WhatsApp-Image-2025-03-19-at-13.30.53-1-1140x1519.jpeg 1140w, https:\/\/atecordoba.org\/wp-content\/uploads\/2025\/03\/WhatsApp-Image-2025-03-19-at-13.30.53-1-scaled.jpeg 1922w\" sizes=\"auto, (max-width: 623px) 100vw, 623px\" \/><\/p>\n<p>Desde el Archivo apuntan a que cada persona que venga que visite el sitio de la memoria, donde funcion\u00f3 por casi una d\u00e9cada la sangrienta D2 -Direcci\u00f3n de Inteligencia de la polic\u00eda de la provincia- con cientos de v\u00edctimas en su haber,\u00a0 tenga un acercamiento desde lo individual, lo sensible. Luego se desarrolla un taller para hacer una charla reflexiva sobre lo que cada uno pudo tomar de la visita.<\/p>\n<p>La actividad dur\u00f3 alrededor de una hora y media. &#8220;Son encuentros de memoria donde la palabra circula para que podamos construir respuestas juntos. Pensar el Nunca M\u00e1s desde la actualidad, para mirar hacia aquel movimiento obrero que en los \u201970 pudo movilizarse y salir a la calle&#8221;, remarc\u00f3 Ag\u00fcero.<\/p>\n<p><img loading=\"lazy\" decoding=\"async\" class=\"aligncenter wp-image-48057 \" src=\"https:\/\/atecordoba.org\/wp-content\/uploads\/2025\/03\/WhatsApp-Image-2025-03-19-at-13.30.55-1-1024x769.jpeg\" alt=\"\" width=\"633\" height=\"475\" srcset=\"https:\/\/atecordoba.org\/wp-content\/uploads\/2025\/03\/WhatsApp-Image-2025-03-19-at-13.30.55-1-1024x769.jpeg 1024w, https:\/\/atecordoba.org\/wp-content\/uploads\/2025\/03\/WhatsApp-Image-2025-03-19-at-13.30.55-1-300x225.jpeg 300w, https:\/\/atecordoba.org\/wp-content\/uploads\/2025\/03\/WhatsApp-Image-2025-03-19-at-13.30.55-1-768x577.jpeg 768w, https:\/\/atecordoba.org\/wp-content\/uploads\/2025\/03\/WhatsApp-Image-2025-03-19-at-13.30.55-1-1536x1153.jpeg 1536w, https:\/\/atecordoba.org\/wp-content\/uploads\/2025\/03\/WhatsApp-Image-2025-03-19-at-13.30.55-1-2048x1537.jpeg 2048w, https:\/\/atecordoba.org\/wp-content\/uploads\/2025\/03\/WhatsApp-Image-2025-03-19-at-13.30.55-1-750x563.jpeg 750w, https:\/\/atecordoba.org\/wp-content\/uploads\/2025\/03\/WhatsApp-Image-2025-03-19-at-13.30.55-1-1140x856.jpeg 1140w\" sizes=\"auto, (max-width: 633px) 100vw, 633px\" \/><\/p>\n<p>&#8220;El sitio incluye dos instituciones que dialogan entre s\u00ed, por un lado el Sitio de la Memoria, con el museo y sus salas, y un archivo documental que es de los m\u00e1s grandes del interior del pa\u00eds, donde toda la documentaci\u00f3n que se puede ver est\u00e1 expuesta en el museo y dialoga con las instalaciones. Hay testimonios, distintas muestras, instalamos recientemente la Sala del Navarrazo que se inaugura este pr\u00f3ximo s\u00e1bado&#8221;.<\/p>\n<p><img loading=\"lazy\" decoding=\"async\" class=\"aligncenter wp-image-48058 \" src=\"https:\/\/atecordoba.org\/wp-content\/uploads\/2025\/03\/WhatsApp-Image-2025-03-19-at-13.30.56-1-1024x769.jpeg\" alt=\"\" width=\"622\" height=\"467\" srcset=\"https:\/\/atecordoba.org\/wp-content\/uploads\/2025\/03\/WhatsApp-Image-2025-03-19-at-13.30.56-1-1024x769.jpeg 1024w, https:\/\/atecordoba.org\/wp-content\/uploads\/2025\/03\/WhatsApp-Image-2025-03-19-at-13.30.56-1-300x225.jpeg 300w, https:\/\/atecordoba.org\/wp-content\/uploads\/2025\/03\/WhatsApp-Image-2025-03-19-at-13.30.56-1-768x577.jpeg 768w, https:\/\/atecordoba.org\/wp-content\/uploads\/2025\/03\/WhatsApp-Image-2025-03-19-at-13.30.56-1-1536x1153.jpeg 1536w, https:\/\/atecordoba.org\/wp-content\/uploads\/2025\/03\/WhatsApp-Image-2025-03-19-at-13.30.56-1-2048x1537.jpeg 2048w, https:\/\/atecordoba.org\/wp-content\/uploads\/2025\/03\/WhatsApp-Image-2025-03-19-at-13.30.56-1-750x563.jpeg 750w, https:\/\/atecordoba.org\/wp-content\/uploads\/2025\/03\/WhatsApp-Image-2025-03-19-at-13.30.56-1-1140x856.jpeg 1140w\" sizes=\"auto, (max-width: 622px) 100vw, 622px\" \/><\/p>\n<p>Vale mencionar que este centro clandestino comenz\u00f3 a funcionar antes del Golpe de Estado de 1976 y el Navarrazo fue la antesalas de aquel cruento periodo. &#8220;Hay testimonios de que antes del 24 de marzo ya eran tra\u00eddos compa\u00f1eros y compa\u00f1eras, que fueron torturados, vejados y desaparecidos&#8221;, concluy\u00f3.<\/p>\n","protected":false},"excerpt":{"rendered":"<p>En la primera actividad de la Semana de la Memoria, hoy ATE visit\u00f3 el Archivo Provincial de la Memoria, con el objetivo de dar un enfoque formativo y pol\u00edtico a compa\u00f1eros y compa\u00f1eras estatales &#8220;porque creemos que es necesario para construir un presente distinto donde tengamos lugar todos y todas. La idea es mantener viva [&hellip;]<\/p>\n","protected":false},"author":7,"featured_media":48054,"comment_status":"open","ping_status":"open","sticky":false,"template":"","format":"standard","meta":{"_exactmetrics_skip_tracking":false,"_exactmetrics_sitenote_active":false,"_exactmetrics_sitenote_note":"","_exactmetrics_sitenote_category":0,"jnews-multi-image_gallery":[],"jnews_single_post":{"format":"standard","override":[{"template":"1","parallax":"1","fullscreen":"1","layout":"no-sidebar-narrow","sidebar":"default-sidebar","second_sidebar":"default-sidebar","sticky_sidebar":"1","share_position":"bottom","share_float_style":"share-monocrhome","show_share_counter":"1","show_view_counter":"1","show_post_meta":"1","show_post_author_image":"1","show_post_date":"1","post_date_format":"default","post_date_format_custom":"Y\/m\/d","show_post_category":"1","show_post_reading_time":"0","post_reading_time_wpm":"300","post_calculate_word_method":"str_word_count","show_zoom_button":"0","zoom_button_out_step":"2","zoom_button_in_step":"3","show_post_tag":"1","number_popup_post":"1","show_post_related":"1","show_inline_post_related":"0"}],"image_override":[{"single_post_thumbnail_size":"crop-500","single_post_gallery_size":"crop-500"}],"trending_post_position":"meta","trending_post_label":"Trending","sponsored_post_label":"Sponsored by","disable_ad":"0"},"jnews_primary_category":[],"jnews_social_meta":[],"jnews_review":[],"enable_review":"","type":"percentage","name":"","summary":"","brand":"","sku":"","good":[],"bad":[],"score_override":"","override_value":"","rating":[],"price":[],"jnews_override_counter":{"view_counter_number":"0","share_counter_number":"0","like_counter_number":"0","dislike_counter_number":"0"},"jnews_post_split":{"post_split":[{"template":"1","tag":"h2","numbering":"asc","mode":"normal","first":"0","enable_toc":"0","toc_type":"normal"}]},"footnotes":""},"categories":[341],"tags":[1497],"class_list":["post-48052","post","type-post","status-publish","format-standard","has-post-thumbnail","hentry","category-cdp","tag-semana-de-la-memoria"],"jetpack_featured_media_url":"https:\/\/atecordoba.org\/wp-content\/uploads\/2025\/03\/WhatsApp-Image-2025-03-19-at-13.30.51-scaled-e1742407132962.jpeg","_links":{"self":[{"href":"https:\/\/atecordoba.org\/index.php?rest_route=\/wp\/v2\/posts\/48052","targetHints":{"allow":["GET"]}}],"collection":[{"href":"https:\/\/atecordoba.org\/index.php?rest_route=\/wp\/v2\/posts"}],"about":[{"href":"https:\/\/atecordoba.org\/index.php?rest_route=\/wp\/v2\/types\/post"}],"author":[{"embeddable":true,"href":"https:\/\/atecordoba.org\/index.php?rest_route=\/wp\/v2\/users\/7"}],"replies":[{"embeddable":true,"href":"https:\/\/atecordoba.org\/index.php?rest_route=%2Fwp%2Fv2%2Fcomments&post=48052"}],"version-history":[{"count":1,"href":"https:\/\/atecordoba.org\/index.php?rest_route=\/wp\/v2\/posts\/48052\/revisions"}],"predecessor-version":[{"id":48059,"href":"https:\/\/atecordoba.org\/index.php?rest_route=\/wp\/v2\/posts\/48052\/revisions\/48059"}],"wp:featuredmedia":[{"embeddable":true,"href":"https:\/\/atecordoba.org\/index.php?rest_route=\/wp\/v2\/media\/48054"}],"wp:attachment":[{"href":"https:\/\/atecordoba.org\/index.php?rest_route=%2Fwp%2Fv2%2Fmedia&parent=48052"}],"wp:term":[{"taxonomy":"category","embeddable":true,"href":"https:\/\/atecordoba.org\/index.php?rest_route=%2Fwp%2Fv2%2Fcategories&post=48052"},{"taxonomy":"post_tag","embeddable":true,"href":"https:\/\/atecordoba.org\/index.php?rest_route=%2Fwp%2Fv2%2Ftags&post=48052"}],"curies":[{"name":"wp","href":"https:\/\/api.w.org\/{rel}","templated":true}]}}