{"id":48038,"date":"2025-03-19T13:17:52","date_gmt":"2025-03-19T16:17:52","guid":{"rendered":"https:\/\/atecordoba.org\/?p=48038"},"modified":"2025-03-19T13:27:55","modified_gmt":"2025-03-19T16:27:55","slug":"ate-se-movilizo-con-las-los-jubilados-en-cordoba-y-exige-el-fin-de-la-represion","status":"publish","type":"post","link":"https:\/\/atecordoba.org\/?p=48038","title":{"rendered":"ATE se moviliz\u00f3 con las\/los jubilados en C\u00f3rdoba y exige el fin de la represi\u00f3n"},"content":{"rendered":"<p><img loading=\"lazy\" decoding=\"async\" class=\"aligncenter wp-image-48039 \" src=\"https:\/\/atecordoba.org\/wp-content\/uploads\/2025\/03\/WhatsApp-Image-2025-03-19-at-11.38.53-1024x769.jpeg\" alt=\"\" width=\"635\" height=\"477\" \/>ATE Nacional defini\u00f3 un cese de tareas y retiro de los lugares de trabajo este mi\u00e9rcoles a partir de las 12 del mediod\u00eda para marchar nuevamente junto a los jubilados al Congreso de la Naci\u00f3n. Es por eso que a partir de la notificaci\u00f3n formal remitida a la cartera laboral, los trabajadores estar\u00e1n habilitados a abandonar servicios en todos los ministerios y organismos a la hora se\u00f1alada.<\/p>\n<p>En ese marco, ATE C\u00f3rdoba se moviliz\u00f3 hoy con las y los jubilados cordobeses en reclamo de mejoras salariales sustanciales, contra el vaciamiento del sistema previsional que el gobierno de Milei utiliza para financiar la bicicleta financiera, al tiempo que exige el fin de la represi\u00f3n, en un ejercicio pleno del derecho a la protesta garantizado por la Constituci\u00f3n Nacional.<img loading=\"lazy\" decoding=\"async\" class=\"aligncenter wp-image-48040 \" src=\"https:\/\/atecordoba.org\/wp-content\/uploads\/2025\/03\/WhatsApp-Image-2025-03-19-at-11.38.56-1024x769.jpeg\" alt=\"\" width=\"642\" height=\"482\" srcset=\"https:\/\/atecordoba.org\/wp-content\/uploads\/2025\/03\/WhatsApp-Image-2025-03-19-at-11.38.56-1024x769.jpeg 1024w, https:\/\/atecordoba.org\/wp-content\/uploads\/2025\/03\/WhatsApp-Image-2025-03-19-at-11.38.56-300x225.jpeg 300w, https:\/\/atecordoba.org\/wp-content\/uploads\/2025\/03\/WhatsApp-Image-2025-03-19-at-11.38.56-768x577.jpeg 768w, https:\/\/atecordoba.org\/wp-content\/uploads\/2025\/03\/WhatsApp-Image-2025-03-19-at-11.38.56-1536x1153.jpeg 1536w, https:\/\/atecordoba.org\/wp-content\/uploads\/2025\/03\/WhatsApp-Image-2025-03-19-at-11.38.56-2048x1537.jpeg 2048w, https:\/\/atecordoba.org\/wp-content\/uploads\/2025\/03\/WhatsApp-Image-2025-03-19-at-11.38.56-750x563.jpeg 750w, https:\/\/atecordoba.org\/wp-content\/uploads\/2025\/03\/WhatsApp-Image-2025-03-19-at-11.38.56-1140x856.jpeg 1140w\" sizes=\"auto, (max-width: 642px) 100vw, 642px\" \/><\/p>\n<p>\u201cDespu\u00e9s de la represi\u00f3n ilegal, est\u00e1 m\u00e1s claro que nunca que la lucha es por los jubilados y principalmente en defensa de la democracia\u201d, dijo ayer el secretario General de ATE, Rodolfo Aguiar. \u201cTenemos un Gobierno que est\u00e1 actuando al margen de la Constituci\u00f3n. Somos nosotros los que debemos salir a la calle para que en la Argentina se recupere la institucionalidad. No podemos esperar nada de los poderes del Estado. En el Congreso se matan a trompadas, en la Casa Rosada se twittean estafas y en la Corte Suprema los jueces est\u00e1n designados a dedo. En este momento, los tres poderes del Estado est\u00e1n hackeados\u201d, advirti\u00f3 el dirigente.<img loading=\"lazy\" decoding=\"async\" class=\"aligncenter wp-image-48041 \" src=\"https:\/\/atecordoba.org\/wp-content\/uploads\/2025\/03\/WhatsApp-Image-2025-03-19-at-11.39.05-1-1024x769.jpeg\" alt=\"\" width=\"630\" height=\"473\" srcset=\"https:\/\/atecordoba.org\/wp-content\/uploads\/2025\/03\/WhatsApp-Image-2025-03-19-at-11.39.05-1-1024x769.jpeg 1024w, https:\/\/atecordoba.org\/wp-content\/uploads\/2025\/03\/WhatsApp-Image-2025-03-19-at-11.39.05-1-300x225.jpeg 300w, https:\/\/atecordoba.org\/wp-content\/uploads\/2025\/03\/WhatsApp-Image-2025-03-19-at-11.39.05-1-768x577.jpeg 768w, https:\/\/atecordoba.org\/wp-content\/uploads\/2025\/03\/WhatsApp-Image-2025-03-19-at-11.39.05-1-1536x1153.jpeg 1536w, https:\/\/atecordoba.org\/wp-content\/uploads\/2025\/03\/WhatsApp-Image-2025-03-19-at-11.39.05-1-2048x1537.jpeg 2048w, https:\/\/atecordoba.org\/wp-content\/uploads\/2025\/03\/WhatsApp-Image-2025-03-19-at-11.39.05-1-750x563.jpeg 750w, https:\/\/atecordoba.org\/wp-content\/uploads\/2025\/03\/WhatsApp-Image-2025-03-19-at-11.39.05-1-1140x856.jpeg 1140w\" sizes=\"auto, (max-width: 630px) 100vw, 630px\" \/><\/p>\n<p>El sector pasivo ha sido objeto de un feroz ajuste desde el comienzo del actual Gobierno, reduciendo sus ingresos, quitando la medicaci\u00f3n gratuita y someti\u00e9ndolo a una brutal represi\u00f3n como la sucedida el mi\u00e9rcoles pasado en el Congreso, mientras dentro de la C\u00e1mara de Diputados los propios libertario se enfrascaban en pat\u00e9ticas peleas a los golpes, por rencillas sobre cargos y vueltos pol\u00edticos.<\/p>\n<p>A ra\u00edz de los repudiables hechos ocurridos en la Capital Federal la \u00faltima semana, con un operativo represivo desmedido, jubilados golpeados, ni\u00f1os gaseados y un fotoperiodista que al d\u00eda de hoy sigue peleando por su vida, ATE ampli\u00f3 su lista de reclamos: ya no se trata s\u00f3lo de lograr un aumento de emergencia para que las jubilaciones se ubiquen por encima de la l\u00ednea de pobreza y la restituci\u00f3n del Fondo de Garant\u00eda de Sustentabilidad (FGS) de la ANSES, sino que tambi\u00e9n se exige la renuncia inmediata de la ministra de Seguridad, Patricia Bullrich.<img loading=\"lazy\" decoding=\"async\" class=\"aligncenter wp-image-48042 \" src=\"https:\/\/atecordoba.org\/wp-content\/uploads\/2025\/03\/WhatsApp-Image-2025-03-19-at-11.38.52-1024x769.jpeg\" alt=\"\" width=\"627\" height=\"471\" srcset=\"https:\/\/atecordoba.org\/wp-content\/uploads\/2025\/03\/WhatsApp-Image-2025-03-19-at-11.38.52-1024x769.jpeg 1024w, https:\/\/atecordoba.org\/wp-content\/uploads\/2025\/03\/WhatsApp-Image-2025-03-19-at-11.38.52-300x225.jpeg 300w, https:\/\/atecordoba.org\/wp-content\/uploads\/2025\/03\/WhatsApp-Image-2025-03-19-at-11.38.52-768x577.jpeg 768w, https:\/\/atecordoba.org\/wp-content\/uploads\/2025\/03\/WhatsApp-Image-2025-03-19-at-11.38.52-1536x1153.jpeg 1536w, https:\/\/atecordoba.org\/wp-content\/uploads\/2025\/03\/WhatsApp-Image-2025-03-19-at-11.38.52-2048x1537.jpeg 2048w, https:\/\/atecordoba.org\/wp-content\/uploads\/2025\/03\/WhatsApp-Image-2025-03-19-at-11.38.52-750x563.jpeg 750w, https:\/\/atecordoba.org\/wp-content\/uploads\/2025\/03\/WhatsApp-Image-2025-03-19-at-11.38.52-1140x856.jpeg 1140w\" sizes=\"auto, (max-width: 627px) 100vw, 627px\" \/><\/p>\n<p>\u201cEn un pa\u00eds sensato la ministra de Seguridad Bullrich ya deber\u00eda haber renunciado. Pero por el contrario la pasean por los medios de comunicaci\u00f3n revictimizando al compa\u00f1ero que pelea por su vida a causa de la represi\u00f3n policial\u201d, dijo el secretario General de ATE C\u00f3rdoba, Federico Giuliani. El dirigente remarc\u00f3 la justicia de la marcha de las y los jubilados \u201cque tienen salarios de miseria y nos est\u00e1n dando una muestra de coraje de la que muchos dirigentes carecen\u201d.<\/p>\n<p>Por su parte, la integrante del Consejo Directivo Provincia, Irina Silberman, desatac\u00f3 que \u201choy nos hacemos presentes en la Plaza San Mart\u00edn, no solo para acompa\u00f1ar la lucha de las y los jubilados, sino con un profundo repudio a la descomunal represi\u00f3n de Milei y Patricia Bullrich, sucedida el mi\u00e9rcoles pasado\u201d. La dirigente se solidariz\u00f3 con el fot\u00f3grafo Pablo Grillo, que pelea por su vida tras ser alcanzado por una granada de gas lacrim\u00f3geno en la cabeza, disparada por un gendarme que apunt\u00f3 directamente contra el trabajador de prensa.<img loading=\"lazy\" decoding=\"async\" class=\"aligncenter wp-image-48043 \" src=\"https:\/\/atecordoba.org\/wp-content\/uploads\/2025\/03\/WhatsApp-Image-2025-03-19-at-11.39.01-1-scaled.jpeg\" alt=\"\" width=\"608\" height=\"810\" srcset=\"https:\/\/atecordoba.org\/wp-content\/uploads\/2025\/03\/WhatsApp-Image-2025-03-19-at-11.39.01-1-scaled.jpeg 1922w, https:\/\/atecordoba.org\/wp-content\/uploads\/2025\/03\/WhatsApp-Image-2025-03-19-at-11.39.01-1-225x300.jpeg 225w, https:\/\/atecordoba.org\/wp-content\/uploads\/2025\/03\/WhatsApp-Image-2025-03-19-at-11.39.01-1-769x1024.jpeg 769w, https:\/\/atecordoba.org\/wp-content\/uploads\/2025\/03\/WhatsApp-Image-2025-03-19-at-11.39.01-1-768x1023.jpeg 768w, https:\/\/atecordoba.org\/wp-content\/uploads\/2025\/03\/WhatsApp-Image-2025-03-19-at-11.39.01-1-1153x1536.jpeg 1153w, https:\/\/atecordoba.org\/wp-content\/uploads\/2025\/03\/WhatsApp-Image-2025-03-19-at-11.39.01-1-1537x2048.jpeg 1537w, https:\/\/atecordoba.org\/wp-content\/uploads\/2025\/03\/WhatsApp-Image-2025-03-19-at-11.39.01-1-750x999.jpeg 750w, https:\/\/atecordoba.org\/wp-content\/uploads\/2025\/03\/WhatsApp-Image-2025-03-19-at-11.39.01-1-1140x1519.jpeg 1140w\" sizes=\"auto, (max-width: 608px) 100vw, 608px\" \/><\/p>\n<p>Silverman rescat\u00f3 la participaci\u00f3n de \u201ctodas las organizaciones unidas, las centrales sindicales CTAA, CTAT y CGT, sindicatos, organizaciones sociales, porque es la \u00fanica salida: organizarnos y acompa\u00f1ar al pueblo, que tambi\u00e9n nos est\u00e1 dando una lecci\u00f3n, saliendo de manera autoconvocada a defender a nuestros viejos y nuestras viejas. En esta semana gritamos muy fuerte \u2018Nunca m\u00e1s\u2019 y \u2018Fuera el fascismo de Argentina y de Am\u00e9rica Latina\u2019, como lo hacemos desde hace 49 a\u00f1os\u201d.<\/p>\n<p>Por \u00faltimo, la trabajadora del Hospital de Ni\u00f1os, la enfermera Mar\u00eda Jos\u00e9 Ag\u00fcero, dijo que la marcha fue &#8220;espectacular&#8221;. &#8220;No pens\u00e9 que iba a venir tanta gente. No podemos dejar a los abuelos a un lado y olvidar que nosotros tambi\u00e9n vamos a ser jubilados. Lo que ellos cobran ahora es lo que vamos a cobrar nosotros en un futuro, y eso no es justo.\u00a0 Uno no estudia y se sacrifica para terminar cobrando dos pesos. Pero la gente se est\u00e1 empezando a dar cuenta, a tener conciencia de lo que se est\u00e1 viviendo. Espero que salgamos todos a la calle y que Milei se vaya, como *De la R\u00faa&#8221;, finaliz\u00f3.<\/p>\n","protected":false},"excerpt":{"rendered":"<p>ATE Nacional defini\u00f3 un cese de tareas y retiro de los lugares de trabajo este mi\u00e9rcoles a partir de las 12 del mediod\u00eda para marchar nuevamente junto a los jubilados al Congreso de la Naci\u00f3n. Es por eso que a partir de la notificaci\u00f3n formal remitida a la cartera laboral, los trabajadores estar\u00e1n habilitados a [&hellip;]<\/p>\n","protected":false},"author":7,"featured_media":48039,"comment_status":"open","ping_status":"open","sticky":false,"template":"","format":"standard","meta":{"_exactmetrics_skip_tracking":false,"_exactmetrics_sitenote_active":false,"_exactmetrics_sitenote_note":"","_exactmetrics_sitenote_category":0,"jnews-multi-image_gallery":[],"jnews_single_post":{"format":"standard","override":[{"template":"1","parallax":"1","fullscreen":"1","layout":"no-sidebar-narrow","sidebar":"default-sidebar","second_sidebar":"default-sidebar","sticky_sidebar":"1","share_position":"bottom","share_float_style":"share-monocrhome","show_share_counter":"1","show_view_counter":"1","show_post_meta":"1","show_post_author_image":"1","show_post_date":"1","post_date_format":"default","post_date_format_custom":"Y\/m\/d","show_post_category":"1","show_post_reading_time":"0","post_reading_time_wpm":"300","post_calculate_word_method":"str_word_count","show_zoom_button":"0","zoom_button_out_step":"2","zoom_button_in_step":"3","show_post_tag":"1","number_popup_post":"1","show_post_related":"1","show_inline_post_related":"0"}],"image_override":[{"single_post_thumbnail_size":"crop-500","single_post_gallery_size":"crop-500"}],"trending_post_position":"meta","trending_post_label":"Trending","sponsored_post_label":"Sponsored by","disable_ad":"0"},"jnews_primary_category":[],"jnews_social_meta":[],"jnews_review":[],"enable_review":"","type":"percentage","name":"","summary":"","brand":"","sku":"","good":[],"bad":[],"score_override":"","override_value":"","rating":[],"price":[],"jnews_override_counter":{"view_counter_number":"0","share_counter_number":"0","like_counter_number":"0","dislike_counter_number":"0"},"jnews_post_split":{"post_split":[{"template":"1","tag":"h2","numbering":"asc","mode":"normal","first":"0","enable_toc":"0","toc_type":"normal"}]},"footnotes":""},"categories":[22],"tags":[1496],"class_list":["post-48038","post","type-post","status-publish","format-standard","has-post-thumbnail","hentry","category-jubilados","tag-marcha-jubilados-cordoba"],"jetpack_featured_media_url":"https:\/\/atecordoba.org\/wp-content\/uploads\/2025\/03\/WhatsApp-Image-2025-03-19-at-11.38.53-scaled-e1742401039154.jpeg","_links":{"self":[{"href":"https:\/\/atecordoba.org\/index.php?rest_route=\/wp\/v2\/posts\/48038","targetHints":{"allow":["GET"]}}],"collection":[{"href":"https:\/\/atecordoba.org\/index.php?rest_route=\/wp\/v2\/posts"}],"about":[{"href":"https:\/\/atecordoba.org\/index.php?rest_route=\/wp\/v2\/types\/post"}],"author":[{"embeddable":true,"href":"https:\/\/atecordoba.org\/index.php?rest_route=\/wp\/v2\/users\/7"}],"replies":[{"embeddable":true,"href":"https:\/\/atecordoba.org\/index.php?rest_route=%2Fwp%2Fv2%2Fcomments&post=48038"}],"version-history":[{"count":3,"href":"https:\/\/atecordoba.org\/index.php?rest_route=\/wp\/v2\/posts\/48038\/revisions"}],"predecessor-version":[{"id":48046,"href":"https:\/\/atecordoba.org\/index.php?rest_route=\/wp\/v2\/posts\/48038\/revisions\/48046"}],"wp:featuredmedia":[{"embeddable":true,"href":"https:\/\/atecordoba.org\/index.php?rest_route=\/wp\/v2\/media\/48039"}],"wp:attachment":[{"href":"https:\/\/atecordoba.org\/index.php?rest_route=%2Fwp%2Fv2%2Fmedia&parent=48038"}],"wp:term":[{"taxonomy":"category","embeddable":true,"href":"https:\/\/atecordoba.org\/index.php?rest_route=%2Fwp%2Fv2%2Fcategories&post=48038"},{"taxonomy":"post_tag","embeddable":true,"href":"https:\/\/atecordoba.org\/index.php?rest_route=%2Fwp%2Fv2%2Ftags&post=48038"}],"curies":[{"name":"wp","href":"https:\/\/api.w.org\/{rel}","templated":true}]}}