{"id":48029,"date":"2025-03-18T13:55:40","date_gmt":"2025-03-18T16:55:40","guid":{"rendered":"https:\/\/atecordoba.org\/?p=48029"},"modified":"2025-03-22T09:16:04","modified_gmt":"2025-03-22T12:16:04","slug":"rio-primero-asamblea-rechazo-la-oferta-salarial-regulada-por-el-ipc-del-indec","status":"publish","type":"post","link":"https:\/\/atecordoba.org\/?p=48029","title":{"rendered":"R\u00edo Primero: Asamblea rechaz\u00f3 la oferta salarial regulada por el IPC del Indec"},"content":{"rendered":"<p><img loading=\"lazy\" decoding=\"async\" class=\"aligncenter wp-image-48030 \" src=\"https:\/\/atecordoba.org\/wp-content\/uploads\/2025\/03\/asamblea-corralon-rio-primero-1024x577.jpeg\" alt=\"\" width=\"628\" height=\"354\" srcset=\"https:\/\/atecordoba.org\/wp-content\/uploads\/2025\/03\/asamblea-corralon-rio-primero-1024x577.jpeg 1024w, https:\/\/atecordoba.org\/wp-content\/uploads\/2025\/03\/asamblea-corralon-rio-primero-300x169.jpeg 300w, https:\/\/atecordoba.org\/wp-content\/uploads\/2025\/03\/asamblea-corralon-rio-primero-768x432.jpeg 768w, https:\/\/atecordoba.org\/wp-content\/uploads\/2025\/03\/asamblea-corralon-rio-primero-1536x865.jpeg 1536w, https:\/\/atecordoba.org\/wp-content\/uploads\/2025\/03\/asamblea-corralon-rio-primero-750x422.jpeg 750w, https:\/\/atecordoba.org\/wp-content\/uploads\/2025\/03\/asamblea-corralon-rio-primero-1140x642.jpeg 1140w, https:\/\/atecordoba.org\/wp-content\/uploads\/2025\/03\/asamblea-corralon-rio-primero.jpeg 1600w\" sizes=\"auto, (max-width: 628px) 100vw, 628px\" \/>Al mediod\u00eda se llev\u00f3 a cabo una gran asamblea en el Corral\u00f3n Municipal de la ciudad de R\u00edo Primero, donde las y los trabajadores rechazaron la oferta del Departamento Ejecutivo, realizada a primera hora de la ma\u00f1ana en una audiencia paritaria donde estuvo presente la intendenta Mariangeles Arneuldo Galfr\u00e9.<\/p>\n<p>ATE hab\u00eda presentado en una <a href=\"https:\/\/atecordoba.org\/?p=47922\">audiencia previa<\/a> un aumento del 60% en los salarios del sector, frente a lo cual la patronal respondi\u00f3 con la oferta de otorgar aumentos salariales en base al \u00cdndice de Precios al Consumidor para el trimestre abril-mayo junio.<\/p>\n<p><img loading=\"lazy\" decoding=\"async\" class=\"aligncenter wp-image-48031 \" src=\"https:\/\/atecordoba.org\/wp-content\/uploads\/2025\/03\/ate-rio-primero-bandera-1-1024x576.jpg\" alt=\"\" width=\"626\" height=\"352\" \/><\/p>\n<p>En representaci\u00f3n de ATE participaron las\/los delegados Jos\u00e9 Baigorria y Pamela Guti\u00e9rrez. Entre los temas pendientes de avance, se abord\u00f3 tambi\u00e9n el reclamo por recategorizaciones y pase a planta permanente.<\/p>\n<p>Luego, la asamblea trat\u00f3 la propuesta oficial, reclamando una recomposici\u00f3n salarial para acercar los haberes del sector a la canasta b\u00e1sica familiar.<\/p>\n<p>La pr\u00f3xima audiencia paritaria est\u00e1 prevista para el jueves 20 de marzo.<\/p>\n","protected":false},"excerpt":{"rendered":"<p>Al mediod\u00eda se llev\u00f3 a cabo una gran asamblea en el Corral\u00f3n Municipal de la ciudad de R\u00edo Primero, donde las y los trabajadores rechazaron la oferta del Departamento Ejecutivo, realizada a primera hora de la ma\u00f1ana en una audiencia paritaria donde estuvo presente la intendenta Mariangeles Arneuldo Galfr\u00e9. ATE hab\u00eda presentado en una audiencia [&hellip;]<\/p>\n","protected":false},"author":7,"featured_media":48031,"comment_status":"open","ping_status":"open","sticky":false,"template":"","format":"standard","meta":{"_exactmetrics_skip_tracking":false,"_exactmetrics_sitenote_active":false,"_exactmetrics_sitenote_note":"","_exactmetrics_sitenote_category":0,"jnews-multi-image_gallery":[],"jnews_single_post":{"format":"standard","override":[{"template":"1","parallax":"1","fullscreen":"1","layout":"no-sidebar-narrow","sidebar":"default-sidebar","second_sidebar":"default-sidebar","sticky_sidebar":"1","share_position":"bottom","share_float_style":"share-monocrhome","show_share_counter":"1","show_view_counter":"1","show_post_meta":"1","show_post_author_image":"1","show_post_date":"1","post_date_format":"default","post_date_format_custom":"Y\/m\/d","show_post_category":"1","show_post_reading_time":"0","post_reading_time_wpm":"300","post_calculate_word_method":"str_word_count","show_zoom_button":"0","zoom_button_out_step":"2","zoom_button_in_step":"3","show_post_tag":"1","number_popup_post":"1","show_post_related":"1","show_inline_post_related":"0"}],"image_override":[{"single_post_thumbnail_size":"crop-500","single_post_gallery_size":"crop-500"}],"trending_post_position":"meta","trending_post_label":"Trending","sponsored_post_label":"Sponsored by","disable_ad":"0"},"jnews_primary_category":[],"jnews_social_meta":[],"jnews_review":[],"enable_review":"","type":"percentage","name":"","summary":"","brand":"","sku":"","good":[],"bad":[],"score_override":"","override_value":"","rating":[],"price":[],"jnews_override_counter":{"view_counter_number":"0","share_counter_number":"0","like_counter_number":"0","dislike_counter_number":"0"},"jnews_post_split":{"post_split":[{"template":"1","tag":"h2","numbering":"asc","mode":"normal","first":"0","enable_toc":"0","toc_type":"normal"}]},"footnotes":""},"categories":[20],"tags":[599,1110],"class_list":["post-48029","post","type-post","status-publish","format-standard","has-post-thumbnail","hentry","category-municipales","tag-paritaria","tag-rio-primero"],"jetpack_featured_media_url":"https:\/\/atecordoba.org\/wp-content\/uploads\/2025\/03\/ate-rio-primero-bandera-1-e1742316885543.jpg","_links":{"self":[{"href":"https:\/\/atecordoba.org\/index.php?rest_route=\/wp\/v2\/posts\/48029","targetHints":{"allow":["GET"]}}],"collection":[{"href":"https:\/\/atecordoba.org\/index.php?rest_route=\/wp\/v2\/posts"}],"about":[{"href":"https:\/\/atecordoba.org\/index.php?rest_route=\/wp\/v2\/types\/post"}],"author":[{"embeddable":true,"href":"https:\/\/atecordoba.org\/index.php?rest_route=\/wp\/v2\/users\/7"}],"replies":[{"embeddable":true,"href":"https:\/\/atecordoba.org\/index.php?rest_route=%2Fwp%2Fv2%2Fcomments&post=48029"}],"version-history":[{"count":4,"href":"https:\/\/atecordoba.org\/index.php?rest_route=\/wp\/v2\/posts\/48029\/revisions"}],"predecessor-version":[{"id":48097,"href":"https:\/\/atecordoba.org\/index.php?rest_route=\/wp\/v2\/posts\/48029\/revisions\/48097"}],"wp:featuredmedia":[{"embeddable":true,"href":"https:\/\/atecordoba.org\/index.php?rest_route=\/wp\/v2\/media\/48031"}],"wp:attachment":[{"href":"https:\/\/atecordoba.org\/index.php?rest_route=%2Fwp%2Fv2%2Fmedia&parent=48029"}],"wp:term":[{"taxonomy":"category","embeddable":true,"href":"https:\/\/atecordoba.org\/index.php?rest_route=%2Fwp%2Fv2%2Fcategories&post=48029"},{"taxonomy":"post_tag","embeddable":true,"href":"https:\/\/atecordoba.org\/index.php?rest_route=%2Fwp%2Fv2%2Ftags&post=48029"}],"curies":[{"name":"wp","href":"https:\/\/api.w.org\/{rel}","templated":true}]}}