{"id":48022,"date":"2025-03-18T13:30:06","date_gmt":"2025-03-18T16:30:06","guid":{"rendered":"https:\/\/atecordoba.org\/?p=48022"},"modified":"2025-03-18T13:30:06","modified_gmt":"2025-03-18T16:30:06","slug":"asamblea-en-el-ministerio-de-educacion-abordo-los-problemas-salariales-del-sector","status":"publish","type":"post","link":"https:\/\/atecordoba.org\/?p=48022","title":{"rendered":"Asamblea en el Ministerio de Educaci\u00f3n abord\u00f3 los problemas salariales del sector"},"content":{"rendered":"<p><img loading=\"lazy\" decoding=\"async\" class=\"aligncenter wp-image-48023 \" src=\"https:\/\/atecordoba.org\/wp-content\/uploads\/2025\/03\/WhatsApp-Image-2025-03-18-at-12.35.36-1024x768.jpeg\" alt=\"\" width=\"630\" height=\"473\" \/>En una nutrida asamblea de ATE realizada esta ma\u00f1ana, trabajadoras y trabajadores de la Direcci\u00f3n de Administraci\u00f3n del Ministerio de Educaci\u00f3n de la Provincia debatieron alrededor de las problem\u00e1ticas salariales y de condiciones de trabajo en la dependencia, ubicada en Santa Rosa 751.<\/p>\n<p>La reuni\u00f3n estuvo encabezada por el secretario Gremial de ATE C\u00f3rdoba, Jorge Chalup, su par de Organizaci\u00f3n, Javier Bracamonte, y las delegadas de ATE\u00a0Betina Salinas y Estela Ju\u00e1rez.<\/p>\n<p>En ese marco, el personal planteo la necesidad de lograr mejoras salariales sustanciales, frente a los bajos sueldos que cobra el sector administrativo.<\/p>\n<div id='gallery_1' class='gallery galleryid-48022 gallery-columns-3 gallery-size-thumbnail'><figure class='gallery-item'>\n                <div class='gallery-icon landscape'>\n                    <a href='https:\/\/atecordoba.org\/wp-content\/uploads\/2025\/03\/WhatsApp-Image-2025-03-18-at-12.35.37-1-scaled.jpeg'><img loading=\"lazy\" decoding=\"async\" width=\"150\" height=\"150\" src=\"\" class=\"attachment-thumbnail size-thumbnail lazyload\" alt=\"\" data-src=\"https:\/\/atecordoba.org\/wp-content\/uploads\/2025\/03\/WhatsApp-Image-2025-03-18-at-12.35.37-1-150x150.jpeg\" data-sizes=\"auto\" data-srcset=\"https:\/\/atecordoba.org\/wp-content\/uploads\/2025\/03\/WhatsApp-Image-2025-03-18-at-12.35.37-1-150x150.jpeg 150w, https:\/\/atecordoba.org\/wp-content\/uploads\/2025\/03\/WhatsApp-Image-2025-03-18-at-12.35.37-1-560x560.jpeg 560w, https:\/\/atecordoba.org\/wp-content\/uploads\/2025\/03\/WhatsApp-Image-2025-03-18-at-12.35.37-1-75x75.jpeg 75w, https:\/\/atecordoba.org\/wp-content\/uploads\/2025\/03\/WhatsApp-Image-2025-03-18-at-12.35.37-1-350x350.jpeg 350w\" data-expand=\"700\" \/><\/a>\n                <\/div><\/figure><figure class='gallery-item'>\n                <div class='gallery-icon landscape'>\n                    <a href='https:\/\/atecordoba.org\/wp-content\/uploads\/2025\/03\/WhatsApp-Image-2025-03-18-at-12.35.37-2-scaled.jpeg'><img loading=\"lazy\" decoding=\"async\" width=\"150\" height=\"150\" src=\"\" class=\"attachment-thumbnail size-thumbnail lazyload\" alt=\"\" data-src=\"https:\/\/atecordoba.org\/wp-content\/uploads\/2025\/03\/WhatsApp-Image-2025-03-18-at-12.35.37-2-150x150.jpeg\" data-sizes=\"auto\" data-srcset=\"https:\/\/atecordoba.org\/wp-content\/uploads\/2025\/03\/WhatsApp-Image-2025-03-18-at-12.35.37-2-150x150.jpeg 150w, https:\/\/atecordoba.org\/wp-content\/uploads\/2025\/03\/WhatsApp-Image-2025-03-18-at-12.35.37-2-560x560.jpeg 560w, https:\/\/atecordoba.org\/wp-content\/uploads\/2025\/03\/WhatsApp-Image-2025-03-18-at-12.35.37-2-75x75.jpeg 75w, https:\/\/atecordoba.org\/wp-content\/uploads\/2025\/03\/WhatsApp-Image-2025-03-18-at-12.35.37-2-350x350.jpeg 350w\" data-expand=\"700\" \/><\/a>\n                <\/div><\/figure><figure class='gallery-item'>\n                <div class='gallery-icon landscape'>\n                    <a href='https:\/\/atecordoba.org\/wp-content\/uploads\/2025\/03\/WhatsApp-Image-2025-03-18-at-12.35.39-1-scaled.jpeg'><img loading=\"lazy\" decoding=\"async\" width=\"150\" height=\"150\" src=\"\" class=\"attachment-thumbnail size-thumbnail lazyload\" alt=\"\" data-src=\"https:\/\/atecordoba.org\/wp-content\/uploads\/2025\/03\/WhatsApp-Image-2025-03-18-at-12.35.39-1-150x150.jpeg\" data-sizes=\"auto\" data-srcset=\"https:\/\/atecordoba.org\/wp-content\/uploads\/2025\/03\/WhatsApp-Image-2025-03-18-at-12.35.39-1-150x150.jpeg 150w, https:\/\/atecordoba.org\/wp-content\/uploads\/2025\/03\/WhatsApp-Image-2025-03-18-at-12.35.39-1-560x560.jpeg 560w, https:\/\/atecordoba.org\/wp-content\/uploads\/2025\/03\/WhatsApp-Image-2025-03-18-at-12.35.39-1-75x75.jpeg 75w, https:\/\/atecordoba.org\/wp-content\/uploads\/2025\/03\/WhatsApp-Image-2025-03-18-at-12.35.39-1-350x350.jpeg 350w\" data-expand=\"700\" \/><\/a>\n                <\/div><\/figure><br style=\"clear: both\" \/>\n            <\/div>\n\n<p>Una alternativa que plante\u00f3 la asamblea es la distribuci\u00f3n de las horas c\u00e1tedra, ya presupuestadas y que est\u00e1n\u00a0 vacantes, entre las y los compa\u00f1eros que tiene un solo cargo. Vale mencionar que la mayor\u00eda del plantel tiene dos cargos, sean horas docentes o administrativas, en aplicaci\u00f3n de un r\u00e9gimen salarial vinculado al convenio salarial docente, establecido en &#8220;horas c\u00e1tedra&#8221;.<\/p>\n<p>En esa l\u00ednea, las y los compa\u00f1eros plantearon el reclamo de cobrar el adicional para los cargos administrativos que el Estado provincial otorga al resto de las dependencias provinciales.<\/p>\n<p>Por \u00faltimo, la asamblea reclam\u00f3 la apertura de concursos de jefatura, y plante\u00f3 dichos cargos que solo sean cubiertos por administrativos de la dependencia.<\/p>\n<p>&nbsp;<\/p>\n","protected":false},"excerpt":{"rendered":"<p>En una nutrida asamblea de ATE realizada esta ma\u00f1ana, trabajadoras y trabajadores de la Direcci\u00f3n de Administraci\u00f3n del Ministerio de Educaci\u00f3n de la Provincia debatieron alrededor de las problem\u00e1ticas salariales y de condiciones de trabajo en la dependencia, ubicada en Santa Rosa 751. La reuni\u00f3n estuvo encabezada por el secretario Gremial de ATE C\u00f3rdoba, Jorge [&hellip;]<\/p>\n","protected":false},"author":7,"featured_media":48023,"comment_status":"open","ping_status":"open","sticky":false,"template":"","format":"standard","meta":{"_exactmetrics_skip_tracking":false,"_exactmetrics_sitenote_active":false,"_exactmetrics_sitenote_note":"","_exactmetrics_sitenote_category":0,"jnews-multi-image_gallery":[],"jnews_single_post":{"format":"standard","override":[{"template":"1","parallax":"1","fullscreen":"1","layout":"no-sidebar-narrow","sidebar":"default-sidebar","second_sidebar":"default-sidebar","sticky_sidebar":"1","share_position":"bottom","share_float_style":"share-monocrhome","show_share_counter":"1","show_view_counter":"1","show_post_meta":"1","show_post_author_image":"1","show_post_date":"1","post_date_format":"default","post_date_format_custom":"Y\/m\/d","show_post_category":"1","show_post_reading_time":"0","post_reading_time_wpm":"300","post_calculate_word_method":"str_word_count","show_zoom_button":"0","zoom_button_out_step":"2","zoom_button_in_step":"3","show_post_tag":"1","number_popup_post":"1","show_post_related":"1","show_inline_post_related":"0"}],"image_override":[{"single_post_thumbnail_size":"crop-500","single_post_gallery_size":"crop-500"}],"trending_post_position":"meta","trending_post_label":"Trending","sponsored_post_label":"Sponsored by","disable_ad":"0"},"jnews_primary_category":[],"jnews_social_meta":[],"jnews_review":[],"enable_review":"","type":"percentage","name":"","summary":"","brand":"","sku":"","good":[],"bad":[],"score_override":"","override_value":"","rating":[],"price":[],"jnews_override_counter":{"view_counter_number":"0","share_counter_number":"0","like_counter_number":"0","dislike_counter_number":"0"},"jnews_post_split":{"post_split":[{"template":"1","tag":"h2","numbering":"asc","mode":"normal","first":"0","enable_toc":"0","toc_type":"normal"}]},"footnotes":""},"categories":[8],"tags":[473],"class_list":["post-48022","post","type-post","status-publish","format-standard","has-post-thumbnail","hentry","category-provinciales","tag-ministerio-de-educacion"],"jetpack_featured_media_url":"https:\/\/atecordoba.org\/wp-content\/uploads\/2025\/03\/WhatsApp-Image-2025-03-18-at-12.35.36-scaled-e1742315339214.jpeg","_links":{"self":[{"href":"https:\/\/atecordoba.org\/index.php?rest_route=\/wp\/v2\/posts\/48022","targetHints":{"allow":["GET"]}}],"collection":[{"href":"https:\/\/atecordoba.org\/index.php?rest_route=\/wp\/v2\/posts"}],"about":[{"href":"https:\/\/atecordoba.org\/index.php?rest_route=\/wp\/v2\/types\/post"}],"author":[{"embeddable":true,"href":"https:\/\/atecordoba.org\/index.php?rest_route=\/wp\/v2\/users\/7"}],"replies":[{"embeddable":true,"href":"https:\/\/atecordoba.org\/index.php?rest_route=%2Fwp%2Fv2%2Fcomments&post=48022"}],"version-history":[{"count":1,"href":"https:\/\/atecordoba.org\/index.php?rest_route=\/wp\/v2\/posts\/48022\/revisions"}],"predecessor-version":[{"id":48027,"href":"https:\/\/atecordoba.org\/index.php?rest_route=\/wp\/v2\/posts\/48022\/revisions\/48027"}],"wp:featuredmedia":[{"embeddable":true,"href":"https:\/\/atecordoba.org\/index.php?rest_route=\/wp\/v2\/media\/48023"}],"wp:attachment":[{"href":"https:\/\/atecordoba.org\/index.php?rest_route=%2Fwp%2Fv2%2Fmedia&parent=48022"}],"wp:term":[{"taxonomy":"category","embeddable":true,"href":"https:\/\/atecordoba.org\/index.php?rest_route=%2Fwp%2Fv2%2Fcategories&post=48022"},{"taxonomy":"post_tag","embeddable":true,"href":"https:\/\/atecordoba.org\/index.php?rest_route=%2Fwp%2Fv2%2Ftags&post=48022"}],"curies":[{"name":"wp","href":"https:\/\/api.w.org\/{rel}","templated":true}]}}