{"id":47964,"date":"2025-03-14T21:24:30","date_gmt":"2025-03-15T00:24:30","guid":{"rendered":"https:\/\/atecordoba.org\/?p=47964"},"modified":"2025-03-15T15:49:20","modified_gmt":"2025-03-15T18:49:20","slug":"asamblea-aprueba-memoria-y-balance-y-designa-58-delegados-para-el-xxvii-congreso-provincial","status":"publish","type":"post","link":"https:\/\/atecordoba.org\/?p=47964","title":{"rendered":"La asamblea del CDP aprueba enviar memoria y balance al XXVII Congreso provincial y designa los 58 congresales"},"content":{"rendered":"<p><img loading=\"lazy\" decoding=\"async\" class=\"aligncenter wp-image-47965 \" src=\"https:\/\/atecordoba.org\/wp-content\/uploads\/2025\/03\/Imagen-de-WhatsApp-2025-03-14-a-las-20.42.24_63b410da-1024x769.jpg\" alt=\"\" width=\"613\" height=\"460\" srcset=\"https:\/\/atecordoba.org\/wp-content\/uploads\/2025\/03\/Imagen-de-WhatsApp-2025-03-14-a-las-20.42.24_63b410da-1024x769.jpg 1024w, https:\/\/atecordoba.org\/wp-content\/uploads\/2025\/03\/Imagen-de-WhatsApp-2025-03-14-a-las-20.42.24_63b410da-300x225.jpg 300w, https:\/\/atecordoba.org\/wp-content\/uploads\/2025\/03\/Imagen-de-WhatsApp-2025-03-14-a-las-20.42.24_63b410da-768x577.jpg 768w, https:\/\/atecordoba.org\/wp-content\/uploads\/2025\/03\/Imagen-de-WhatsApp-2025-03-14-a-las-20.42.24_63b410da-1536x1153.jpg 1536w, https:\/\/atecordoba.org\/wp-content\/uploads\/2025\/03\/Imagen-de-WhatsApp-2025-03-14-a-las-20.42.24_63b410da-2048x1537.jpg 2048w, https:\/\/atecordoba.org\/wp-content\/uploads\/2025\/03\/Imagen-de-WhatsApp-2025-03-14-a-las-20.42.24_63b410da-750x563.jpg 750w, https:\/\/atecordoba.org\/wp-content\/uploads\/2025\/03\/Imagen-de-WhatsApp-2025-03-14-a-las-20.42.24_63b410da-1140x856.jpg 1140w\" sizes=\"auto, (max-width: 613px) 100vw, 613px\" \/>En la sede del Consejo Directivo Provincial, la asamblea de afiliados y afiliadas aprob\u00f3 enviar la memoria y el balance al XXVII Congreso Provincial sobre lo actuado en el periodo 2024.<\/p>\n<p>A partir de las 18 horas se desarroll\u00f3 el acto, cuya Mesa de Autoridades estuvo presidida por el secretario General de ATE C\u00f3rdoba, Federico Giuliani.<\/p>\n<p>La votaci\u00f3n propuesta fue aprobada por unanimidad, destac\u00e1ndose el apoyo de las y los afiliados a la gesti\u00f3n de la actual conducci\u00f3n de ATE.<\/p>\n<p><img loading=\"lazy\" decoding=\"async\" class=\"aligncenter wp-image-47966 \" src=\"https:\/\/atecordoba.org\/wp-content\/uploads\/2025\/03\/Imagen-de-WhatsApp-2025-03-14-a-las-19.38.18_888f3ffc-1024x769.jpg\" alt=\"\" width=\"623\" height=\"468\" srcset=\"https:\/\/atecordoba.org\/wp-content\/uploads\/2025\/03\/Imagen-de-WhatsApp-2025-03-14-a-las-19.38.18_888f3ffc-1024x769.jpg 1024w, https:\/\/atecordoba.org\/wp-content\/uploads\/2025\/03\/Imagen-de-WhatsApp-2025-03-14-a-las-19.38.18_888f3ffc-300x225.jpg 300w, https:\/\/atecordoba.org\/wp-content\/uploads\/2025\/03\/Imagen-de-WhatsApp-2025-03-14-a-las-19.38.18_888f3ffc-768x577.jpg 768w, https:\/\/atecordoba.org\/wp-content\/uploads\/2025\/03\/Imagen-de-WhatsApp-2025-03-14-a-las-19.38.18_888f3ffc-1536x1153.jpg 1536w, https:\/\/atecordoba.org\/wp-content\/uploads\/2025\/03\/Imagen-de-WhatsApp-2025-03-14-a-las-19.38.18_888f3ffc-2048x1537.jpg 2048w, https:\/\/atecordoba.org\/wp-content\/uploads\/2025\/03\/Imagen-de-WhatsApp-2025-03-14-a-las-19.38.18_888f3ffc-750x563.jpg 750w, https:\/\/atecordoba.org\/wp-content\/uploads\/2025\/03\/Imagen-de-WhatsApp-2025-03-14-a-las-19.38.18_888f3ffc-1140x856.jpg 1140w\" sizes=\"auto, (max-width: 623px) 100vw, 623px\" \/><\/p>\n<p>Vale se\u00f1alar que el balance contable fue le\u00eddo a la asamblea por el secretario de Finanzas, Ricardo Reyna, en tanto la secretaria de Prensa, Julia Giuliani, tuvo a su cargo la lectura de la memoria de actividades.<\/p>\n<p>Sectores presentes: Conae, VENG, Agricultura Familiar, Trabajadores Civiles de las FFAA, Ministerio de Trabajo, CDR, Conae, Conicet, Parques Nacionales, Pami, Migraciones, Escuela de Gendarmer\u00eda, Senasa, Dioxitek, Renaper, CNRT, SRT, Salud Provincial (Hospitales Misericordia, De Ni\u00f1os, Luis Bellodi de Mina Clavero, Neonatal, San Roque Viejo), Educaci\u00f3n Provincial, Paicor, municipales de Salsipuedes, Cura Brochero, Mendiolaza, R\u00edo Primero, Anisacate, Valle de Anisacate, Alta Gracia. Tambi\u00e9n se destac\u00f3 la presencia jubiladas y jubilados de ATE, representados por Nora Cendra, que integro la mesa de autoridades, junto a la secretaria Adjunta de ATE C\u00f3rdoba, Gabriela Alcoba, y la compa\u00f1era de la SAF, Natalia Arrieta.<\/p>\n<p>Para aquellas afiliadas y afiliados que deseen acceder a la Memoria de Actividades 2024, deben ingresar <a href=\"https:\/\/atecordoba.org\/?p=47903\">aqu\u00ed<\/a>.<\/p>\n<p><img loading=\"lazy\" decoding=\"async\" class=\"aligncenter wp-image-47967 \" src=\"https:\/\/atecordoba.org\/wp-content\/uploads\/2025\/03\/Imagen-de-WhatsApp-2025-03-14-a-las-19.38.04_0fcdd53d-1024x769.jpg\" alt=\"\" width=\"634\" height=\"476\" \/><\/p>\n<p><strong>Congresales<\/strong><\/p>\n<p>Acto seguido se realiz\u00f3 la aprobaci\u00f3n de los 58 congresales que van a integrar el XXVII Congreso Provincial Ordinario y Extraordinario de ATE C\u00f3rdoba el pr\u00f3ximo 25 de abril, donde estar\u00e1n presentes todas las seccionales junto al Consejo Directivo Provincial.<\/p>\n<p>127 afiliados presentes eligieron a mano alzada los 58 congresales, que deber\u00e1n analizar y aprobar la memoria y balance provincial.<\/p>\n<div id='gallery_1' class='gallery galleryid-47964 gallery-columns-3 gallery-size-thumbnail'><figure class='gallery-item'>\n                <div class='gallery-icon landscape'>\n                    <a href='https:\/\/atecordoba.org\/wp-content\/uploads\/2025\/03\/Imagen-de-WhatsApp-2025-03-14-a-las-19.38.28_5b6e9f1a-scaled.jpg'><img loading=\"lazy\" decoding=\"async\" width=\"150\" height=\"150\" src=\"\" class=\"attachment-thumbnail size-thumbnail lazyload\" alt=\"\" data-src=\"https:\/\/atecordoba.org\/wp-content\/uploads\/2025\/03\/Imagen-de-WhatsApp-2025-03-14-a-las-19.38.28_5b6e9f1a-150x150.jpg\" data-sizes=\"auto\" data-srcset=\"https:\/\/atecordoba.org\/wp-content\/uploads\/2025\/03\/Imagen-de-WhatsApp-2025-03-14-a-las-19.38.28_5b6e9f1a-150x150.jpg 150w, https:\/\/atecordoba.org\/wp-content\/uploads\/2025\/03\/Imagen-de-WhatsApp-2025-03-14-a-las-19.38.28_5b6e9f1a-560x560.jpg 560w, https:\/\/atecordoba.org\/wp-content\/uploads\/2025\/03\/Imagen-de-WhatsApp-2025-03-14-a-las-19.38.28_5b6e9f1a-75x75.jpg 75w, https:\/\/atecordoba.org\/wp-content\/uploads\/2025\/03\/Imagen-de-WhatsApp-2025-03-14-a-las-19.38.28_5b6e9f1a-350x350.jpg 350w\" data-expand=\"700\" \/><\/a>\n                <\/div><\/figure><figure class='gallery-item'>\n                <div class='gallery-icon portrait'>\n                    <a href='https:\/\/atecordoba.org\/wp-content\/uploads\/2025\/03\/Imagen-de-WhatsApp-2025-03-14-a-las-19.37.58_da9c8e18-scaled.jpg'><img loading=\"lazy\" decoding=\"async\" width=\"150\" height=\"150\" src=\"\" class=\"attachment-thumbnail size-thumbnail lazyload\" alt=\"\" data-src=\"https:\/\/atecordoba.org\/wp-content\/uploads\/2025\/03\/Imagen-de-WhatsApp-2025-03-14-a-las-19.37.58_da9c8e18-150x150.jpg\" data-sizes=\"auto\" data-srcset=\"https:\/\/atecordoba.org\/wp-content\/uploads\/2025\/03\/Imagen-de-WhatsApp-2025-03-14-a-las-19.37.58_da9c8e18-150x150.jpg 150w, https:\/\/atecordoba.org\/wp-content\/uploads\/2025\/03\/Imagen-de-WhatsApp-2025-03-14-a-las-19.37.58_da9c8e18-560x560.jpg 560w, https:\/\/atecordoba.org\/wp-content\/uploads\/2025\/03\/Imagen-de-WhatsApp-2025-03-14-a-las-19.37.58_da9c8e18-75x75.jpg 75w, https:\/\/atecordoba.org\/wp-content\/uploads\/2025\/03\/Imagen-de-WhatsApp-2025-03-14-a-las-19.37.58_da9c8e18-350x350.jpg 350w\" data-expand=\"700\" \/><\/a>\n                <\/div><\/figure><figure class='gallery-item'>\n                <div class='gallery-icon portrait'>\n                    <a href='https:\/\/atecordoba.org\/wp-content\/uploads\/2025\/03\/Imagen-de-WhatsApp-2025-03-14-a-las-19.38.02_b7df1a82-scaled.jpg'><img loading=\"lazy\" decoding=\"async\" width=\"150\" height=\"150\" src=\"\" class=\"attachment-thumbnail size-thumbnail lazyload\" alt=\"\" data-src=\"https:\/\/atecordoba.org\/wp-content\/uploads\/2025\/03\/Imagen-de-WhatsApp-2025-03-14-a-las-19.38.02_b7df1a82-150x150.jpg\" data-sizes=\"auto\" data-srcset=\"https:\/\/atecordoba.org\/wp-content\/uploads\/2025\/03\/Imagen-de-WhatsApp-2025-03-14-a-las-19.38.02_b7df1a82-150x150.jpg 150w, https:\/\/atecordoba.org\/wp-content\/uploads\/2025\/03\/Imagen-de-WhatsApp-2025-03-14-a-las-19.38.02_b7df1a82-560x560.jpg 560w, https:\/\/atecordoba.org\/wp-content\/uploads\/2025\/03\/Imagen-de-WhatsApp-2025-03-14-a-las-19.38.02_b7df1a82-75x75.jpg 75w, https:\/\/atecordoba.org\/wp-content\/uploads\/2025\/03\/Imagen-de-WhatsApp-2025-03-14-a-las-19.38.02_b7df1a82-350x350.jpg 350w\" data-expand=\"700\" \/><\/a>\n                <\/div><\/figure><br style=\"clear: both\" \/><figure class='gallery-item'>\n                <div class='gallery-icon landscape'>\n                    <a href='https:\/\/atecordoba.org\/wp-content\/uploads\/2025\/03\/Imagen-de-WhatsApp-2025-03-14-a-las-19.38.03_0edc13ee-scaled.jpg'><img loading=\"lazy\" decoding=\"async\" width=\"150\" height=\"150\" src=\"\" class=\"attachment-thumbnail size-thumbnail lazyload\" alt=\"\" data-src=\"https:\/\/atecordoba.org\/wp-content\/uploads\/2025\/03\/Imagen-de-WhatsApp-2025-03-14-a-las-19.38.03_0edc13ee-150x150.jpg\" data-sizes=\"auto\" data-srcset=\"https:\/\/atecordoba.org\/wp-content\/uploads\/2025\/03\/Imagen-de-WhatsApp-2025-03-14-a-las-19.38.03_0edc13ee-150x150.jpg 150w, https:\/\/atecordoba.org\/wp-content\/uploads\/2025\/03\/Imagen-de-WhatsApp-2025-03-14-a-las-19.38.03_0edc13ee-560x560.jpg 560w, https:\/\/atecordoba.org\/wp-content\/uploads\/2025\/03\/Imagen-de-WhatsApp-2025-03-14-a-las-19.38.03_0edc13ee-75x75.jpg 75w, https:\/\/atecordoba.org\/wp-content\/uploads\/2025\/03\/Imagen-de-WhatsApp-2025-03-14-a-las-19.38.03_0edc13ee-350x350.jpg 350w\" data-expand=\"700\" \/><\/a>\n                <\/div><\/figure><figure class='gallery-item'>\n                <div class='gallery-icon landscape'>\n                    <a href='https:\/\/atecordoba.org\/wp-content\/uploads\/2025\/03\/Imagen-de-WhatsApp-2025-03-14-a-las-19.38.06_32733924-scaled.jpg'><img loading=\"lazy\" decoding=\"async\" width=\"150\" height=\"150\" src=\"\" class=\"attachment-thumbnail size-thumbnail lazyload\" alt=\"\" data-src=\"https:\/\/atecordoba.org\/wp-content\/uploads\/2025\/03\/Imagen-de-WhatsApp-2025-03-14-a-las-19.38.06_32733924-150x150.jpg\" data-sizes=\"auto\" data-srcset=\"https:\/\/atecordoba.org\/wp-content\/uploads\/2025\/03\/Imagen-de-WhatsApp-2025-03-14-a-las-19.38.06_32733924-150x150.jpg 150w, https:\/\/atecordoba.org\/wp-content\/uploads\/2025\/03\/Imagen-de-WhatsApp-2025-03-14-a-las-19.38.06_32733924-560x560.jpg 560w, https:\/\/atecordoba.org\/wp-content\/uploads\/2025\/03\/Imagen-de-WhatsApp-2025-03-14-a-las-19.38.06_32733924-75x75.jpg 75w, https:\/\/atecordoba.org\/wp-content\/uploads\/2025\/03\/Imagen-de-WhatsApp-2025-03-14-a-las-19.38.06_32733924-350x350.jpg 350w\" data-expand=\"700\" \/><\/a>\n                <\/div><\/figure><figure class='gallery-item'>\n                <div class='gallery-icon landscape'>\n                    <a href='https:\/\/atecordoba.org\/wp-content\/uploads\/2025\/03\/Imagen-de-WhatsApp-2025-03-14-a-las-19.38.07_7b32e092-scaled.jpg'><img loading=\"lazy\" decoding=\"async\" width=\"150\" height=\"150\" src=\"\" class=\"attachment-thumbnail size-thumbnail lazyload\" alt=\"\" data-src=\"https:\/\/atecordoba.org\/wp-content\/uploads\/2025\/03\/Imagen-de-WhatsApp-2025-03-14-a-las-19.38.07_7b32e092-150x150.jpg\" data-sizes=\"auto\" data-srcset=\"https:\/\/atecordoba.org\/wp-content\/uploads\/2025\/03\/Imagen-de-WhatsApp-2025-03-14-a-las-19.38.07_7b32e092-150x150.jpg 150w, https:\/\/atecordoba.org\/wp-content\/uploads\/2025\/03\/Imagen-de-WhatsApp-2025-03-14-a-las-19.38.07_7b32e092-560x560.jpg 560w, https:\/\/atecordoba.org\/wp-content\/uploads\/2025\/03\/Imagen-de-WhatsApp-2025-03-14-a-las-19.38.07_7b32e092-75x75.jpg 75w, https:\/\/atecordoba.org\/wp-content\/uploads\/2025\/03\/Imagen-de-WhatsApp-2025-03-14-a-las-19.38.07_7b32e092-350x350.jpg 350w\" data-expand=\"700\" \/><\/a>\n                <\/div><\/figure><br style=\"clear: both\" \/><figure class='gallery-item'>\n                <div class='gallery-icon landscape'>\n                    <a href='https:\/\/atecordoba.org\/wp-content\/uploads\/2025\/03\/Imagen-de-WhatsApp-2025-03-14-a-las-19.38.17_c03caced-scaled.jpg'><img loading=\"lazy\" decoding=\"async\" width=\"150\" height=\"150\" src=\"\" class=\"attachment-thumbnail size-thumbnail lazyload\" alt=\"\" data-src=\"https:\/\/atecordoba.org\/wp-content\/uploads\/2025\/03\/Imagen-de-WhatsApp-2025-03-14-a-las-19.38.17_c03caced-150x150.jpg\" data-sizes=\"auto\" data-srcset=\"https:\/\/atecordoba.org\/wp-content\/uploads\/2025\/03\/Imagen-de-WhatsApp-2025-03-14-a-las-19.38.17_c03caced-150x150.jpg 150w, https:\/\/atecordoba.org\/wp-content\/uploads\/2025\/03\/Imagen-de-WhatsApp-2025-03-14-a-las-19.38.17_c03caced-560x560.jpg 560w, https:\/\/atecordoba.org\/wp-content\/uploads\/2025\/03\/Imagen-de-WhatsApp-2025-03-14-a-las-19.38.17_c03caced-75x75.jpg 75w, https:\/\/atecordoba.org\/wp-content\/uploads\/2025\/03\/Imagen-de-WhatsApp-2025-03-14-a-las-19.38.17_c03caced-350x350.jpg 350w\" data-expand=\"700\" \/><\/a>\n                <\/div><\/figure><figure class='gallery-item'>\n                <div class='gallery-icon landscape'>\n                    <a href='https:\/\/atecordoba.org\/wp-content\/uploads\/2025\/03\/Imagen-de-WhatsApp-2025-03-14-a-las-19.38.24_879ecffa.jpg'><img loading=\"lazy\" decoding=\"async\" width=\"150\" height=\"150\" src=\"\" class=\"attachment-thumbnail size-thumbnail lazyload\" alt=\"\" data-src=\"https:\/\/atecordoba.org\/wp-content\/uploads\/2025\/03\/Imagen-de-WhatsApp-2025-03-14-a-las-19.38.24_879ecffa-150x150.jpg\" data-sizes=\"auto\" data-srcset=\"https:\/\/atecordoba.org\/wp-content\/uploads\/2025\/03\/Imagen-de-WhatsApp-2025-03-14-a-las-19.38.24_879ecffa-150x150.jpg 150w, https:\/\/atecordoba.org\/wp-content\/uploads\/2025\/03\/Imagen-de-WhatsApp-2025-03-14-a-las-19.38.24_879ecffa-560x560.jpg 560w, https:\/\/atecordoba.org\/wp-content\/uploads\/2025\/03\/Imagen-de-WhatsApp-2025-03-14-a-las-19.38.24_879ecffa-75x75.jpg 75w, https:\/\/atecordoba.org\/wp-content\/uploads\/2025\/03\/Imagen-de-WhatsApp-2025-03-14-a-las-19.38.24_879ecffa-350x350.jpg 350w\" data-expand=\"700\" \/><\/a>\n                <\/div><\/figure><figure class='gallery-item'>\n                <div class='gallery-icon landscape'>\n                    <a href='https:\/\/atecordoba.org\/wp-content\/uploads\/2025\/03\/Imagen-de-WhatsApp-2025-03-14-a-las-19.38.19_04e20d0e-scaled.jpg'><img loading=\"lazy\" decoding=\"async\" width=\"150\" height=\"150\" src=\"\" class=\"attachment-thumbnail size-thumbnail lazyload\" alt=\"\" data-src=\"https:\/\/atecordoba.org\/wp-content\/uploads\/2025\/03\/Imagen-de-WhatsApp-2025-03-14-a-las-19.38.19_04e20d0e-150x150.jpg\" data-sizes=\"auto\" data-srcset=\"https:\/\/atecordoba.org\/wp-content\/uploads\/2025\/03\/Imagen-de-WhatsApp-2025-03-14-a-las-19.38.19_04e20d0e-150x150.jpg 150w, https:\/\/atecordoba.org\/wp-content\/uploads\/2025\/03\/Imagen-de-WhatsApp-2025-03-14-a-las-19.38.19_04e20d0e-560x560.jpg 560w, https:\/\/atecordoba.org\/wp-content\/uploads\/2025\/03\/Imagen-de-WhatsApp-2025-03-14-a-las-19.38.19_04e20d0e-75x75.jpg 75w, https:\/\/atecordoba.org\/wp-content\/uploads\/2025\/03\/Imagen-de-WhatsApp-2025-03-14-a-las-19.38.19_04e20d0e-350x350.jpg 350w\" data-expand=\"700\" \/><\/a>\n                <\/div><\/figure><br style=\"clear: both\" \/><figure class='gallery-item'>\n                <div class='gallery-icon landscape'>\n                    <a href='https:\/\/atecordoba.org\/wp-content\/uploads\/2025\/03\/Imagen-de-WhatsApp-2025-03-14-a-las-19.38.24_879ecffa-1.jpg'><img loading=\"lazy\" decoding=\"async\" width=\"150\" height=\"150\" src=\"\" class=\"attachment-thumbnail size-thumbnail lazyload\" alt=\"\" data-src=\"https:\/\/atecordoba.org\/wp-content\/uploads\/2025\/03\/Imagen-de-WhatsApp-2025-03-14-a-las-19.38.24_879ecffa-1-150x150.jpg\" data-sizes=\"auto\" data-srcset=\"https:\/\/atecordoba.org\/wp-content\/uploads\/2025\/03\/Imagen-de-WhatsApp-2025-03-14-a-las-19.38.24_879ecffa-1-150x150.jpg 150w, https:\/\/atecordoba.org\/wp-content\/uploads\/2025\/03\/Imagen-de-WhatsApp-2025-03-14-a-las-19.38.24_879ecffa-1-560x560.jpg 560w, https:\/\/atecordoba.org\/wp-content\/uploads\/2025\/03\/Imagen-de-WhatsApp-2025-03-14-a-las-19.38.24_879ecffa-1-75x75.jpg 75w, https:\/\/atecordoba.org\/wp-content\/uploads\/2025\/03\/Imagen-de-WhatsApp-2025-03-14-a-las-19.38.24_879ecffa-1-350x350.jpg 350w\" data-expand=\"700\" \/><\/a>\n                <\/div><\/figure><figure class='gallery-item'>\n                <div class='gallery-icon landscape'>\n                    <a href='https:\/\/atecordoba.org\/wp-content\/uploads\/2025\/03\/Imagen-de-WhatsApp-2025-03-14-a-las-19.38.28_5b6e9f1a-1-scaled.jpg'><img loading=\"lazy\" decoding=\"async\" width=\"150\" height=\"150\" src=\"\" class=\"attachment-thumbnail size-thumbnail lazyload\" alt=\"\" data-src=\"https:\/\/atecordoba.org\/wp-content\/uploads\/2025\/03\/Imagen-de-WhatsApp-2025-03-14-a-las-19.38.28_5b6e9f1a-1-150x150.jpg\" data-sizes=\"auto\" data-srcset=\"https:\/\/atecordoba.org\/wp-content\/uploads\/2025\/03\/Imagen-de-WhatsApp-2025-03-14-a-las-19.38.28_5b6e9f1a-1-150x150.jpg 150w, https:\/\/atecordoba.org\/wp-content\/uploads\/2025\/03\/Imagen-de-WhatsApp-2025-03-14-a-las-19.38.28_5b6e9f1a-1-560x560.jpg 560w, https:\/\/atecordoba.org\/wp-content\/uploads\/2025\/03\/Imagen-de-WhatsApp-2025-03-14-a-las-19.38.28_5b6e9f1a-1-75x75.jpg 75w, https:\/\/atecordoba.org\/wp-content\/uploads\/2025\/03\/Imagen-de-WhatsApp-2025-03-14-a-las-19.38.28_5b6e9f1a-1-350x350.jpg 350w\" data-expand=\"700\" \/><\/a>\n                <\/div><\/figure><figure class='gallery-item'>\n                <div class='gallery-icon landscape'>\n                    <a href='https:\/\/atecordoba.org\/wp-content\/uploads\/2025\/03\/Imagen-de-WhatsApp-2025-03-14-a-las-19.38.13_5d9a27c0-scaled.jpg'><img loading=\"lazy\" decoding=\"async\" width=\"150\" height=\"150\" src=\"\" class=\"attachment-thumbnail size-thumbnail lazyload\" alt=\"\" data-src=\"https:\/\/atecordoba.org\/wp-content\/uploads\/2025\/03\/Imagen-de-WhatsApp-2025-03-14-a-las-19.38.13_5d9a27c0-150x150.jpg\" data-sizes=\"auto\" data-srcset=\"https:\/\/atecordoba.org\/wp-content\/uploads\/2025\/03\/Imagen-de-WhatsApp-2025-03-14-a-las-19.38.13_5d9a27c0-150x150.jpg 150w, https:\/\/atecordoba.org\/wp-content\/uploads\/2025\/03\/Imagen-de-WhatsApp-2025-03-14-a-las-19.38.13_5d9a27c0-560x560.jpg 560w, https:\/\/atecordoba.org\/wp-content\/uploads\/2025\/03\/Imagen-de-WhatsApp-2025-03-14-a-las-19.38.13_5d9a27c0-75x75.jpg 75w, https:\/\/atecordoba.org\/wp-content\/uploads\/2025\/03\/Imagen-de-WhatsApp-2025-03-14-a-las-19.38.13_5d9a27c0-350x350.jpg 350w\" data-expand=\"700\" \/><\/a>\n                <\/div><\/figure><br style=\"clear: both\" \/>\n            <\/div>\n\n<p><strong>Alocuciones<\/strong><\/p>\n<p>A la hora de los discursos, durante una extensi\u00f3n de la asamblea, el secretario General de ATE, Federico Giuliani, remarc\u00f3 que la asamblea sesionaba bajo el nombre de Pablo Grillo en homenaje del periodista herido brutalmente por la polic\u00eda en la represi\u00f3n del mi\u00e9rcoles pasado frente al Congreso nacional.<\/p>\n<p>&#8220;En un pa\u00eds sensato la ministra de Seguridad Bullrich ya deber\u00eda haber renunciado. Pero por le contrario la pasean por los medios de comunicaci\u00f3n revictimizando al compa\u00f1ero que pelea por su vida a causa de la represi\u00f3n policial&#8221;, dijo el dirigente.<\/p>\n<p>En tal sentido advirti\u00f3 que &#8220;est\u00e1 claro que los dispositivos de seguridad est\u00e1n cambiando, los organismos de DDHH contaron casi mil heridos por la represi\u00f3n, seg\u00fan el CELS el n\u00famero m\u00e1s alto en una represi\u00f3n desde el 2001 a esta parte. Le pegaron un palazo en la cabeza a una jubilada, tuvimos detenidos en la calle durante dos horas a dos chicos de 12 a\u00f1os. Frente a esto la respuesta debe ser m\u00e1s organizaci\u00f3n y m\u00e1s lucha. Espero que el mi\u00e9rcoles que viene haya m\u00e1s gente en la marcha de los jubilados. Esta represi\u00f3n est\u00e1 emparentada con la represi\u00f3n en Chile en 2019, o el mismo m\u00e9todo que se us\u00f3 en Colombia ese mismo a\u00f1o. En esos dos pa\u00edses se puso en crisis el r\u00e9gimen pol\u00edtico&#8221;.<\/p>\n<p>Y agreg\u00f3: &#8220;esto nos tiene que servir para saber quienes estuvimos en la calle todo este tiempo, porque la clase pol\u00edtica deja mucho que desear. Durante cuatro horas los compa\u00f1eros estuvieron combatiendo contra la polic\u00eda&#8221;.<\/p>\n<p>En t\u00e9rminos organizativos del movimiento obrero, Giuliani analiz\u00f3 que &#8220;si bien el nivel de sindicalizaci\u00f3n de Argentina sigue siendo muy superior al del resto de Am\u00e9rica Latina, con casi el 40% de los laburantes, hay muchos que no est\u00e1n. Porque no comparten los m\u00e9todos, porque no est\u00e1n de acuerdo con la dirigencia sindical que deber\u00eda representarlos&#8221;.<\/p>\n<p>Para finalizar afirmando que &#8220;el mensaje del mi\u00e9rcoles tambi\u00e9n es para la clase pol\u00edtica que ocupa las sillas en el Congreso Nacional. Necesitamos que ganen una. Entre los que no van y los que se dieron vuelta porque le pusieron guita, diputados y senadores del campo nacional y popular son incapaces de voltear el DNU 70\/23 que aun sigue vigente. O veamos la gobernabilidad que el gobernador Llaryora le da a Milei. La que le dan Jaldo de Catamarca o Jalil de Tucum\u00e1n&#8221;.<\/p>\n<p>Por su parte\u00a0Nora Cendra agradeci\u00f3 a los presentes &#8220;porque honran a los 30 mil desaparecidos y a los que quedamos vivos.\u00a0Destaco que el operativo policial de la represi\u00f3n en el Congreso el mi\u00e9rcoles pasado estuvo dirigido por el polic\u00eda que gase\u00f3 a una ni\u00f1a el a\u00f1o pasado. Frente a eso solo queda unirse y tomar la calle. Nosotros los viejos vamos a acompa\u00f1ar&#8221;.<\/p>\n<p>A su turno, Natalia Arrieta, cont\u00f3 que &#8220;soy delegada de Agricultura Familiar y hace ya un a\u00f1o fuimos despedidos el 90% del sector. Nuestra lucha fue muy larga, con muchas marchas, con el acompa\u00f1amiento de compa\u00f1eros de otros sectores. Fuimos agredidos por un diputado nacional, Carlos Guti\u00e9rrez, por el que tuvimos que pasar por tribunales para dar testimonio por el procesamiento del compa\u00f1ero Carlos 70, que finalmente fue absuelto&#8221;.\u00a0Su historia forma parte de la experiencia de lucha de las y los estatales.<\/p>\n<p>Resoluciones del tramo extraordinario de la asamblea: llevar adelante la Jornada Nacional de Lucha con paro el pr\u00f3ximo 27 de marzo, concentrando en el Ministerio de Trabajo de la Naci\u00f3n. Para ello se va a articular con otros sectores, como los sindicatos APA, Aceiteros, Petroqu\u00edmicos, Luz y Fuerza, UEPC Capital y las centrales obreras.<\/p>\n<p>Las mociones aprobadas: acompa\u00f1ar la marcha de las y los jubilados y continuar reclamando Justicia por la compa\u00f1era Fabiana Pacheco y participar de la movilizaci\u00f3n del 24 de Marzo.<\/p>\n<p>Adem\u00e1s se comparti\u00f3 la Grilla de actividades organizadas por ATE en la Semana de la Memoria<br \/>\nParticipar grilla memoria<br \/>\n<img loading=\"lazy\" decoding=\"async\" class=\"alignnone size-medium wp-image-47986\" src=\"https:\/\/atecordoba.org\/wp-content\/uploads\/2025\/03\/Imagen-de-WhatsApp-2025-03-14-a-las-20.14.55_2d8492c6-240x300.jpg\" alt=\"\" width=\"240\" height=\"300\" srcset=\"https:\/\/atecordoba.org\/wp-content\/uploads\/2025\/03\/Imagen-de-WhatsApp-2025-03-14-a-las-20.14.55_2d8492c6-240x300.jpg 240w, https:\/\/atecordoba.org\/wp-content\/uploads\/2025\/03\/Imagen-de-WhatsApp-2025-03-14-a-las-20.14.55_2d8492c6-819x1024.jpg 819w, https:\/\/atecordoba.org\/wp-content\/uploads\/2025\/03\/Imagen-de-WhatsApp-2025-03-14-a-las-20.14.55_2d8492c6-768x960.jpg 768w, https:\/\/atecordoba.org\/wp-content\/uploads\/2025\/03\/Imagen-de-WhatsApp-2025-03-14-a-las-20.14.55_2d8492c6-750x938.jpg 750w, https:\/\/atecordoba.org\/wp-content\/uploads\/2025\/03\/Imagen-de-WhatsApp-2025-03-14-a-las-20.14.55_2d8492c6.jpg 1080w\" sizes=\"auto, (max-width: 240px) 100vw, 240px\" \/> <img loading=\"lazy\" decoding=\"async\" class=\"alignnone size-medium wp-image-47987\" src=\"https:\/\/atecordoba.org\/wp-content\/uploads\/2025\/03\/Imagen-de-WhatsApp-2025-03-14-a-las-20.14.50_399f0c46-238x300.jpg\" alt=\"\" width=\"238\" height=\"300\" srcset=\"https:\/\/atecordoba.org\/wp-content\/uploads\/2025\/03\/Imagen-de-WhatsApp-2025-03-14-a-las-20.14.50_399f0c46-238x300.jpg 238w, https:\/\/atecordoba.org\/wp-content\/uploads\/2025\/03\/Imagen-de-WhatsApp-2025-03-14-a-las-20.14.50_399f0c46-813x1024.jpg 813w, https:\/\/atecordoba.org\/wp-content\/uploads\/2025\/03\/Imagen-de-WhatsApp-2025-03-14-a-las-20.14.50_399f0c46-768x968.jpg 768w, https:\/\/atecordoba.org\/wp-content\/uploads\/2025\/03\/Imagen-de-WhatsApp-2025-03-14-a-las-20.14.50_399f0c46-1219x1536.jpg 1219w, https:\/\/atecordoba.org\/wp-content\/uploads\/2025\/03\/Imagen-de-WhatsApp-2025-03-14-a-las-20.14.50_399f0c46-750x945.jpg 750w, https:\/\/atecordoba.org\/wp-content\/uploads\/2025\/03\/Imagen-de-WhatsApp-2025-03-14-a-las-20.14.50_399f0c46-1140x1436.jpg 1140w, https:\/\/atecordoba.org\/wp-content\/uploads\/2025\/03\/Imagen-de-WhatsApp-2025-03-14-a-las-20.14.50_399f0c46.jpg 1270w\" sizes=\"auto, (max-width: 238px) 100vw, 238px\" \/> <img loading=\"lazy\" decoding=\"async\" class=\"alignnone size-medium wp-image-47988\" src=\"https:\/\/atecordoba.org\/wp-content\/uploads\/2025\/03\/Imagen-de-WhatsApp-2025-03-14-a-las-20.14.50_1665c648-240x300.jpg\" alt=\"\" width=\"240\" height=\"300\" srcset=\"https:\/\/atecordoba.org\/wp-content\/uploads\/2025\/03\/Imagen-de-WhatsApp-2025-03-14-a-las-20.14.50_1665c648-240x300.jpg 240w, https:\/\/atecordoba.org\/wp-content\/uploads\/2025\/03\/Imagen-de-WhatsApp-2025-03-14-a-las-20.14.50_1665c648-819x1024.jpg 819w, https:\/\/atecordoba.org\/wp-content\/uploads\/2025\/03\/Imagen-de-WhatsApp-2025-03-14-a-las-20.14.50_1665c648-768x960.jpg 768w, https:\/\/atecordoba.org\/wp-content\/uploads\/2025\/03\/Imagen-de-WhatsApp-2025-03-14-a-las-20.14.50_1665c648-750x938.jpg 750w, https:\/\/atecordoba.org\/wp-content\/uploads\/2025\/03\/Imagen-de-WhatsApp-2025-03-14-a-las-20.14.50_1665c648.jpg 1080w\" sizes=\"auto, (max-width: 240px) 100vw, 240px\" \/> <img loading=\"lazy\" decoding=\"async\" class=\"alignnone size-medium wp-image-47989\" src=\"https:\/\/atecordoba.org\/wp-content\/uploads\/2025\/03\/Imagen-de-WhatsApp-2025-03-14-a-las-20.14.51_a0553a48-240x300.jpg\" alt=\"\" width=\"240\" height=\"300\" srcset=\"https:\/\/atecordoba.org\/wp-content\/uploads\/2025\/03\/Imagen-de-WhatsApp-2025-03-14-a-las-20.14.51_a0553a48-240x300.jpg 240w, https:\/\/atecordoba.org\/wp-content\/uploads\/2025\/03\/Imagen-de-WhatsApp-2025-03-14-a-las-20.14.51_a0553a48-819x1024.jpg 819w, https:\/\/atecordoba.org\/wp-content\/uploads\/2025\/03\/Imagen-de-WhatsApp-2025-03-14-a-las-20.14.51_a0553a48-768x960.jpg 768w, https:\/\/atecordoba.org\/wp-content\/uploads\/2025\/03\/Imagen-de-WhatsApp-2025-03-14-a-las-20.14.51_a0553a48-750x938.jpg 750w, https:\/\/atecordoba.org\/wp-content\/uploads\/2025\/03\/Imagen-de-WhatsApp-2025-03-14-a-las-20.14.51_a0553a48.jpg 1080w\" sizes=\"auto, (max-width: 240px) 100vw, 240px\" \/> <img loading=\"lazy\" decoding=\"async\" class=\"alignnone size-medium wp-image-47990\" src=\"https:\/\/atecordoba.org\/wp-content\/uploads\/2025\/03\/Imagen-de-WhatsApp-2025-03-14-a-las-20.14.52_118bdb82-240x300.jpg\" alt=\"\" width=\"240\" height=\"300\" srcset=\"https:\/\/atecordoba.org\/wp-content\/uploads\/2025\/03\/Imagen-de-WhatsApp-2025-03-14-a-las-20.14.52_118bdb82-240x300.jpg 240w, https:\/\/atecordoba.org\/wp-content\/uploads\/2025\/03\/Imagen-de-WhatsApp-2025-03-14-a-las-20.14.52_118bdb82-819x1024.jpg 819w, https:\/\/atecordoba.org\/wp-content\/uploads\/2025\/03\/Imagen-de-WhatsApp-2025-03-14-a-las-20.14.52_118bdb82-768x960.jpg 768w, https:\/\/atecordoba.org\/wp-content\/uploads\/2025\/03\/Imagen-de-WhatsApp-2025-03-14-a-las-20.14.52_118bdb82-750x938.jpg 750w, https:\/\/atecordoba.org\/wp-content\/uploads\/2025\/03\/Imagen-de-WhatsApp-2025-03-14-a-las-20.14.52_118bdb82.jpg 1080w\" sizes=\"auto, (max-width: 240px) 100vw, 240px\" \/> <img loading=\"lazy\" decoding=\"async\" class=\"alignnone size-medium wp-image-47991\" src=\"https:\/\/atecordoba.org\/wp-content\/uploads\/2025\/03\/Imagen-de-WhatsApp-2025-03-14-a-las-20.14.53_91a9f5d8-240x300.jpg\" alt=\"\" width=\"240\" height=\"300\" srcset=\"https:\/\/atecordoba.org\/wp-content\/uploads\/2025\/03\/Imagen-de-WhatsApp-2025-03-14-a-las-20.14.53_91a9f5d8-240x300.jpg 240w, https:\/\/atecordoba.org\/wp-content\/uploads\/2025\/03\/Imagen-de-WhatsApp-2025-03-14-a-las-20.14.53_91a9f5d8-819x1024.jpg 819w, https:\/\/atecordoba.org\/wp-content\/uploads\/2025\/03\/Imagen-de-WhatsApp-2025-03-14-a-las-20.14.53_91a9f5d8-768x960.jpg 768w, https:\/\/atecordoba.org\/wp-content\/uploads\/2025\/03\/Imagen-de-WhatsApp-2025-03-14-a-las-20.14.53_91a9f5d8-750x938.jpg 750w, https:\/\/atecordoba.org\/wp-content\/uploads\/2025\/03\/Imagen-de-WhatsApp-2025-03-14-a-las-20.14.53_91a9f5d8.jpg 1080w\" sizes=\"auto, (max-width: 240px) 100vw, 240px\" \/> <img loading=\"lazy\" decoding=\"async\" class=\"alignnone size-medium wp-image-47992\" src=\"https:\/\/atecordoba.org\/wp-content\/uploads\/2025\/03\/Imagen-de-WhatsApp-2025-03-14-a-las-20.14.54_4903f136-240x300.jpg\" alt=\"\" width=\"240\" height=\"300\" srcset=\"https:\/\/atecordoba.org\/wp-content\/uploads\/2025\/03\/Imagen-de-WhatsApp-2025-03-14-a-las-20.14.54_4903f136-240x300.jpg 240w, https:\/\/atecordoba.org\/wp-content\/uploads\/2025\/03\/Imagen-de-WhatsApp-2025-03-14-a-las-20.14.54_4903f136-819x1024.jpg 819w, https:\/\/atecordoba.org\/wp-content\/uploads\/2025\/03\/Imagen-de-WhatsApp-2025-03-14-a-las-20.14.54_4903f136-768x960.jpg 768w, https:\/\/atecordoba.org\/wp-content\/uploads\/2025\/03\/Imagen-de-WhatsApp-2025-03-14-a-las-20.14.54_4903f136-750x938.jpg 750w, https:\/\/atecordoba.org\/wp-content\/uploads\/2025\/03\/Imagen-de-WhatsApp-2025-03-14-a-las-20.14.54_4903f136.jpg 1080w\" sizes=\"auto, (max-width: 240px) 100vw, 240px\" \/> <img loading=\"lazy\" decoding=\"async\" class=\"alignnone size-medium wp-image-47993\" src=\"https:\/\/atecordoba.org\/wp-content\/uploads\/2025\/03\/Imagen-de-WhatsApp-2025-03-14-a-las-20.14.54_d5b769d4-240x300.jpg\" alt=\"\" width=\"240\" height=\"300\" srcset=\"https:\/\/atecordoba.org\/wp-content\/uploads\/2025\/03\/Imagen-de-WhatsApp-2025-03-14-a-las-20.14.54_d5b769d4-240x300.jpg 240w, https:\/\/atecordoba.org\/wp-content\/uploads\/2025\/03\/Imagen-de-WhatsApp-2025-03-14-a-las-20.14.54_d5b769d4-819x1024.jpg 819w, https:\/\/atecordoba.org\/wp-content\/uploads\/2025\/03\/Imagen-de-WhatsApp-2025-03-14-a-las-20.14.54_d5b769d4-768x960.jpg 768w, https:\/\/atecordoba.org\/wp-content\/uploads\/2025\/03\/Imagen-de-WhatsApp-2025-03-14-a-las-20.14.54_d5b769d4-750x938.jpg 750w, https:\/\/atecordoba.org\/wp-content\/uploads\/2025\/03\/Imagen-de-WhatsApp-2025-03-14-a-las-20.14.54_d5b769d4.jpg 1080w\" sizes=\"auto, (max-width: 240px) 100vw, 240px\" \/><\/p>\n<p>&nbsp;<\/p>\n<p>&nbsp;<\/p>\n","protected":false},"excerpt":{"rendered":"<p>En la sede del Consejo Directivo Provincial, la asamblea de afiliados y afiliadas aprob\u00f3 enviar la memoria y el balance al XXVII Congreso Provincial sobre lo actuado en el periodo 2024. A partir de las 18 horas se desarroll\u00f3 el acto, cuya Mesa de Autoridades estuvo presidida por el secretario General de ATE C\u00f3rdoba, Federico [&hellip;]<\/p>\n","protected":false},"author":7,"featured_media":47967,"comment_status":"open","ping_status":"open","sticky":false,"template":"","format":"standard","meta":{"_exactmetrics_skip_tracking":false,"_exactmetrics_sitenote_active":false,"_exactmetrics_sitenote_note":"","_exactmetrics_sitenote_category":0,"jnews-multi-image_gallery":[],"jnews_single_post":{"format":"standard","override":[{"template":"1","parallax":"1","fullscreen":"1","layout":"no-sidebar-narrow","sidebar":"default-sidebar","second_sidebar":"default-sidebar","sticky_sidebar":"1","share_position":"bottom","share_float_style":"share-monocrhome","show_share_counter":"1","show_view_counter":"1","show_post_meta":"1","show_post_author_image":"1","show_post_date":"1","post_date_format":"default","post_date_format_custom":"Y\/m\/d","show_post_category":"1","show_post_reading_time":"0","post_reading_time_wpm":"300","post_calculate_word_method":"str_word_count","show_zoom_button":"0","zoom_button_out_step":"2","zoom_button_in_step":"3","show_post_tag":"1","number_popup_post":"1","show_post_related":"1","show_inline_post_related":"0"}],"image_override":[{"single_post_thumbnail_size":"crop-500","single_post_gallery_size":"crop-500"}],"trending_post_position":"meta","trending_post_label":"Trending","sponsored_post_label":"Sponsored by","disable_ad":"0"},"jnews_primary_category":[],"jnews_social_meta":[],"jnews_review":[],"enable_review":"","type":"percentage","name":"","summary":"","brand":"","sku":"","good":[],"bad":[],"score_override":"","override_value":"","rating":[],"price":[],"jnews_override_counter":{"view_counter_number":"0","share_counter_number":"0","like_counter_number":"0","dislike_counter_number":"0"},"jnews_post_split":{"post_split":[{"template":"1","tag":"h2","numbering":"asc","mode":"normal","first":"0","enable_toc":"0","toc_type":"normal"}]},"footnotes":""},"categories":[341],"tags":[1494],"class_list":["post-47964","post","type-post","status-publish","format-standard","has-post-thumbnail","hentry","category-cdp","tag-asamblea-ate-cordoba"],"jetpack_featured_media_url":"https:\/\/atecordoba.org\/wp-content\/uploads\/2025\/03\/Imagen-de-WhatsApp-2025-03-14-a-las-19.38.04_0fcdd53d-scaled-e1741998258636.jpg","_links":{"self":[{"href":"https:\/\/atecordoba.org\/index.php?rest_route=\/wp\/v2\/posts\/47964","targetHints":{"allow":["GET"]}}],"collection":[{"href":"https:\/\/atecordoba.org\/index.php?rest_route=\/wp\/v2\/posts"}],"about":[{"href":"https:\/\/atecordoba.org\/index.php?rest_route=\/wp\/v2\/types\/post"}],"author":[{"embeddable":true,"href":"https:\/\/atecordoba.org\/index.php?rest_route=\/wp\/v2\/users\/7"}],"replies":[{"embeddable":true,"href":"https:\/\/atecordoba.org\/index.php?rest_route=%2Fwp%2Fv2%2Fcomments&post=47964"}],"version-history":[{"count":4,"href":"https:\/\/atecordoba.org\/index.php?rest_route=\/wp\/v2\/posts\/47964\/revisions"}],"predecessor-version":[{"id":47998,"href":"https:\/\/atecordoba.org\/index.php?rest_route=\/wp\/v2\/posts\/47964\/revisions\/47998"}],"wp:featuredmedia":[{"embeddable":true,"href":"https:\/\/atecordoba.org\/index.php?rest_route=\/wp\/v2\/media\/47967"}],"wp:attachment":[{"href":"https:\/\/atecordoba.org\/index.php?rest_route=%2Fwp%2Fv2%2Fmedia&parent=47964"}],"wp:term":[{"taxonomy":"category","embeddable":true,"href":"https:\/\/atecordoba.org\/index.php?rest_route=%2Fwp%2Fv2%2Fcategories&post=47964"},{"taxonomy":"post_tag","embeddable":true,"href":"https:\/\/atecordoba.org\/index.php?rest_route=%2Fwp%2Fv2%2Ftags&post=47964"}],"curies":[{"name":"wp","href":"https:\/\/api.w.org\/{rel}","templated":true}]}}