{"id":47951,"date":"2025-03-14T15:08:24","date_gmt":"2025-03-14T18:08:24","guid":{"rendered":"https:\/\/atecordoba.org\/?p=47951"},"modified":"2025-03-14T15:10:30","modified_gmt":"2025-03-14T18:10:30","slug":"trabajo-asamblea-resolvio-estrategias-para-enfrentar-las-versiones-de-despidos-a-fin-de-mes","status":"publish","type":"post","link":"https:\/\/atecordoba.org\/?p=47951","title":{"rendered":"Trabajo: asamblea resolvi\u00f3 estrategias para enfrentar las versiones de despidos a fin de mes"},"content":{"rendered":"<p><img loading=\"lazy\" decoding=\"async\" class=\"aligncenter wp-image-47952 \" src=\"https:\/\/atecordoba.org\/wp-content\/uploads\/2025\/03\/WhatsApp-Image-2025-03-14-at-13.54.08-1-768x1024.jpeg\" alt=\"\" width=\"402\" height=\"536\" srcset=\"https:\/\/atecordoba.org\/wp-content\/uploads\/2025\/03\/WhatsApp-Image-2025-03-14-at-13.54.08-1-768x1024.jpeg 768w, https:\/\/atecordoba.org\/wp-content\/uploads\/2025\/03\/WhatsApp-Image-2025-03-14-at-13.54.08-1-225x300.jpeg 225w, https:\/\/atecordoba.org\/wp-content\/uploads\/2025\/03\/WhatsApp-Image-2025-03-14-at-13.54.08-1-750x1000.jpeg 750w, https:\/\/atecordoba.org\/wp-content\/uploads\/2025\/03\/WhatsApp-Image-2025-03-14-at-13.54.08-1.jpeg 960w\" sizes=\"auto, (max-width: 402px) 100vw, 402px\" \/>En una asamblea convocada por ATE, con masiva concurrencia del personal de la Agencia Territorial C\u00f3rdoba del ex Ministerio de Trabajo de la Naci\u00f3n, las y los trabajadores resolvieron estrategias de lucha para enfrentar las versiones sobre despidos del 50% de la planta del sector, que el gobierno de Milei llevar\u00eda a cabo a fin de mes, a trav\u00e9s del Ministerio de Capital Humano.<\/p>\n<p>Estos rumores, aparentemente difundidos de manera cruel e intencionada por los propios funcionarios libertarios, surgen a partir de la persecuci\u00f3n llevada a cabo por funcionarios que act\u00faan bajo el paraguas de Federico Sturzenegger, ordenando a los directores de \u00e1rea que justifiquen las tareas que realizan las y los trabajadores en los distintos sectores de la cartera laboral.<\/p>\n<p>En ese marco, el cuerpo de delegados de ATE en las oficinas de 27 de abril 351, solicit\u00f3 una audiencia con el jefe a cargo de la Agencia C\u00f3rdoba, quien neg\u00f3 los rumores, ante la situaci\u00f3n clara y evidente por parte de un gobierno que est\u00e1 implosionando del Estado.<\/p>\n<p>Ante las evasivas del funcionario, el sector se declar\u00f3 en estado de asamblea permanente y ATE llam\u00f3 a participar de la asamblea realizada ayer.<\/p>\n<p>&#8220;Estamos atravesando una situaci\u00f3n muy tensa por lo que nuestro sindicato es la mejor herramienta que tenemos como trabajadores para enfrentar las pol\u00edticas de ajuste y destrucci\u00f3n del Estado del gobierno actual&#8221;, dijo la delegada de ATE, Malena Berger al relatar lo sucedido en la reuni\u00f3n,, donde particip\u00f3 el otro gremio con actuaci\u00f3n en el sector.<\/p>\n<p><strong>Resoluciones<\/strong><\/p>\n<p>En la asamblea se resolvi\u00f3 participar del pr\u00f3ximo plenario de delegados que realizar\u00e1 ATE, llevando el mandato de movilizar para rechazar la pol\u00edticas de despidos del Estado que lleva a cabo Milei. Entre otras medidas dispuestas, se resolvi\u00f3 continuar con la intervenci\u00f3n de la fachada de las oficinas de la dependencia, haciendo p\u00fablica la grave situaci\u00f3n que atraviesa el organismo.<\/p>\n<p>Por otro lado, debido a que la oficina del organismos en R\u00edo Cuarto cuenta actualmente con una sola persona trabajando, ya que el resto fue despedido, y se suceden las versiones sobre su cierre definitivo, la asamblea realizada en C\u00f3rdoba resolvi\u00f3 tomar contacto con la secretaria General de la seccional ATE R\u00edo Cuarto, para articular una estrategia para mantener dicho puesto de trabajo, acompa\u00f1ando a esta trabajadora en la dif\u00edcil situaci\u00f3n.<\/p>\n<div id='gallery_1' class='gallery galleryid-47951 gallery-columns-3 gallery-size-thumbnail'><figure class='gallery-item'>\n                <div class='gallery-icon portrait'>\n                    <a href='https:\/\/atecordoba.org\/wp-content\/uploads\/2025\/03\/WhatsApp-Image-2025-03-14-at-13.54.07.jpeg'><img loading=\"lazy\" decoding=\"async\" width=\"150\" height=\"150\" src=\"\" class=\"attachment-thumbnail size-thumbnail lazyload\" alt=\"\" data-src=\"https:\/\/atecordoba.org\/wp-content\/uploads\/2025\/03\/WhatsApp-Image-2025-03-14-at-13.54.07-150x150.jpeg\" data-sizes=\"auto\" data-srcset=\"https:\/\/atecordoba.org\/wp-content\/uploads\/2025\/03\/WhatsApp-Image-2025-03-14-at-13.54.07-150x150.jpeg 150w, https:\/\/atecordoba.org\/wp-content\/uploads\/2025\/03\/WhatsApp-Image-2025-03-14-at-13.54.07-560x560.jpeg 560w, https:\/\/atecordoba.org\/wp-content\/uploads\/2025\/03\/WhatsApp-Image-2025-03-14-at-13.54.07-75x75.jpeg 75w, https:\/\/atecordoba.org\/wp-content\/uploads\/2025\/03\/WhatsApp-Image-2025-03-14-at-13.54.07-350x350.jpeg 350w\" data-expand=\"700\" \/><\/a>\n                <\/div><\/figure><figure class='gallery-item'>\n                <div class='gallery-icon portrait'>\n                    <a href='https:\/\/atecordoba.org\/wp-content\/uploads\/2025\/03\/WhatsApp-Image-2025-03-14-at-13.54.08.jpeg'><img loading=\"lazy\" decoding=\"async\" width=\"150\" height=\"150\" src=\"\" class=\"attachment-thumbnail size-thumbnail lazyload\" alt=\"\" data-src=\"https:\/\/atecordoba.org\/wp-content\/uploads\/2025\/03\/WhatsApp-Image-2025-03-14-at-13.54.08-150x150.jpeg\" data-sizes=\"auto\" data-srcset=\"https:\/\/atecordoba.org\/wp-content\/uploads\/2025\/03\/WhatsApp-Image-2025-03-14-at-13.54.08-150x150.jpeg 150w, https:\/\/atecordoba.org\/wp-content\/uploads\/2025\/03\/WhatsApp-Image-2025-03-14-at-13.54.08-560x560.jpeg 560w, https:\/\/atecordoba.org\/wp-content\/uploads\/2025\/03\/WhatsApp-Image-2025-03-14-at-13.54.08-75x75.jpeg 75w, https:\/\/atecordoba.org\/wp-content\/uploads\/2025\/03\/WhatsApp-Image-2025-03-14-at-13.54.08-350x350.jpeg 350w\" data-expand=\"700\" \/><\/a>\n                <\/div><\/figure><figure class='gallery-item'>\n                <div class='gallery-icon portrait'>\n                    <a href='https:\/\/atecordoba.org\/wp-content\/uploads\/2025\/03\/WhatsApp-Image-2025-03-14-at-13.54.09-1.jpeg'><img loading=\"lazy\" decoding=\"async\" width=\"150\" height=\"150\" src=\"\" class=\"attachment-thumbnail size-thumbnail lazyload\" alt=\"\" data-src=\"https:\/\/atecordoba.org\/wp-content\/uploads\/2025\/03\/WhatsApp-Image-2025-03-14-at-13.54.09-1-150x150.jpeg\" data-sizes=\"auto\" data-srcset=\"https:\/\/atecordoba.org\/wp-content\/uploads\/2025\/03\/WhatsApp-Image-2025-03-14-at-13.54.09-1-150x150.jpeg 150w, https:\/\/atecordoba.org\/wp-content\/uploads\/2025\/03\/WhatsApp-Image-2025-03-14-at-13.54.09-1-560x560.jpeg 560w, https:\/\/atecordoba.org\/wp-content\/uploads\/2025\/03\/WhatsApp-Image-2025-03-14-at-13.54.09-1-75x75.jpeg 75w, https:\/\/atecordoba.org\/wp-content\/uploads\/2025\/03\/WhatsApp-Image-2025-03-14-at-13.54.09-1-350x350.jpeg 350w\" data-expand=\"700\" \/><\/a>\n                <\/div><\/figure><br style=\"clear: both\" \/>\n            <\/div>\n\n<p>&nbsp;<\/p>\n","protected":false},"excerpt":{"rendered":"<p>En una asamblea convocada por ATE, con masiva concurrencia del personal de la Agencia Territorial C\u00f3rdoba del ex Ministerio de Trabajo de la Naci\u00f3n, las y los trabajadores resolvieron estrategias de lucha para enfrentar las versiones sobre despidos del 50% de la planta del sector, que el gobierno de Milei llevar\u00eda a cabo a fin [&hellip;]<\/p>\n","protected":false},"author":7,"featured_media":47958,"comment_status":"open","ping_status":"open","sticky":false,"template":"","format":"standard","meta":{"_exactmetrics_skip_tracking":false,"_exactmetrics_sitenote_active":false,"_exactmetrics_sitenote_note":"","_exactmetrics_sitenote_category":0,"jnews-multi-image_gallery":[],"jnews_single_post":{"format":"standard","override":[{"template":"1","parallax":"1","fullscreen":"1","layout":"no-sidebar-narrow","sidebar":"default-sidebar","second_sidebar":"default-sidebar","sticky_sidebar":"1","share_position":"bottom","share_float_style":"share-monocrhome","show_share_counter":"1","show_view_counter":"1","show_post_meta":"1","show_post_author_image":"1","show_post_date":"1","post_date_format":"default","post_date_format_custom":"Y\/m\/d","show_post_category":"1","show_post_reading_time":"0","post_reading_time_wpm":"300","post_calculate_word_method":"str_word_count","show_zoom_button":"0","zoom_button_out_step":"2","zoom_button_in_step":"3","show_post_tag":"1","number_popup_post":"1","show_post_related":"1","show_inline_post_related":"0"}],"image_override":[{"single_post_thumbnail_size":"crop-500","single_post_gallery_size":"crop-500"}],"trending_post_position":"meta","trending_post_label":"Trending","sponsored_post_label":"Sponsored by","disable_ad":"0"},"jnews_primary_category":[],"jnews_social_meta":[],"jnews_review":[],"enable_review":"","type":"percentage","name":"","summary":"","brand":"","sku":"","good":[],"bad":[],"score_override":"","override_value":"","rating":[],"price":[],"jnews_override_counter":{"view_counter_number":"0","share_counter_number":"0","like_counter_number":"0","dislike_counter_number":"0"},"jnews_post_split":{"post_split":[{"template":"1","tag":"h2","numbering":"asc","mode":"normal","first":"0","enable_toc":"0","toc_type":"normal"}]},"footnotes":""},"categories":[18],"tags":[338],"class_list":["post-47951","post","type-post","status-publish","format-standard","has-post-thumbnail","hentry","category-nacionales","tag-ministerio-de-trabajo-de-la-nacion"],"jetpack_featured_media_url":"https:\/\/atecordoba.org\/wp-content\/uploads\/2025\/03\/WhatsApp-Image-2025-03-14-at-13.54.08-1-3-e1741975698823.jpeg","_links":{"self":[{"href":"https:\/\/atecordoba.org\/index.php?rest_route=\/wp\/v2\/posts\/47951","targetHints":{"allow":["GET"]}}],"collection":[{"href":"https:\/\/atecordoba.org\/index.php?rest_route=\/wp\/v2\/posts"}],"about":[{"href":"https:\/\/atecordoba.org\/index.php?rest_route=\/wp\/v2\/types\/post"}],"author":[{"embeddable":true,"href":"https:\/\/atecordoba.org\/index.php?rest_route=\/wp\/v2\/users\/7"}],"replies":[{"embeddable":true,"href":"https:\/\/atecordoba.org\/index.php?rest_route=%2Fwp%2Fv2%2Fcomments&post=47951"}],"version-history":[{"count":2,"href":"https:\/\/atecordoba.org\/index.php?rest_route=\/wp\/v2\/posts\/47951\/revisions"}],"predecessor-version":[{"id":47961,"href":"https:\/\/atecordoba.org\/index.php?rest_route=\/wp\/v2\/posts\/47951\/revisions\/47961"}],"wp:featuredmedia":[{"embeddable":true,"href":"https:\/\/atecordoba.org\/index.php?rest_route=\/wp\/v2\/media\/47958"}],"wp:attachment":[{"href":"https:\/\/atecordoba.org\/index.php?rest_route=%2Fwp%2Fv2%2Fmedia&parent=47951"}],"wp:term":[{"taxonomy":"category","embeddable":true,"href":"https:\/\/atecordoba.org\/index.php?rest_route=%2Fwp%2Fv2%2Fcategories&post=47951"},{"taxonomy":"post_tag","embeddable":true,"href":"https:\/\/atecordoba.org\/index.php?rest_route=%2Fwp%2Fv2%2Ftags&post=47951"}],"curies":[{"name":"wp","href":"https:\/\/api.w.org\/{rel}","templated":true}]}}