{"id":47946,"date":"2025-03-14T11:08:12","date_gmt":"2025-03-14T14:08:12","guid":{"rendered":"https:\/\/atecordoba.org\/?p=47946"},"modified":"2025-03-14T11:08:12","modified_gmt":"2025-03-14T14:08:12","slug":"para-ate-nacional-la-democracia-esta-suspendida-y-desde-bahia-blanca-aguiar-reclamo-la-renuncia-de-patricia-bullrich","status":"publish","type":"post","link":"https:\/\/atecordoba.org\/?p=47946","title":{"rendered":"Para ATE Nacional la democracia est\u00e1 suspendida y desde Bah\u00eda Blanca Aguiar reclam\u00f3 la renuncia de Patricia Bullrich"},"content":{"rendered":"<p><img loading=\"lazy\" decoding=\"async\" class=\"aligncenter wp-image-47948 \" src=\"https:\/\/atecordoba.org\/wp-content\/uploads\/2025\/03\/represion-foto-cels.jpg\" alt=\"\" width=\"611\" height=\"407\" srcset=\"https:\/\/atecordoba.org\/wp-content\/uploads\/2025\/03\/represion-foto-cels.jpg 728w, https:\/\/atecordoba.org\/wp-content\/uploads\/2025\/03\/represion-foto-cels-300x200.jpg 300w\" sizes=\"auto, (max-width: 611px) 100vw, 611px\" \/>Luego de la violenta jornada vivida este mi\u00e9rcoles a ra\u00edz del desmedido e ilegal operativo de seguridad que reprimi\u00f3 a jubilados, detuvo arbitrariamente a cientos de manifestantes e incluso dej\u00f3 a un fot\u00f3grafo hospitalizado con heridas de gravedad, el Secretario General de ATE Nacional, Rodolfo Aguiar, quien viaj\u00f3 a Bah\u00eda Blanca para recorrer la seccional local, sectores de trabajo y viviendas de los estatales que fueron afectadas, asegur\u00f3 que \u201cla democracia est\u00e1 suspendida\u201d y reclam\u00f3 la inmediata renuncia de la ministra de Seguridad, Patricia Bullrich.<\/p>\n<p>\u201cLa represi\u00f3n que desat\u00f3 el Gobierno fue feroz, salvaje. La Polic\u00eda y las Fuerzas de Seguridad actuaron al margen de la ley. Por estas horas, la democracia est\u00e1 suspendida en la Argentina. Heridos de gravedad, detenidos de manera ilegal, golpeados por el simple hecho de reclamar, de ejercer derechos constitucionales, hace que la ministra Bullrich tenga que renunciar, se tiene que ir. No podemos tolerar que sea el Estado el que est\u00e9 cometiendo una sucesi\u00f3n interminable de delitos\u201d, indic\u00f3 el dirigente estatal.<img loading=\"lazy\" decoding=\"async\" class=\"aligncenter wp-image-47947 \" src=\"https:\/\/atecordoba.org\/wp-content\/uploads\/2025\/03\/aguiar-policia-1024x682.webp\" alt=\"\" width=\"620\" height=\"413\" srcset=\"https:\/\/atecordoba.org\/wp-content\/uploads\/2025\/03\/aguiar-policia-1024x682.webp 1024w, https:\/\/atecordoba.org\/wp-content\/uploads\/2025\/03\/aguiar-policia-300x200.webp 300w, https:\/\/atecordoba.org\/wp-content\/uploads\/2025\/03\/aguiar-policia-768x512.webp 768w, https:\/\/atecordoba.org\/wp-content\/uploads\/2025\/03\/aguiar-policia-750x500.webp 750w, https:\/\/atecordoba.org\/wp-content\/uploads\/2025\/03\/aguiar-policia-1140x760.webp 1140w, https:\/\/atecordoba.org\/wp-content\/uploads\/2025\/03\/aguiar-policia.webp 1280w\" sizes=\"auto, (max-width: 620px) 100vw, 620px\" \/><\/p>\n<p>\u201cEst\u00e1n hackeados los tres poderes del Estado. Un Congreso con los diputados a las trompadas, una Casa Rosada en las que se twittean estafas, y un Poder Judicial cuya Corte Suprema que tiene a la mayor\u00eda de los jueces designados por decreto. Esta gravedad institucional es in\u00e9dita en los a\u00f1os de democracia\u201d, agreg\u00f3 el dirigente nacional.<\/p>\n<p>Se calcula que fueron 120 los detenidos por las distintas fuerzas de seguridad intervinientes en el megaoperativo antidemocr\u00e1tico del mi\u00e9rcoles, de los cuales la mayor\u00eda ya fueron liberados. ATE exige que se ponga en inmediata libertad a quienes a\u00fan se encuentran detenidos.<\/p>\n<p>Aguiar continuar\u00e1 la jornada del jueves en la ciudad del sur de la provincia de Buenos Aires junto a los afiliados y trabajadores estatales luego de la tragedia sufrida con el temporal de la semana pasada. Adem\u00e1s, el sindicato recolect\u00f3 durante los \u00faltimos d\u00edas donaciones para asistir a los principales afectados.<\/p>\n","protected":false},"excerpt":{"rendered":"<p>Luego de la violenta jornada vivida este mi\u00e9rcoles a ra\u00edz del desmedido e ilegal operativo de seguridad que reprimi\u00f3 a jubilados, detuvo arbitrariamente a cientos de manifestantes e incluso dej\u00f3 a un fot\u00f3grafo hospitalizado con heridas de gravedad, el Secretario General de ATE Nacional, Rodolfo Aguiar, quien viaj\u00f3 a Bah\u00eda Blanca para recorrer la seccional [&hellip;]<\/p>\n","protected":false},"author":7,"featured_media":47948,"comment_status":"open","ping_status":"open","sticky":false,"template":"","format":"standard","meta":{"_exactmetrics_skip_tracking":false,"_exactmetrics_sitenote_active":false,"_exactmetrics_sitenote_note":"","_exactmetrics_sitenote_category":0,"jnews-multi-image_gallery":[],"jnews_single_post":{"format":"standard","override":[{"template":"1","parallax":"1","fullscreen":"1","layout":"no-sidebar-narrow","sidebar":"default-sidebar","second_sidebar":"default-sidebar","sticky_sidebar":"1","share_position":"bottom","share_float_style":"share-monocrhome","show_share_counter":"1","show_view_counter":"1","show_post_meta":"1","show_post_author_image":"1","show_post_date":"1","post_date_format":"default","post_date_format_custom":"Y\/m\/d","show_post_category":"1","show_post_reading_time":"0","post_reading_time_wpm":"300","post_calculate_word_method":"str_word_count","show_zoom_button":"0","zoom_button_out_step":"2","zoom_button_in_step":"3","show_post_tag":"1","number_popup_post":"1","show_post_related":"1","show_inline_post_related":"0"}],"image_override":[{"single_post_thumbnail_size":"crop-500","single_post_gallery_size":"crop-500"}],"trending_post_position":"meta","trending_post_label":"Trending","sponsored_post_label":"Sponsored by","disable_ad":"0"},"jnews_primary_category":[],"jnews_social_meta":[],"jnews_review":[],"enable_review":"","type":"percentage","name":"","summary":"","brand":"","sku":"","good":[],"bad":[],"score_override":"","override_value":"","rating":[],"price":[],"jnews_override_counter":{"view_counter_number":"0","share_counter_number":"0","like_counter_number":"0","dislike_counter_number":"0"},"jnews_post_split":{"post_split":[{"template":"1","tag":"h2","numbering":"asc","mode":"normal","first":"0","enable_toc":"0","toc_type":"normal"}]},"footnotes":""},"categories":[756],"tags":[378],"class_list":["post-47946","post","type-post","status-publish","format-standard","has-post-thumbnail","hentry","category-consejo-directivo-nacional-cdn","tag-represion-policial"],"jetpack_featured_media_url":"https:\/\/atecordoba.org\/wp-content\/uploads\/2025\/03\/represion-foto-cels.jpg","_links":{"self":[{"href":"https:\/\/atecordoba.org\/index.php?rest_route=\/wp\/v2\/posts\/47946","targetHints":{"allow":["GET"]}}],"collection":[{"href":"https:\/\/atecordoba.org\/index.php?rest_route=\/wp\/v2\/posts"}],"about":[{"href":"https:\/\/atecordoba.org\/index.php?rest_route=\/wp\/v2\/types\/post"}],"author":[{"embeddable":true,"href":"https:\/\/atecordoba.org\/index.php?rest_route=\/wp\/v2\/users\/7"}],"replies":[{"embeddable":true,"href":"https:\/\/atecordoba.org\/index.php?rest_route=%2Fwp%2Fv2%2Fcomments&post=47946"}],"version-history":[{"count":1,"href":"https:\/\/atecordoba.org\/index.php?rest_route=\/wp\/v2\/posts\/47946\/revisions"}],"predecessor-version":[{"id":47949,"href":"https:\/\/atecordoba.org\/index.php?rest_route=\/wp\/v2\/posts\/47946\/revisions\/47949"}],"wp:featuredmedia":[{"embeddable":true,"href":"https:\/\/atecordoba.org\/index.php?rest_route=\/wp\/v2\/media\/47948"}],"wp:attachment":[{"href":"https:\/\/atecordoba.org\/index.php?rest_route=%2Fwp%2Fv2%2Fmedia&parent=47946"}],"wp:term":[{"taxonomy":"category","embeddable":true,"href":"https:\/\/atecordoba.org\/index.php?rest_route=%2Fwp%2Fv2%2Fcategories&post=47946"},{"taxonomy":"post_tag","embeddable":true,"href":"https:\/\/atecordoba.org\/index.php?rest_route=%2Fwp%2Fv2%2Ftags&post=47946"}],"curies":[{"name":"wp","href":"https:\/\/api.w.org\/{rel}","templated":true}]}}