{"id":47942,"date":"2025-03-13T15:01:40","date_gmt":"2025-03-13T18:01:40","guid":{"rendered":"https:\/\/atecordoba.org\/?p=47942"},"modified":"2025-03-13T15:01:40","modified_gmt":"2025-03-13T18:01:40","slug":"ate-repudia-la-persecucion-mediatica-con-mentiras-y-acusaciones-falsas-contra-dirigentes-sindicales","status":"publish","type":"post","link":"https:\/\/atecordoba.org\/?p=47942","title":{"rendered":"ATE repudia la persecuci\u00f3n medi\u00e1tica, con mentiras y acusaciones falsas, contra dirigentes sindicales"},"content":{"rendered":"<figure id=\"attachment_47943\" aria-describedby=\"caption-attachment-47943\" style=\"width: 633px\" class=\"wp-caption aligncenter\"><img loading=\"lazy\" decoding=\"async\" class=\"wp-image-47943\" src=\"https:\/\/atecordoba.org\/wp-content\/uploads\/2025\/03\/hugo-bellon.jpeg\" alt=\"\" width=\"633\" height=\"475\" srcset=\"https:\/\/atecordoba.org\/wp-content\/uploads\/2025\/03\/hugo-bellon.jpeg 750w, https:\/\/atecordoba.org\/wp-content\/uploads\/2025\/03\/hugo-bellon-300x225.jpeg 300w\" sizes=\"auto, (max-width: 633px) 100vw, 633px\" \/><figcaption id=\"caption-attachment-47943\" class=\"wp-caption-text\">Hugo Bellon (derecha) durante la incidencia que tiene el sindicalismo en la coyuntura actual.<\/figcaption><\/figure>\n<p>ATE C\u00f3rdoba repudia en\u00e9rgicamente la persecuci\u00f3n medi\u00e1tica contra el dirigente nuestro sindicato Hugo Bell\u00f3n, calumniado con falsas acusaciones, por su participaci\u00f3n pac\u00edfica en la marcha de los jubilados en el Congreso.<\/p>\n<p>Bell\u00f3n fue coordinadamente atacado por distintos medios de comunicaci\u00f3n junto a la vocera del Gobierno de la Ciudad de Buenos Aires, Laura Alonso, en las primeras horas de este jueves 13 de marzo, difundiendo sus datos personales y mintiendo burdamente al afirmar que es un barrabrava y que fue detenido.<\/p>\n<p>Promoviendo un discurso violento que busca estigmatizar a los dirigentes sindicales, medios oficialistas muestran tanto su pr\u00e1ctica mercenaria del supuesto periodismo que ejercen a los fines de deslegitimar el protagonismo de ATE en la protesta.<\/p>\n<p>El dirigente form\u00f3 parte de la columna de estatales que, como todos los mi\u00e9rcoles, se moviliza al anexo del Congreso de la Naci\u00f3n. En ning\u00fan momento gener\u00f3 disturbios, como afirmaron en las declaraciones televisivas en el canal A24. Tampoco fue detenido y mucho menos forma parte de una barrabrava.<\/p>\n<p>Claramente fue atacado por su pasado como presidente del Club Atl\u00e9tico Nueva Chicago, rol que actualmente ya no ejerce, y por su presente como dirigente de ATE. Frente a este injusto accionar, el dirigente recibi\u00f3 la solidaridad de referentes de todo el arco sindical argentino.<\/p>\n<p>Desde ATE C\u00f3rdoba nos solidarizamos con el compa\u00f1ero Bell\u00f3n y desmentimos cualquier implicancia del dirigente sobre las falsas acusaciones vertidas.<\/p>\n","protected":false},"excerpt":{"rendered":"<p>ATE C\u00f3rdoba repudia en\u00e9rgicamente la persecuci\u00f3n medi\u00e1tica contra el dirigente nuestro sindicato Hugo Bell\u00f3n, calumniado con falsas acusaciones, por su participaci\u00f3n pac\u00edfica en la marcha de los jubilados en el Congreso. Bell\u00f3n fue coordinadamente atacado por distintos medios de comunicaci\u00f3n junto a la vocera del Gobierno de la Ciudad de Buenos Aires, Laura Alonso, en [&hellip;]<\/p>\n","protected":false},"author":7,"featured_media":47944,"comment_status":"open","ping_status":"open","sticky":false,"template":"","format":"standard","meta":{"_exactmetrics_skip_tracking":false,"_exactmetrics_sitenote_active":false,"_exactmetrics_sitenote_note":"","_exactmetrics_sitenote_category":0,"jnews-multi-image_gallery":[],"jnews_single_post":{"format":"standard","override":[{"template":"1","parallax":"1","fullscreen":"1","layout":"no-sidebar-narrow","sidebar":"default-sidebar","second_sidebar":"default-sidebar","sticky_sidebar":"1","share_position":"bottom","share_float_style":"share-monocrhome","show_share_counter":"1","show_view_counter":"1","show_post_meta":"1","show_post_author_image":"1","show_post_date":"1","post_date_format":"default","post_date_format_custom":"Y\/m\/d","show_post_category":"1","show_post_reading_time":"0","post_reading_time_wpm":"300","post_calculate_word_method":"str_word_count","show_zoom_button":"0","zoom_button_out_step":"2","zoom_button_in_step":"3","show_post_tag":"1","number_popup_post":"1","show_post_related":"1","show_inline_post_related":"0"}],"image_override":[{"single_post_thumbnail_size":"crop-500","single_post_gallery_size":"crop-500"}],"trending_post_position":"meta","trending_post_label":"Trending","sponsored_post_label":"Sponsored by","disable_ad":"0"},"jnews_primary_category":[],"jnews_social_meta":[],"jnews_review":[],"enable_review":"","type":"percentage","name":"","summary":"","brand":"","sku":"","good":[],"bad":[],"score_override":"","override_value":"","rating":[],"price":[],"jnews_override_counter":{"view_counter_number":"0","share_counter_number":"0","like_counter_number":"0","dislike_counter_number":"0"},"jnews_post_split":{"post_split":[{"template":"1","tag":"h2","numbering":"asc","mode":"normal","first":"0","enable_toc":"0","toc_type":"normal"}]},"footnotes":""},"categories":[341],"tags":[1492,1493,1491],"class_list":["post-47942","post","type-post","status-publish","format-standard","has-post-thumbnail","hentry","category-cdp","tag-medios-de-comunicacion","tag-mercenarios","tag-persecucion-antisindical"],"jetpack_featured_media_url":"https:\/\/atecordoba.org\/wp-content\/uploads\/2025\/03\/hugo_bellon-e1741888766224.jpg","_links":{"self":[{"href":"https:\/\/atecordoba.org\/index.php?rest_route=\/wp\/v2\/posts\/47942","targetHints":{"allow":["GET"]}}],"collection":[{"href":"https:\/\/atecordoba.org\/index.php?rest_route=\/wp\/v2\/posts"}],"about":[{"href":"https:\/\/atecordoba.org\/index.php?rest_route=\/wp\/v2\/types\/post"}],"author":[{"embeddable":true,"href":"https:\/\/atecordoba.org\/index.php?rest_route=\/wp\/v2\/users\/7"}],"replies":[{"embeddable":true,"href":"https:\/\/atecordoba.org\/index.php?rest_route=%2Fwp%2Fv2%2Fcomments&post=47942"}],"version-history":[{"count":1,"href":"https:\/\/atecordoba.org\/index.php?rest_route=\/wp\/v2\/posts\/47942\/revisions"}],"predecessor-version":[{"id":47945,"href":"https:\/\/atecordoba.org\/index.php?rest_route=\/wp\/v2\/posts\/47942\/revisions\/47945"}],"wp:featuredmedia":[{"embeddable":true,"href":"https:\/\/atecordoba.org\/index.php?rest_route=\/wp\/v2\/media\/47944"}],"wp:attachment":[{"href":"https:\/\/atecordoba.org\/index.php?rest_route=%2Fwp%2Fv2%2Fmedia&parent=47942"}],"wp:term":[{"taxonomy":"category","embeddable":true,"href":"https:\/\/atecordoba.org\/index.php?rest_route=%2Fwp%2Fv2%2Fcategories&post=47942"},{"taxonomy":"post_tag","embeddable":true,"href":"https:\/\/atecordoba.org\/index.php?rest_route=%2Fwp%2Fv2%2Ftags&post=47942"}],"curies":[{"name":"wp","href":"https:\/\/api.w.org\/{rel}","templated":true}]}}