{"id":47936,"date":"2025-03-13T13:57:20","date_gmt":"2025-03-13T16:57:20","guid":{"rendered":"https:\/\/atecordoba.org\/?p=47936"},"modified":"2025-03-13T13:57:20","modified_gmt":"2025-03-13T16:57:20","slug":"ate-logra-el-reconocimiento-en-los-hornillos-y-amplia-la-representacion-de-las-los-municipales-en-traslasierra","status":"publish","type":"post","link":"https:\/\/atecordoba.org\/?p=47936","title":{"rendered":"ATE logra el reconocimiento en Los Hornillos y ampl\u00eda la representaci\u00f3n de las\/los municipales en Traslasierra"},"content":{"rendered":"<p><img loading=\"lazy\" decoding=\"async\" class=\"aligncenter wp-image-47937 \" src=\"https:\/\/atecordoba.org\/wp-content\/uploads\/2025\/03\/WhatsApp-Image-2025-03-13-at-13.06.19-1024x768.jpeg\" alt=\"\" width=\"617\" height=\"463\" srcset=\"https:\/\/atecordoba.org\/wp-content\/uploads\/2025\/03\/WhatsApp-Image-2025-03-13-at-13.06.19-1024x768.jpeg 1024w, https:\/\/atecordoba.org\/wp-content\/uploads\/2025\/03\/WhatsApp-Image-2025-03-13-at-13.06.19-300x225.jpeg 300w, https:\/\/atecordoba.org\/wp-content\/uploads\/2025\/03\/WhatsApp-Image-2025-03-13-at-13.06.19-768x576.jpeg 768w, https:\/\/atecordoba.org\/wp-content\/uploads\/2025\/03\/WhatsApp-Image-2025-03-13-at-13.06.19-750x563.jpeg 750w, https:\/\/atecordoba.org\/wp-content\/uploads\/2025\/03\/WhatsApp-Image-2025-03-13-at-13.06.19-1140x855.jpeg 1140w, https:\/\/atecordoba.org\/wp-content\/uploads\/2025\/03\/WhatsApp-Image-2025-03-13-at-13.06.19.jpeg 1280w\" sizes=\"auto, (max-width: 617px) 100vw, 617px\" \/>ATE logr\u00f3 esta ma\u00f1ana el reconocimiento del \u00e1mbito de representaci\u00f3n de las y los trabajadores municipales en la Comuna de Los Hornillos, ubicada en el Valle de Traslasierra.<\/p>\n<p>Se trata de un importante paso institucional que otorga garant\u00edas para la actuaci\u00f3n de nuestra organizaci\u00f3n en la localidad. El acuerdo se sell\u00f3 en una audiencia que cont\u00f3 con la participaci\u00f3n de la jefa comunal, Carolina Caballero Mart\u00edn, y el secretario General de ATE C\u00f3rdoba, Federico Giuliani, que estuvo acompa\u00f1ado por el secretario de Interior, Diego Ch\u00e1vez, la secretaria de Formaci\u00f3n, Milagros Sozzi, la secretaria de Prensa, Julia Giuliani, y su par de organizaci\u00f3n, Javier Bracamonte.<\/p>\n<p><img loading=\"lazy\" decoding=\"async\" class=\"aligncenter wp-image-47938 \" src=\"https:\/\/atecordoba.org\/wp-content\/uploads\/2025\/03\/WhatsApp-Image-2025-03-13-at-13.06.33-1024x768.jpeg\" alt=\"\" width=\"618\" height=\"464\" srcset=\"https:\/\/atecordoba.org\/wp-content\/uploads\/2025\/03\/WhatsApp-Image-2025-03-13-at-13.06.33-1024x768.jpeg 1024w, https:\/\/atecordoba.org\/wp-content\/uploads\/2025\/03\/WhatsApp-Image-2025-03-13-at-13.06.33-300x225.jpeg 300w, https:\/\/atecordoba.org\/wp-content\/uploads\/2025\/03\/WhatsApp-Image-2025-03-13-at-13.06.33-768x576.jpeg 768w, https:\/\/atecordoba.org\/wp-content\/uploads\/2025\/03\/WhatsApp-Image-2025-03-13-at-13.06.33-1536x1152.jpeg 1536w, https:\/\/atecordoba.org\/wp-content\/uploads\/2025\/03\/WhatsApp-Image-2025-03-13-at-13.06.33-2048x1536.jpeg 2048w, https:\/\/atecordoba.org\/wp-content\/uploads\/2025\/03\/WhatsApp-Image-2025-03-13-at-13.06.33-750x563.jpeg 750w, https:\/\/atecordoba.org\/wp-content\/uploads\/2025\/03\/WhatsApp-Image-2025-03-13-at-13.06.33-1140x855.jpeg 1140w\" sizes=\"auto, (max-width: 618px) 100vw, 618px\" \/><\/p>\n<p>En la oportunidad, qued\u00f3 sustanciado en el acta de la audiencia:<\/p>\n<ol>\n<li>Reconocimiento Institucional de ATE para representar a las\/los trabajadores municipales de Los Hornillos.<\/li>\n<li>Aplicaci\u00f3n del c\u00f3digo de descuento a los afiliados\/as del 2.2% de sus salarios.<\/li>\n<li>Entrega del Estatuto Municipal vigente.<\/li>\n<li>Reuni\u00f3n de Mesa laboral el jueves 10 de abril a las 11 horas.<\/li>\n<li>Apertura de la paritaria salarial en el mes de junio.<\/li>\n<\/ol>\n<p>De esta forma, ATE ampl\u00eda la representaci\u00f3n de las y los municipales del Valle de Traslasierra.<\/p>\n<p>&nbsp;<\/p>\n","protected":false},"excerpt":{"rendered":"<p>ATE logr\u00f3 esta ma\u00f1ana el reconocimiento del \u00e1mbito de representaci\u00f3n de las y los trabajadores municipales en la Comuna de Los Hornillos, ubicada en el Valle de Traslasierra. Se trata de un importante paso institucional que otorga garant\u00edas para la actuaci\u00f3n de nuestra organizaci\u00f3n en la localidad. El acuerdo se sell\u00f3 en una audiencia que [&hellip;]<\/p>\n","protected":false},"author":7,"featured_media":47939,"comment_status":"open","ping_status":"open","sticky":false,"template":"","format":"standard","meta":{"_exactmetrics_skip_tracking":false,"_exactmetrics_sitenote_active":false,"_exactmetrics_sitenote_note":"","_exactmetrics_sitenote_category":0,"jnews-multi-image_gallery":[],"jnews_single_post":{"format":"standard","override":[{"template":"1","parallax":"1","fullscreen":"1","layout":"no-sidebar-narrow","sidebar":"default-sidebar","second_sidebar":"default-sidebar","sticky_sidebar":"1","share_position":"bottom","share_float_style":"share-monocrhome","show_share_counter":"1","show_view_counter":"1","show_post_meta":"1","show_post_author_image":"1","show_post_date":"1","post_date_format":"default","post_date_format_custom":"Y\/m\/d","show_post_category":"1","show_post_reading_time":"0","post_reading_time_wpm":"300","post_calculate_word_method":"str_word_count","show_zoom_button":"0","zoom_button_out_step":"2","zoom_button_in_step":"3","show_post_tag":"1","number_popup_post":"1","show_post_related":"1","show_inline_post_related":"0"}],"image_override":[{"single_post_thumbnail_size":"crop-500","single_post_gallery_size":"crop-500"}],"trending_post_position":"meta","trending_post_label":"Trending","sponsored_post_label":"Sponsored by","disable_ad":"0"},"jnews_primary_category":[],"jnews_social_meta":[],"jnews_review":[],"enable_review":"","type":"percentage","name":"","summary":"","brand":"","sku":"","good":[],"bad":[],"score_override":"","override_value":"","rating":[],"price":[],"jnews_override_counter":{"view_counter_number":"0","share_counter_number":"0","like_counter_number":"0","dislike_counter_number":"0"},"jnews_post_split":{"post_split":[{"template":"1","tag":"h2","numbering":"asc","mode":"normal","first":"0","enable_toc":"0","toc_type":"normal"}]},"footnotes":""},"categories":[20],"tags":[26,1482,24,1352],"class_list":["post-47936","post","type-post","status-publish","format-standard","has-post-thumbnail","hentry","category-municipales","tag-ate","tag-los-hornillos","tag-municipales-2","tag-valle-de-traslasierra"],"jetpack_featured_media_url":"https:\/\/atecordoba.org\/wp-content\/uploads\/2025\/03\/WhatsApp-Image-2025-03-13-at-13.06.33-1-scaled.jpeg","_links":{"self":[{"href":"https:\/\/atecordoba.org\/index.php?rest_route=\/wp\/v2\/posts\/47936","targetHints":{"allow":["GET"]}}],"collection":[{"href":"https:\/\/atecordoba.org\/index.php?rest_route=\/wp\/v2\/posts"}],"about":[{"href":"https:\/\/atecordoba.org\/index.php?rest_route=\/wp\/v2\/types\/post"}],"author":[{"embeddable":true,"href":"https:\/\/atecordoba.org\/index.php?rest_route=\/wp\/v2\/users\/7"}],"replies":[{"embeddable":true,"href":"https:\/\/atecordoba.org\/index.php?rest_route=%2Fwp%2Fv2%2Fcomments&post=47936"}],"version-history":[{"count":1,"href":"https:\/\/atecordoba.org\/index.php?rest_route=\/wp\/v2\/posts\/47936\/revisions"}],"predecessor-version":[{"id":47940,"href":"https:\/\/atecordoba.org\/index.php?rest_route=\/wp\/v2\/posts\/47936\/revisions\/47940"}],"wp:featuredmedia":[{"embeddable":true,"href":"https:\/\/atecordoba.org\/index.php?rest_route=\/wp\/v2\/media\/47939"}],"wp:attachment":[{"href":"https:\/\/atecordoba.org\/index.php?rest_route=%2Fwp%2Fv2%2Fmedia&parent=47936"}],"wp:term":[{"taxonomy":"category","embeddable":true,"href":"https:\/\/atecordoba.org\/index.php?rest_route=%2Fwp%2Fv2%2Fcategories&post=47936"},{"taxonomy":"post_tag","embeddable":true,"href":"https:\/\/atecordoba.org\/index.php?rest_route=%2Fwp%2Fv2%2Ftags&post=47936"}],"curies":[{"name":"wp","href":"https:\/\/api.w.org\/{rel}","templated":true}]}}