{"id":47922,"date":"2025-03-13T11:25:27","date_gmt":"2025-03-13T14:25:27","guid":{"rendered":"https:\/\/atecordoba.org\/?p=47922"},"modified":"2025-03-13T11:27:06","modified_gmt":"2025-03-13T14:27:06","slug":"rio-primero-en-audiencia-paritaria-ate-tipo-60-de-aumento-salarial-para-el-trimestre-abril-junio","status":"publish","type":"post","link":"https:\/\/atecordoba.org\/?p=47922","title":{"rendered":"R\u00edo Primero: En audiencia paritaria ATE pidi\u00f3 un 60% de aumento salarial para el trimestre abril-junio"},"content":{"rendered":"<p><img loading=\"lazy\" decoding=\"async\" class=\"aligncenter wp-image-47923 \" src=\"https:\/\/atecordoba.org\/wp-content\/uploads\/2025\/03\/ate-rio-primero-bandera-1024x576.jpg\" alt=\"\" width=\"659\" height=\"371\" \/>En una audiencia paritaria realizada esta ma\u00f1ana en la Municipalidad de R\u00edo Primero, ATE C\u00f3rdoba solicit\u00f3 al Departamento Ejecutivo una aumento salarial de 60% para el trimestre abril-mayo-junio.<\/p>\n<p>La comitiva de ATE estuvo integrada por los delegados Jos\u00e9 Baigorria y Pamela Guti\u00e9rrez, acompa\u00f1ados por el secretario Gremial del Consejo Directivo Provincial, Jorge Chalup, y la integrante de la conducci\u00f3n Valeria Beltr\u00e1n. En tanto, la delegaci\u00f3n de la patronal cont\u00f3 con la participaci\u00f3n de la secretaria de Econom\u00eda de R\u00edo Primero, Mariana Luque Vilosio y su par de Gobierno, Romina Villagr\u00e1n.<\/p>\n<p>En las tratativas, ATE solicit\u00f3 que la recomposici\u00f3n impacto en los b\u00e1sicos salariales, al tiempo que traslado el reclamo de pase as planta del personal precarizado, recategorizaciones pendientes y puesta en marcha del proyecto de licencia por violencia de g\u00e9nero, presentado por ATE con anterioridad.<\/p>\n<p>Por su parte, la Municipalidad ofreci\u00f3 que los criterios para las recategorizaciones se realicen en base a la antig\u00fcedad y proximidad a la edad jubilatorio, junto a la responsabilidad de cada agente por \u00e1rea, quedando pendiente para la pr\u00f3xima reuni\u00f3n fijar los plazos y cantidad de personal involucrado. Adem\u00e1s, las funcionarias entregaron un borrador para trabajar sobre la reglamentaci\u00f3n de licencias, puntualidad y presentismo.<\/p>\n<p>Las partes acordaron realizar la siguiente audiencia el pr\u00f3ximo lunes 18 de marzo, para seguir avanzando en las negociaciones.<\/p>\n<p><img loading=\"lazy\" decoding=\"async\" class=\"aligncenter wp-image-47925 size-large\" src=\"https:\/\/atecordoba.org\/wp-content\/uploads\/2025\/03\/WhatsApp-Image-2025-03-13-at-10.32.54-1-734x1024.jpeg\" alt=\"\" width=\"734\" height=\"1024\" srcset=\"https:\/\/atecordoba.org\/wp-content\/uploads\/2025\/03\/WhatsApp-Image-2025-03-13-at-10.32.54-1-734x1024.jpeg 734w, https:\/\/atecordoba.org\/wp-content\/uploads\/2025\/03\/WhatsApp-Image-2025-03-13-at-10.32.54-1-215x300.jpeg 215w, https:\/\/atecordoba.org\/wp-content\/uploads\/2025\/03\/WhatsApp-Image-2025-03-13-at-10.32.54-1-768x1071.jpeg 768w, https:\/\/atecordoba.org\/wp-content\/uploads\/2025\/03\/WhatsApp-Image-2025-03-13-at-10.32.54-1-750x1046.jpeg 750w, https:\/\/atecordoba.org\/wp-content\/uploads\/2025\/03\/WhatsApp-Image-2025-03-13-at-10.32.54-1.jpeg 918w\" sizes=\"auto, (max-width: 734px) 100vw, 734px\" \/><\/p>\n","protected":false},"excerpt":{"rendered":"<p>En una audiencia paritaria realizada esta ma\u00f1ana en la Municipalidad de R\u00edo Primero, ATE C\u00f3rdoba solicit\u00f3 al Departamento Ejecutivo una aumento salarial de 60% para el trimestre abril-mayo-junio. La comitiva de ATE estuvo integrada por los delegados Jos\u00e9 Baigorria y Pamela Guti\u00e9rrez, acompa\u00f1ados por el secretario Gremial del Consejo Directivo Provincial, Jorge Chalup, y la [&hellip;]<\/p>\n","protected":false},"author":7,"featured_media":47923,"comment_status":"open","ping_status":"open","sticky":false,"template":"","format":"standard","meta":{"_exactmetrics_skip_tracking":false,"_exactmetrics_sitenote_active":false,"_exactmetrics_sitenote_note":"","_exactmetrics_sitenote_category":0,"jnews-multi-image_gallery":[],"jnews_single_post":{"format":"standard","override":[{"template":"1","parallax":"1","fullscreen":"1","layout":"no-sidebar-narrow","sidebar":"default-sidebar","second_sidebar":"default-sidebar","sticky_sidebar":"1","share_position":"bottom","share_float_style":"share-monocrhome","show_share_counter":"1","show_view_counter":"1","show_post_meta":"1","show_post_author_image":"1","show_post_date":"1","post_date_format":"default","post_date_format_custom":"Y\/m\/d","show_post_category":"1","show_post_reading_time":"0","post_reading_time_wpm":"300","post_calculate_word_method":"str_word_count","show_zoom_button":"0","zoom_button_out_step":"2","zoom_button_in_step":"3","show_post_tag":"1","number_popup_post":"1","show_post_related":"1","show_inline_post_related":"0"}],"image_override":[{"single_post_thumbnail_size":"crop-500","single_post_gallery_size":"crop-500"}],"trending_post_position":"meta","trending_post_label":"Trending","sponsored_post_label":"Sponsored by","disable_ad":"0"},"jnews_primary_category":[],"jnews_social_meta":[],"jnews_review":[],"enable_review":"","type":"percentage","name":"","summary":"","brand":"","sku":"","good":[],"bad":[],"score_override":"","override_value":"","rating":[],"price":[],"jnews_override_counter":{"view_counter_number":"0","share_counter_number":"0","like_counter_number":"0","dislike_counter_number":"0"},"jnews_post_split":{"post_split":[{"template":"1","tag":"h2","numbering":"asc","mode":"normal","first":"0","enable_toc":"0","toc_type":"normal"}]},"footnotes":""},"categories":[20],"tags":[1110],"class_list":["post-47922","post","type-post","status-publish","format-standard","has-post-thumbnail","hentry","category-municipales","tag-rio-primero"],"jetpack_featured_media_url":"https:\/\/atecordoba.org\/wp-content\/uploads\/2025\/03\/ate-rio-primero-bandera-e1741875855510.jpg","_links":{"self":[{"href":"https:\/\/atecordoba.org\/index.php?rest_route=\/wp\/v2\/posts\/47922","targetHints":{"allow":["GET"]}}],"collection":[{"href":"https:\/\/atecordoba.org\/index.php?rest_route=\/wp\/v2\/posts"}],"about":[{"href":"https:\/\/atecordoba.org\/index.php?rest_route=\/wp\/v2\/types\/post"}],"author":[{"embeddable":true,"href":"https:\/\/atecordoba.org\/index.php?rest_route=\/wp\/v2\/users\/7"}],"replies":[{"embeddable":true,"href":"https:\/\/atecordoba.org\/index.php?rest_route=%2Fwp%2Fv2%2Fcomments&post=47922"}],"version-history":[{"count":3,"href":"https:\/\/atecordoba.org\/index.php?rest_route=\/wp\/v2\/posts\/47922\/revisions"}],"predecessor-version":[{"id":47927,"href":"https:\/\/atecordoba.org\/index.php?rest_route=\/wp\/v2\/posts\/47922\/revisions\/47927"}],"wp:featuredmedia":[{"embeddable":true,"href":"https:\/\/atecordoba.org\/index.php?rest_route=\/wp\/v2\/media\/47923"}],"wp:attachment":[{"href":"https:\/\/atecordoba.org\/index.php?rest_route=%2Fwp%2Fv2%2Fmedia&parent=47922"}],"wp:term":[{"taxonomy":"category","embeddable":true,"href":"https:\/\/atecordoba.org\/index.php?rest_route=%2Fwp%2Fv2%2Fcategories&post=47922"},{"taxonomy":"post_tag","embeddable":true,"href":"https:\/\/atecordoba.org\/index.php?rest_route=%2Fwp%2Fv2%2Ftags&post=47922"}],"curies":[{"name":"wp","href":"https:\/\/api.w.org\/{rel}","templated":true}]}}