{"id":47914,"date":"2025-03-13T10:09:59","date_gmt":"2025-03-13T13:09:59","guid":{"rendered":"https:\/\/atecordoba.org\/?p=47914"},"modified":"2025-03-13T10:28:31","modified_gmt":"2025-03-13T13:28:31","slug":"repudio-a-la-brutal-represion-del-gobierno-a-la-marcha-de-los-jubilados","status":"publish","type":"post","link":"https:\/\/atecordoba.org\/?p=47914","title":{"rendered":"Repudio a la brutal represi\u00f3n del gobierno a la marcha de los jubilados"},"content":{"rendered":"<p><img loading=\"lazy\" decoding=\"async\" class=\"aligncenter wp-image-47915 \" src=\"https:\/\/atecordoba.org\/wp-content\/uploads\/2025\/03\/foto-represion-jubilados.png\" alt=\"\" width=\"632\" height=\"421\" \/>El Consejo Directivo Provincial de ATE C\u00f3rdoba repudia la represi\u00f3n que el gobierno de Milei realiz\u00f3 ayer a la leg\u00edtima y pac\u00edfica movilizaci\u00f3n de las y los jubilados, que marcharon al Congreso Nacional como cada mi\u00e9rcoles en reclamo de salarios dignos.<\/p>\n<p>La violencia impuesta por las fuerzas represivas comandadas por la infame ministra Patricia Bullrich -al vergonzoso grito de \u201cvengan zurdos\u201d, en una r\u00e9plica de tiempos dictatoriales que este gobierno se empe\u00f1a en reivindicar en discurso y acci\u00f3n diariamente- se cobr\u00f3 un saldo de jubilados apaleados y gaseados, un trabajador de prensa baleado en la cabeza con una granada de gas lacrim\u00f3geno que se debate entre la vida y la muerte, y m\u00e1s de un centenar de detenidos.<\/p>\n<div id='gallery_1' class='gallery galleryid-47914 gallery-columns-2 gallery-size-thumbnail'><figure class='gallery-item'>\n                <div class='gallery-icon landscape'>\n                    <a href='https:\/\/atecordoba.org\/wp-content\/uploads\/2025\/03\/guiare-represion-jubilados.webp'><img loading=\"lazy\" decoding=\"async\" width=\"150\" height=\"150\" src=\"\" class=\"attachment-thumbnail size-thumbnail lazyload\" alt=\"\" data-src=\"https:\/\/atecordoba.org\/wp-content\/uploads\/2025\/03\/guiare-represion-jubilados-150x150.webp\" data-sizes=\"auto\" data-srcset=\"https:\/\/atecordoba.org\/wp-content\/uploads\/2025\/03\/guiare-represion-jubilados-150x150.webp 150w, https:\/\/atecordoba.org\/wp-content\/uploads\/2025\/03\/guiare-represion-jubilados-560x560.webp 560w, https:\/\/atecordoba.org\/wp-content\/uploads\/2025\/03\/guiare-represion-jubilados-75x75.webp 75w, https:\/\/atecordoba.org\/wp-content\/uploads\/2025\/03\/guiare-represion-jubilados-350x350.webp 350w\" data-expand=\"700\" \/><\/a>\n                <\/div><\/figure><figure class='gallery-item'>\n                <div class='gallery-icon portrait'>\n                    <a href='https:\/\/atecordoba.org\/wp-content\/uploads\/2025\/03\/estafador-milei.jpg'><img loading=\"lazy\" decoding=\"async\" width=\"150\" height=\"150\" src=\"\" class=\"attachment-thumbnail size-thumbnail lazyload\" alt=\"\" data-src=\"https:\/\/atecordoba.org\/wp-content\/uploads\/2025\/03\/estafador-milei-150x150.jpg\" data-sizes=\"auto\" data-srcset=\"https:\/\/atecordoba.org\/wp-content\/uploads\/2025\/03\/estafador-milei-150x150.jpg 150w, https:\/\/atecordoba.org\/wp-content\/uploads\/2025\/03\/estafador-milei-560x560.jpg 560w, https:\/\/atecordoba.org\/wp-content\/uploads\/2025\/03\/estafador-milei-75x75.jpg 75w, https:\/\/atecordoba.org\/wp-content\/uploads\/2025\/03\/estafador-milei-350x350.jpg 350w\" data-expand=\"700\" \/><\/a>\n                <\/div><\/figure><br style=\"clear: both\" \/>\n            <\/div>\n\n<p>La marcha cont\u00f3 con la participaci\u00f3n de ATE y la CTAA, junto a miles de compa\u00f1eros de diversas organizaciones, hinchadas de f\u00fatbol y militancias, que se aprestaban a rebalsar la Plaza de los Dos Congresos, cuando el gobierno desat\u00f3 la represi\u00f3n para evitar una manifestaci\u00f3n popular que ejerc\u00eda el derecho constitucional a la protesta. Todo esto da cuenta que Milei, como en muchas otra medidas, ha cruzado los l\u00edmites de la legalidad para convertirse en un aut\u00f3crata antidemocr\u00e1tico.<\/p>\n<p><img loading=\"lazy\" decoding=\"async\" class=\"aligncenter wp-image-47917 \" src=\"https:\/\/atecordoba.org\/wp-content\/uploads\/2025\/03\/foto-represion-jubilados-fotografo.png\" alt=\"\" width=\"629\" height=\"368\" srcset=\"https:\/\/atecordoba.org\/wp-content\/uploads\/2025\/03\/foto-represion-jubilados-fotografo.png 1024w, https:\/\/atecordoba.org\/wp-content\/uploads\/2025\/03\/foto-represion-jubilados-fotografo-300x176.png 300w, https:\/\/atecordoba.org\/wp-content\/uploads\/2025\/03\/foto-represion-jubilados-fotografo-768x450.png 768w, https:\/\/atecordoba.org\/wp-content\/uploads\/2025\/03\/foto-represion-jubilados-fotografo-750x439.png 750w\" sizes=\"auto, (max-width: 629px) 100vw, 629px\" \/><\/p>\n<p>El circo en que el gobierno ha convertido al Congreso Nacional, con peleas a las trompadas entre oficialistas y ex oficialistas y maniobras de todo tipo para impedir el funcionamiento de uno de los poderes del Estado, solo completa un cuadro penoso que debe ser superado con organizaci\u00f3n popular y una pol\u00edtica en defensa de los derechos de la poblaci\u00f3n, sometida a la pobreza extrema y el hambre.<\/p>\n<p>Desde ATE C\u00f3rdoba nos solidarizamos con todas y todos los heridos y detenidos, exigimos el fin de la pol\u00edtica represiva y nos comprometemos a seguir en las calles, reclamando por nuestros derechos, atropellados por un gobierno de indudable car\u00e1cter fascista.<\/p>\n<p>&nbsp;<\/p>\n","protected":false},"excerpt":{"rendered":"<p>El Consejo Directivo Provincial de ATE C\u00f3rdoba repudia la represi\u00f3n que el gobierno de Milei realiz\u00f3 ayer a la leg\u00edtima y pac\u00edfica movilizaci\u00f3n de las y los jubilados, que marcharon al Congreso Nacional como cada mi\u00e9rcoles en reclamo de salarios dignos. La violencia impuesta por las fuerzas represivas comandadas por la infame ministra Patricia Bullrich [&hellip;]<\/p>\n","protected":false},"author":7,"featured_media":47915,"comment_status":"open","ping_status":"open","sticky":false,"template":"","format":"standard","meta":{"_exactmetrics_skip_tracking":false,"_exactmetrics_sitenote_active":false,"_exactmetrics_sitenote_note":"","_exactmetrics_sitenote_category":0,"jnews-multi-image_gallery":[],"jnews_single_post":{"format":"standard","override":[{"template":"1","parallax":"1","fullscreen":"1","layout":"no-sidebar-narrow","sidebar":"default-sidebar","second_sidebar":"default-sidebar","sticky_sidebar":"1","share_position":"bottom","share_float_style":"share-monocrhome","show_share_counter":"1","show_view_counter":"1","show_post_meta":"1","show_post_author_image":"1","show_post_date":"1","post_date_format":"default","post_date_format_custom":"Y\/m\/d","show_post_category":"1","show_post_reading_time":"0","post_reading_time_wpm":"300","post_calculate_word_method":"str_word_count","show_zoom_button":"0","zoom_button_out_step":"2","zoom_button_in_step":"3","show_post_tag":"1","number_popup_post":"1","show_post_related":"1","show_inline_post_related":"0"}],"image_override":[{"single_post_thumbnail_size":"crop-500","single_post_gallery_size":"crop-500"}],"trending_post_position":"meta","trending_post_label":"Trending","sponsored_post_label":"Sponsored by","disable_ad":"0"},"jnews_primary_category":[],"jnews_social_meta":[],"jnews_review":[],"enable_review":"","type":"percentage","name":"","summary":"","brand":"","sku":"","good":[],"bad":[],"score_override":"","override_value":"","rating":[],"price":[],"jnews_override_counter":{"view_counter_number":"0","share_counter_number":"0","like_counter_number":"0","dislike_counter_number":"0"},"jnews_post_split":{"post_split":[{"template":"1","tag":"h2","numbering":"asc","mode":"normal","first":"0","enable_toc":"0","toc_type":"normal"}]},"footnotes":""},"categories":[341],"tags":[1323,23,1420,378],"class_list":["post-47914","post","type-post","status-publish","format-standard","has-post-thumbnail","hentry","category-cdp","tag-javier-milei","tag-jubilados-2","tag-patricia-bullrich","tag-represion-policial"],"jetpack_featured_media_url":"https:\/\/atecordoba.org\/wp-content\/uploads\/2025\/03\/foto-represion-jubilados-e1741871333661.png","_links":{"self":[{"href":"https:\/\/atecordoba.org\/index.php?rest_route=\/wp\/v2\/posts\/47914","targetHints":{"allow":["GET"]}}],"collection":[{"href":"https:\/\/atecordoba.org\/index.php?rest_route=\/wp\/v2\/posts"}],"about":[{"href":"https:\/\/atecordoba.org\/index.php?rest_route=\/wp\/v2\/types\/post"}],"author":[{"embeddable":true,"href":"https:\/\/atecordoba.org\/index.php?rest_route=\/wp\/v2\/users\/7"}],"replies":[{"embeddable":true,"href":"https:\/\/atecordoba.org\/index.php?rest_route=%2Fwp%2Fv2%2Fcomments&post=47914"}],"version-history":[{"count":2,"href":"https:\/\/atecordoba.org\/index.php?rest_route=\/wp\/v2\/posts\/47914\/revisions"}],"predecessor-version":[{"id":47920,"href":"https:\/\/atecordoba.org\/index.php?rest_route=\/wp\/v2\/posts\/47914\/revisions\/47920"}],"wp:featuredmedia":[{"embeddable":true,"href":"https:\/\/atecordoba.org\/index.php?rest_route=\/wp\/v2\/media\/47915"}],"wp:attachment":[{"href":"https:\/\/atecordoba.org\/index.php?rest_route=%2Fwp%2Fv2%2Fmedia&parent=47914"}],"wp:term":[{"taxonomy":"category","embeddable":true,"href":"https:\/\/atecordoba.org\/index.php?rest_route=%2Fwp%2Fv2%2Fcategories&post=47914"},{"taxonomy":"post_tag","embeddable":true,"href":"https:\/\/atecordoba.org\/index.php?rest_route=%2Fwp%2Fv2%2Ftags&post=47914"}],"curies":[{"name":"wp","href":"https:\/\/api.w.org\/{rel}","templated":true}]}}